{"id":32696,"date":"2022-07-11T10:51:34","date_gmt":"2022-07-11T13:51:34","guid":{"rendered":"https:\/\/atecordoba.org\/?p=32696"},"modified":"2022-07-11T10:53:18","modified_gmt":"2022-07-11T13:53:18","slug":"tras-el-plenario-de-trabajadoras-del-paicor-y-auxiliares-escolares-en-rio-tercero-ate-y-ctaa-marcharan-a-casa-de-gobierno","status":"publish","type":"post","link":"https:\/\/atecordoba.org\/?p=32696","title":{"rendered":"Tras el plenario de trabajadoras del PAICOR y Auxiliares Escolares en R\u00edo Tercero, ATE y CTAA marchar\u00e1n a Casa de Gobierno"},"content":{"rendered":"\n<p>Este s\u00e1bado en la Plaza San Mart\u00edn de R\u00edo Tercero, se llev\u00f3 a cabo el Encuentro Provincial de Trabajadoras del Programa de Asistencia Integral C\u00f3rdoba (PAICOR) y Auxiliares Escolares convocada por ATE y la CTA Aut\u00f3noma C\u00f3rdoba. La Asamblea resolvi\u00f3 hacer firmar un petitorio conteniendo el pliego de reivindicaciones y marchar el pr\u00f3ximo 28 de julio hacia la Legislatura y la Casa de Gobierno para exigir estabilidad laboral y salarios acordes con el costo de la Canasta Familiar<\/p>\n\n\n\n<figure class=\"wp-block-gallery has-nested-images columns-2 is-cropped wp-block-gallery-1 is-layout-flex wp-block-gallery-is-layout-flex\">\n<figure class=\"wp-block-image size-large\"><a href=\"https:\/\/atecordoba.org\/wp-content\/uploads\/2022\/07\/291702733_10160043258304805_6982793515016259663_n.jpg\" target=\"_blank\" rel=\"noopener\"><img loading=\"lazy\" decoding=\"async\" width=\"1024\" height=\"576\" data-id=\"32700\" src=\"https:\/\/atecordoba.org\/wp-content\/uploads\/2022\/07\/291702733_10160043258304805_6982793515016259663_n-1024x576.jpg\" alt=\"\" class=\"wp-image-32700\" srcset=\"https:\/\/atecordoba.org\/wp-content\/uploads\/2022\/07\/291702733_10160043258304805_6982793515016259663_n-1024x576.jpg 1024w, https:\/\/atecordoba.org\/wp-content\/uploads\/2022\/07\/291702733_10160043258304805_6982793515016259663_n-300x169.jpg 300w, https:\/\/atecordoba.org\/wp-content\/uploads\/2022\/07\/291702733_10160043258304805_6982793515016259663_n-768x432.jpg 768w, https:\/\/atecordoba.org\/wp-content\/uploads\/2022\/07\/291702733_10160043258304805_6982793515016259663_n-750x422.jpg 750w, https:\/\/atecordoba.org\/wp-content\/uploads\/2022\/07\/291702733_10160043258304805_6982793515016259663_n.jpg 1080w\" sizes=\"auto, (max-width: 1024px) 100vw, 1024px\" \/><\/a><\/figure>\n\n\n\n<figure class=\"wp-block-image size-large\"><a href=\"https:\/\/atecordoba.org\/wp-content\/uploads\/2022\/07\/292436276_10160043258299805_1265264647236057016_n.jpg\" target=\"_blank\" rel=\"noopener\"><img loading=\"lazy\" decoding=\"async\" width=\"1024\" height=\"576\" data-id=\"32699\" src=\"https:\/\/atecordoba.org\/wp-content\/uploads\/2022\/07\/292436276_10160043258299805_1265264647236057016_n-1024x576.jpg\" alt=\"\" class=\"wp-image-32699\" srcset=\"https:\/\/atecordoba.org\/wp-content\/uploads\/2022\/07\/292436276_10160043258299805_1265264647236057016_n-1024x576.jpg 1024w, https:\/\/atecordoba.org\/wp-content\/uploads\/2022\/07\/292436276_10160043258299805_1265264647236057016_n-300x169.jpg 300w, https:\/\/atecordoba.org\/wp-content\/uploads\/2022\/07\/292436276_10160043258299805_1265264647236057016_n-768x432.jpg 768w, https:\/\/atecordoba.org\/wp-content\/uploads\/2022\/07\/292436276_10160043258299805_1265264647236057016_n-750x422.jpg 750w, https:\/\/atecordoba.org\/wp-content\/uploads\/2022\/07\/292436276_10160043258299805_1265264647236057016_n.jpg 1080w\" sizes=\"auto, (max-width: 1024px) 100vw, 1024px\" \/><\/a><\/figure>\n\n\n\n<figure class=\"wp-block-image size-large\"><a href=\"https:\/\/atecordoba.org\/wp-content\/uploads\/2022\/07\/292518320_10160043258309805_1265939078653058138_n.jpg\" target=\"_blank\" rel=\"noopener\"><img loading=\"lazy\" decoding=\"async\" width=\"1024\" height=\"576\" data-id=\"32698\" src=\"https:\/\/atecordoba.org\/wp-content\/uploads\/2022\/07\/292518320_10160043258309805_1265939078653058138_n-1024x576.jpg\" alt=\"\" class=\"wp-image-32698\" srcset=\"https:\/\/atecordoba.org\/wp-content\/uploads\/2022\/07\/292518320_10160043258309805_1265939078653058138_n-1024x576.jpg 1024w, https:\/\/atecordoba.org\/wp-content\/uploads\/2022\/07\/292518320_10160043258309805_1265939078653058138_n-300x169.jpg 300w, https:\/\/atecordoba.org\/wp-content\/uploads\/2022\/07\/292518320_10160043258309805_1265939078653058138_n-768x432.jpg 768w, https:\/\/atecordoba.org\/wp-content\/uploads\/2022\/07\/292518320_10160043258309805_1265939078653058138_n-750x422.jpg 750w, https:\/\/atecordoba.org\/wp-content\/uploads\/2022\/07\/292518320_10160043258309805_1265939078653058138_n.jpg 1080w\" sizes=\"auto, (max-width: 1024px) 100vw, 1024px\" \/><\/a><\/figure>\n\n\n\n<figure class=\"wp-block-image size-large\"><a href=\"https:\/\/atecordoba.org\/wp-content\/uploads\/2022\/07\/WhatsApp-Image-2022-07-09-at-10.57.24-AM.jpeg\" target=\"_blank\" rel=\"noopener\"><img loading=\"lazy\" decoding=\"async\" width=\"1024\" height=\"576\" data-id=\"32697\" src=\"https:\/\/atecordoba.org\/wp-content\/uploads\/2022\/07\/WhatsApp-Image-2022-07-09-at-10.57.24-AM-1024x576.jpeg\" alt=\"\" class=\"wp-image-32697\" srcset=\"https:\/\/atecordoba.org\/wp-content\/uploads\/2022\/07\/WhatsApp-Image-2022-07-09-at-10.57.24-AM-1024x576.jpeg 1024w, https:\/\/atecordoba.org\/wp-content\/uploads\/2022\/07\/WhatsApp-Image-2022-07-09-at-10.57.24-AM-300x169.jpeg 300w, https:\/\/atecordoba.org\/wp-content\/uploads\/2022\/07\/WhatsApp-Image-2022-07-09-at-10.57.24-AM-768x432.jpeg 768w, https:\/\/atecordoba.org\/wp-content\/uploads\/2022\/07\/WhatsApp-Image-2022-07-09-at-10.57.24-AM-750x422.jpeg 750w, https:\/\/atecordoba.org\/wp-content\/uploads\/2022\/07\/WhatsApp-Image-2022-07-09-at-10.57.24-AM-1140x642.jpeg 1140w, https:\/\/atecordoba.org\/wp-content\/uploads\/2022\/07\/WhatsApp-Image-2022-07-09-at-10.57.24-AM.jpeg 1160w\" sizes=\"auto, (max-width: 1024px) 100vw, 1024px\" \/><\/a><\/figure>\n<\/figure>\n\n\n\n<p>El Secretario General de ATE y la CTA-A C\u00f3rdoba, Federico Giuliani, fue el orador principal del acto.&nbsp;Embisti\u00f3 con dureza contra \u201clas pol\u00edticas de precarizaci\u00f3n que lleva adelante el Gobierno de Schiaretti contra el conjunto de las trabajadoras que contribuyen a que funcione la Educaci\u00f3n P\u00fablica en la provincial\u201d.<\/p>\n\n\n\n<p>Y agreg\u00f3: \u201cEllos nos quieren divididos, fragmentados. Nosotros tenemos que luchar contra el sectarismo, los personalismos y el ego\u00edsmo para construir poder popular planteando la unidad hasta que duela\u201d. En otro momento de su discurso, Giuliani expres\u00f3: \u201cHoy estamos ac\u00e1 porque hay que poner el cuerpo para hacer lo que se dice. No formamos parte de los bur\u00f3cratas que pregonan el \u2018anim\u00e9monos y vayan\u2019, como dec\u00eda Don Arturo Jauretche\u201d<\/p>\n\n\n\n<p>\u201cVamos a dar la pelea para que haya estabilidad en el trabajo y salarios dignos. La pelea se puede ganar, empatar o perder, pero cuando volvamos a nuestras casas y nos sentemos a la mesa podremos mirar de frente a nuestros hijos y decirles que lo dimos todo sin transar con el poder. Podr\u00e1n quitarnos el trabajo y pagarnos salarios de miseria, pero jam\u00e1s nos van a robar la dignidad\u201d, bram\u00f3 el dirigente estatal.<\/p>\n\n\n\n<figure class=\"wp-block-gallery has-nested-images columns-4 is-cropped wp-block-gallery-2 is-layout-flex wp-block-gallery-is-layout-flex\">\n<figure class=\"wp-block-image size-large\"><a href=\"https:\/\/atecordoba.org\/wp-content\/uploads\/2022\/07\/WhatsApp-Image-2022-07-09-at-10.57.25-AM-2.jpeg\" target=\"_blank\" rel=\"noopener\"><img loading=\"lazy\" decoding=\"async\" width=\"1024\" height=\"576\" data-id=\"32701\" src=\"https:\/\/atecordoba.org\/wp-content\/uploads\/2022\/07\/WhatsApp-Image-2022-07-09-at-10.57.25-AM-2-1024x576.jpeg\" alt=\"\" class=\"wp-image-32701\" srcset=\"https:\/\/atecordoba.org\/wp-content\/uploads\/2022\/07\/WhatsApp-Image-2022-07-09-at-10.57.25-AM-2-1024x576.jpeg 1024w, https:\/\/atecordoba.org\/wp-content\/uploads\/2022\/07\/WhatsApp-Image-2022-07-09-at-10.57.25-AM-2-300x169.jpeg 300w, https:\/\/atecordoba.org\/wp-content\/uploads\/2022\/07\/WhatsApp-Image-2022-07-09-at-10.57.25-AM-2-768x432.jpeg 768w, https:\/\/atecordoba.org\/wp-content\/uploads\/2022\/07\/WhatsApp-Image-2022-07-09-at-10.57.25-AM-2-750x422.jpeg 750w, https:\/\/atecordoba.org\/wp-content\/uploads\/2022\/07\/WhatsApp-Image-2022-07-09-at-10.57.25-AM-2-1140x642.jpeg 1140w, https:\/\/atecordoba.org\/wp-content\/uploads\/2022\/07\/WhatsApp-Image-2022-07-09-at-10.57.25-AM-2.jpeg 1160w\" sizes=\"auto, (max-width: 1024px) 100vw, 1024px\" \/><\/a><\/figure>\n\n\n\n<figure class=\"wp-block-image size-large\"><a href=\"https:\/\/atecordoba.org\/wp-content\/uploads\/2022\/07\/WhatsApp-Image-2022-07-09-at-12.52.47-PM-1.jpeg\" target=\"_blank\" rel=\"noopener\"><img loading=\"lazy\" decoding=\"async\" width=\"1024\" height=\"576\" data-id=\"32703\" src=\"https:\/\/atecordoba.org\/wp-content\/uploads\/2022\/07\/WhatsApp-Image-2022-07-09-at-12.52.47-PM-1-1024x576.jpeg\" alt=\"\" class=\"wp-image-32703\" srcset=\"https:\/\/atecordoba.org\/wp-content\/uploads\/2022\/07\/WhatsApp-Image-2022-07-09-at-12.52.47-PM-1-1024x576.jpeg 1024w, https:\/\/atecordoba.org\/wp-content\/uploads\/2022\/07\/WhatsApp-Image-2022-07-09-at-12.52.47-PM-1-300x169.jpeg 300w, https:\/\/atecordoba.org\/wp-content\/uploads\/2022\/07\/WhatsApp-Image-2022-07-09-at-12.52.47-PM-1-768x432.jpeg 768w, https:\/\/atecordoba.org\/wp-content\/uploads\/2022\/07\/WhatsApp-Image-2022-07-09-at-12.52.47-PM-1-1536x864.jpeg 1536w, https:\/\/atecordoba.org\/wp-content\/uploads\/2022\/07\/WhatsApp-Image-2022-07-09-at-12.52.47-PM-1-750x422.jpeg 750w, https:\/\/atecordoba.org\/wp-content\/uploads\/2022\/07\/WhatsApp-Image-2022-07-09-at-12.52.47-PM-1-1140x641.jpeg 1140w, https:\/\/atecordoba.org\/wp-content\/uploads\/2022\/07\/WhatsApp-Image-2022-07-09-at-12.52.47-PM-1.jpeg 1600w\" sizes=\"auto, (max-width: 1024px) 100vw, 1024px\" \/><\/a><\/figure>\n\n\n\n<figure class=\"wp-block-image size-large\"><a href=\"https:\/\/atecordoba.org\/wp-content\/uploads\/2022\/07\/WhatsApp-Image-2022-07-09-at-12.52.48-PM-1.jpeg\" target=\"_blank\" rel=\"noopener\"><img loading=\"lazy\" decoding=\"async\" width=\"1024\" height=\"576\" data-id=\"32708\" src=\"https:\/\/atecordoba.org\/wp-content\/uploads\/2022\/07\/WhatsApp-Image-2022-07-09-at-12.52.48-PM-1-1024x576.jpeg\" alt=\"\" class=\"wp-image-32708\" srcset=\"https:\/\/atecordoba.org\/wp-content\/uploads\/2022\/07\/WhatsApp-Image-2022-07-09-at-12.52.48-PM-1-1024x576.jpeg 1024w, https:\/\/atecordoba.org\/wp-content\/uploads\/2022\/07\/WhatsApp-Image-2022-07-09-at-12.52.48-PM-1-300x169.jpeg 300w, https:\/\/atecordoba.org\/wp-content\/uploads\/2022\/07\/WhatsApp-Image-2022-07-09-at-12.52.48-PM-1-768x432.jpeg 768w, https:\/\/atecordoba.org\/wp-content\/uploads\/2022\/07\/WhatsApp-Image-2022-07-09-at-12.52.48-PM-1-1536x864.jpeg 1536w, https:\/\/atecordoba.org\/wp-content\/uploads\/2022\/07\/WhatsApp-Image-2022-07-09-at-12.52.48-PM-1-750x422.jpeg 750w, https:\/\/atecordoba.org\/wp-content\/uploads\/2022\/07\/WhatsApp-Image-2022-07-09-at-12.52.48-PM-1-1140x641.jpeg 1140w, https:\/\/atecordoba.org\/wp-content\/uploads\/2022\/07\/WhatsApp-Image-2022-07-09-at-12.52.48-PM-1.jpeg 1600w\" sizes=\"auto, (max-width: 1024px) 100vw, 1024px\" \/><\/a><\/figure>\n\n\n\n<figure class=\"wp-block-image size-large\"><a href=\"https:\/\/atecordoba.org\/wp-content\/uploads\/2022\/07\/WhatsApp-Image-2022-07-09-at-12.52.48-PM.jpeg\" target=\"_blank\" rel=\"noopener\"><img loading=\"lazy\" decoding=\"async\" width=\"1024\" height=\"576\" data-id=\"32704\" src=\"https:\/\/atecordoba.org\/wp-content\/uploads\/2022\/07\/WhatsApp-Image-2022-07-09-at-12.52.48-PM-1024x576.jpeg\" alt=\"\" class=\"wp-image-32704\" srcset=\"https:\/\/atecordoba.org\/wp-content\/uploads\/2022\/07\/WhatsApp-Image-2022-07-09-at-12.52.48-PM-1024x576.jpeg 1024w, https:\/\/atecordoba.org\/wp-content\/uploads\/2022\/07\/WhatsApp-Image-2022-07-09-at-12.52.48-PM-300x169.jpeg 300w, https:\/\/atecordoba.org\/wp-content\/uploads\/2022\/07\/WhatsApp-Image-2022-07-09-at-12.52.48-PM-768x432.jpeg 768w, https:\/\/atecordoba.org\/wp-content\/uploads\/2022\/07\/WhatsApp-Image-2022-07-09-at-12.52.48-PM-1536x864.jpeg 1536w, https:\/\/atecordoba.org\/wp-content\/uploads\/2022\/07\/WhatsApp-Image-2022-07-09-at-12.52.48-PM-750x422.jpeg 750w, https:\/\/atecordoba.org\/wp-content\/uploads\/2022\/07\/WhatsApp-Image-2022-07-09-at-12.52.48-PM-1140x641.jpeg 1140w, https:\/\/atecordoba.org\/wp-content\/uploads\/2022\/07\/WhatsApp-Image-2022-07-09-at-12.52.48-PM.jpeg 1600w\" sizes=\"auto, (max-width: 1024px) 100vw, 1024px\" \/><\/a><\/figure>\n\n\n\n<figure class=\"wp-block-image size-large\"><a href=\"https:\/\/atecordoba.org\/wp-content\/uploads\/2022\/07\/WhatsApp-Image-2022-07-09-at-12.52.49-PM-1.jpeg\" target=\"_blank\" rel=\"noopener\"><img loading=\"lazy\" decoding=\"async\" width=\"1024\" height=\"576\" data-id=\"32702\" src=\"https:\/\/atecordoba.org\/wp-content\/uploads\/2022\/07\/WhatsApp-Image-2022-07-09-at-12.52.49-PM-1-1024x576.jpeg\" alt=\"\" class=\"wp-image-32702\" srcset=\"https:\/\/atecordoba.org\/wp-content\/uploads\/2022\/07\/WhatsApp-Image-2022-07-09-at-12.52.49-PM-1-1024x576.jpeg 1024w, https:\/\/atecordoba.org\/wp-content\/uploads\/2022\/07\/WhatsApp-Image-2022-07-09-at-12.52.49-PM-1-300x169.jpeg 300w, https:\/\/atecordoba.org\/wp-content\/uploads\/2022\/07\/WhatsApp-Image-2022-07-09-at-12.52.49-PM-1-768x432.jpeg 768w, https:\/\/atecordoba.org\/wp-content\/uploads\/2022\/07\/WhatsApp-Image-2022-07-09-at-12.52.49-PM-1-1536x864.jpeg 1536w, https:\/\/atecordoba.org\/wp-content\/uploads\/2022\/07\/WhatsApp-Image-2022-07-09-at-12.52.49-PM-1-750x422.jpeg 750w, https:\/\/atecordoba.org\/wp-content\/uploads\/2022\/07\/WhatsApp-Image-2022-07-09-at-12.52.49-PM-1-1140x641.jpeg 1140w, https:\/\/atecordoba.org\/wp-content\/uploads\/2022\/07\/WhatsApp-Image-2022-07-09-at-12.52.49-PM-1.jpeg 1600w\" sizes=\"auto, (max-width: 1024px) 100vw, 1024px\" \/><\/a><\/figure>\n\n\n\n<figure class=\"wp-block-image size-large\"><a href=\"https:\/\/atecordoba.org\/wp-content\/uploads\/2022\/07\/WhatsApp-Image-2022-07-09-at-12.52.49-PM-2.jpeg\" target=\"_blank\" rel=\"noopener\"><img loading=\"lazy\" decoding=\"async\" width=\"1024\" height=\"576\" data-id=\"32707\" src=\"https:\/\/atecordoba.org\/wp-content\/uploads\/2022\/07\/WhatsApp-Image-2022-07-09-at-12.52.49-PM-2-1024x576.jpeg\" alt=\"\" class=\"wp-image-32707\" srcset=\"https:\/\/atecordoba.org\/wp-content\/uploads\/2022\/07\/WhatsApp-Image-2022-07-09-at-12.52.49-PM-2-1024x576.jpeg 1024w, https:\/\/atecordoba.org\/wp-content\/uploads\/2022\/07\/WhatsApp-Image-2022-07-09-at-12.52.49-PM-2-300x169.jpeg 300w, https:\/\/atecordoba.org\/wp-content\/uploads\/2022\/07\/WhatsApp-Image-2022-07-09-at-12.52.49-PM-2-768x432.jpeg 768w, https:\/\/atecordoba.org\/wp-content\/uploads\/2022\/07\/WhatsApp-Image-2022-07-09-at-12.52.49-PM-2-1536x864.jpeg 1536w, https:\/\/atecordoba.org\/wp-content\/uploads\/2022\/07\/WhatsApp-Image-2022-07-09-at-12.52.49-PM-2-750x422.jpeg 750w, https:\/\/atecordoba.org\/wp-content\/uploads\/2022\/07\/WhatsApp-Image-2022-07-09-at-12.52.49-PM-2-1140x641.jpeg 1140w, https:\/\/atecordoba.org\/wp-content\/uploads\/2022\/07\/WhatsApp-Image-2022-07-09-at-12.52.49-PM-2.jpeg 1600w\" sizes=\"auto, (max-width: 1024px) 100vw, 1024px\" \/><\/a><\/figure>\n\n\n\n<figure class=\"wp-block-image size-large\"><a href=\"https:\/\/atecordoba.org\/wp-content\/uploads\/2022\/07\/WhatsApp-Image-2022-07-09-at-12.52.50-PM-1.jpeg\" target=\"_blank\" rel=\"noopener\"><img loading=\"lazy\" decoding=\"async\" width=\"1024\" height=\"576\" data-id=\"32705\" src=\"https:\/\/atecordoba.org\/wp-content\/uploads\/2022\/07\/WhatsApp-Image-2022-07-09-at-12.52.50-PM-1-1024x576.jpeg\" alt=\"\" class=\"wp-image-32705\" srcset=\"https:\/\/atecordoba.org\/wp-content\/uploads\/2022\/07\/WhatsApp-Image-2022-07-09-at-12.52.50-PM-1-1024x576.jpeg 1024w, https:\/\/atecordoba.org\/wp-content\/uploads\/2022\/07\/WhatsApp-Image-2022-07-09-at-12.52.50-PM-1-300x169.jpeg 300w, https:\/\/atecordoba.org\/wp-content\/uploads\/2022\/07\/WhatsApp-Image-2022-07-09-at-12.52.50-PM-1-768x432.jpeg 768w, https:\/\/atecordoba.org\/wp-content\/uploads\/2022\/07\/WhatsApp-Image-2022-07-09-at-12.52.50-PM-1-1536x864.jpeg 1536w, https:\/\/atecordoba.org\/wp-content\/uploads\/2022\/07\/WhatsApp-Image-2022-07-09-at-12.52.50-PM-1-750x422.jpeg 750w, https:\/\/atecordoba.org\/wp-content\/uploads\/2022\/07\/WhatsApp-Image-2022-07-09-at-12.52.50-PM-1-1140x641.jpeg 1140w, https:\/\/atecordoba.org\/wp-content\/uploads\/2022\/07\/WhatsApp-Image-2022-07-09-at-12.52.50-PM-1.jpeg 1600w\" sizes=\"auto, (max-width: 1024px) 100vw, 1024px\" \/><\/a><\/figure>\n\n\n\n<figure class=\"wp-block-image size-large\"><a href=\"https:\/\/atecordoba.org\/wp-content\/uploads\/2022\/07\/WhatsApp-Image-2022-07-09-at-12.52.53-PM-1.jpeg\" target=\"_blank\" rel=\"noopener\"><img loading=\"lazy\" decoding=\"async\" width=\"1024\" height=\"576\" data-id=\"32706\" src=\"https:\/\/atecordoba.org\/wp-content\/uploads\/2022\/07\/WhatsApp-Image-2022-07-09-at-12.52.53-PM-1-1024x576.jpeg\" alt=\"\" class=\"wp-image-32706\" srcset=\"https:\/\/atecordoba.org\/wp-content\/uploads\/2022\/07\/WhatsApp-Image-2022-07-09-at-12.52.53-PM-1-1024x576.jpeg 1024w, https:\/\/atecordoba.org\/wp-content\/uploads\/2022\/07\/WhatsApp-Image-2022-07-09-at-12.52.53-PM-1-300x169.jpeg 300w, https:\/\/atecordoba.org\/wp-content\/uploads\/2022\/07\/WhatsApp-Image-2022-07-09-at-12.52.53-PM-1-768x432.jpeg 768w, https:\/\/atecordoba.org\/wp-content\/uploads\/2022\/07\/WhatsApp-Image-2022-07-09-at-12.52.53-PM-1-1536x864.jpeg 1536w, https:\/\/atecordoba.org\/wp-content\/uploads\/2022\/07\/WhatsApp-Image-2022-07-09-at-12.52.53-PM-1-750x422.jpeg 750w, https:\/\/atecordoba.org\/wp-content\/uploads\/2022\/07\/WhatsApp-Image-2022-07-09-at-12.52.53-PM-1-1140x641.jpeg 1140w, https:\/\/atecordoba.org\/wp-content\/uploads\/2022\/07\/WhatsApp-Image-2022-07-09-at-12.52.53-PM-1.jpeg 1600w\" sizes=\"auto, (max-width: 1024px) 100vw, 1024px\" \/><\/a><\/figure>\n<\/figure>\n\n\n\n<p>Entre muchos otros y otras estuvieron los dirigentes del Consejo Directivo Provincial de ATE C\u00f3rdoba, Ricardo Reyna; C\u00e9sar Theaux; Jorge Chalup; Javier Bracamonte y Carina Arguello.<\/p>\n\n\n\n<p>Tambi\u00e9n lo hicieron Silvia Alcoba, Coordinadora Provincial de la Federaci\u00f3n Nacional Territorial (FeNaT-CTAA); Valeria Palacio, Secretaria de Acci\u00f3n Social de la Central Provincial; Adri\u00e1n \u201cTucu\u201d Sandoval, Delegado Coordinador del Sindicato de Trabajadores de la Industria de la Construcci\u00f3n (SITRAIC-CTAA); Lucas Felici, Secretario Gremial del Sindicato de Qu\u00edmicos y Petroqu\u00edmicos de R\u00edo Tercero junto a otros compa\u00f1eros de esa organizaci\u00f3n sindical; como as\u00ed tambi\u00e9n representantes del Sindicato de Aceiteros de Tancacha.<\/p>\n\n\n\n<p>Asistieron adem\u00e1s Ferm\u00edn Boloquy y Franco Ayesa, del Espacio de Juventudes de la CTA-A Provincial; Anal\u00eda Ram\u00f3n, Presidenta de la Junta Promotora del Sindicato de Trabajadores de la V\u00eda P\u00fablica (SITRAVIP-CTAA); Marcela Rodr\u00edguez; Santiago Rodr\u00edguez y Marcela Chavero de la FeNaT-CTAA R\u00edo Cuarto.<\/p>\n\n\n\n<p>\u00a0Las compa\u00f1eras afectadas por las pol\u00edticas precarizadoras son alrededor de 6 mil trabajadoras en toda las provincia que le dan de comer a 350 mil chicas y chicos de las escuelas estatales cordobesas, adem\u00e1s de realizar tareas de limpieza y mantenimiento edilicio.Cobran sueldos de 16 mil pesos y les descuentan el aporte a la Administraci\u00f3n Provincial del Seguro de Salud (APROSS) pero no pueden agregar a su familia para la cobertura. Adem\u00e1s, si tienen accidentes de trabajo y faltan a su puesto tienen que buscar su reemplazo para que no se caiga su programa. La precarizaci\u00f3n llega al punto de que algunas compa\u00f1eras dependen del Ministerio de Educaci\u00f3n pero otras tienen su v\u00ednculo laboral a trav\u00e9s de los los intendentes y jefes comunales.<\/p>\n\n\n\n<figure class=\"wp-block-gallery has-nested-images columns-2 is-cropped wp-block-gallery-3 is-layout-flex wp-block-gallery-is-layout-flex\">\n<figure class=\"wp-block-image size-large\"><a href=\"https:\/\/atecordoba.org\/wp-content\/uploads\/2022\/07\/292573312_5800641559979936_6347971482323829518_n.jpg\"><img loading=\"lazy\" decoding=\"async\" width=\"1024\" height=\"473\" data-id=\"32711\" src=\"https:\/\/atecordoba.org\/wp-content\/uploads\/2022\/07\/292573312_5800641559979936_6347971482323829518_n-1024x473.jpg\" alt=\"\" class=\"wp-image-32711\" srcset=\"https:\/\/atecordoba.org\/wp-content\/uploads\/2022\/07\/292573312_5800641559979936_6347971482323829518_n-1024x473.jpg 1024w, https:\/\/atecordoba.org\/wp-content\/uploads\/2022\/07\/292573312_5800641559979936_6347971482323829518_n-300x139.jpg 300w, https:\/\/atecordoba.org\/wp-content\/uploads\/2022\/07\/292573312_5800641559979936_6347971482323829518_n-768x355.jpg 768w, https:\/\/atecordoba.org\/wp-content\/uploads\/2022\/07\/292573312_5800641559979936_6347971482323829518_n-750x347.jpg 750w, https:\/\/atecordoba.org\/wp-content\/uploads\/2022\/07\/292573312_5800641559979936_6347971482323829518_n-1140x527.jpg 1140w, https:\/\/atecordoba.org\/wp-content\/uploads\/2022\/07\/292573312_5800641559979936_6347971482323829518_n.jpg 1385w\" sizes=\"auto, (max-width: 1024px) 100vw, 1024px\" \/><\/a><\/figure>\n\n\n\n<figure class=\"wp-block-image size-large\"><a href=\"https:\/\/atecordoba.org\/wp-content\/uploads\/2022\/07\/292863672_5800640866646672_3345017006511115861_n.jpg\"><img loading=\"lazy\" decoding=\"async\" width=\"960\" height=\"540\" data-id=\"32709\" src=\"https:\/\/atecordoba.org\/wp-content\/uploads\/2022\/07\/292863672_5800640866646672_3345017006511115861_n.jpg\" alt=\"\" class=\"wp-image-32709\" srcset=\"https:\/\/atecordoba.org\/wp-content\/uploads\/2022\/07\/292863672_5800640866646672_3345017006511115861_n.jpg 960w, https:\/\/atecordoba.org\/wp-content\/uploads\/2022\/07\/292863672_5800640866646672_3345017006511115861_n-300x169.jpg 300w, https:\/\/atecordoba.org\/wp-content\/uploads\/2022\/07\/292863672_5800640866646672_3345017006511115861_n-768x432.jpg 768w, https:\/\/atecordoba.org\/wp-content\/uploads\/2022\/07\/292863672_5800640866646672_3345017006511115861_n-750x422.jpg 750w\" sizes=\"auto, (max-width: 960px) 100vw, 960px\" \/><\/a><\/figure>\n\n\n\n<figure class=\"wp-block-image size-large\"><a href=\"https:\/\/atecordoba.org\/wp-content\/uploads\/2022\/07\/293067257_5800655923311833_7757221127019376240_n.jpg\"><img loading=\"lazy\" decoding=\"async\" width=\"731\" height=\"411\" data-id=\"32710\" src=\"https:\/\/atecordoba.org\/wp-content\/uploads\/2022\/07\/293067257_5800655923311833_7757221127019376240_n.jpg\" alt=\"\" class=\"wp-image-32710\" srcset=\"https:\/\/atecordoba.org\/wp-content\/uploads\/2022\/07\/293067257_5800655923311833_7757221127019376240_n.jpg 731w, https:\/\/atecordoba.org\/wp-content\/uploads\/2022\/07\/293067257_5800655923311833_7757221127019376240_n-300x169.jpg 300w\" sizes=\"auto, (max-width: 731px) 100vw, 731px\" \/><\/a><\/figure>\n\n\n\n<figure class=\"wp-block-image size-large\"><a href=\"https:\/\/atecordoba.org\/wp-content\/uploads\/2022\/07\/WhatsApp-Image-2022-07-09-at-12.52.53-PM.jpeg\"><img loading=\"lazy\" decoding=\"async\" width=\"1024\" height=\"576\" data-id=\"32712\" src=\"https:\/\/atecordoba.org\/wp-content\/uploads\/2022\/07\/WhatsApp-Image-2022-07-09-at-12.52.53-PM-1024x576.jpeg\" alt=\"\" class=\"wp-image-32712\" srcset=\"https:\/\/atecordoba.org\/wp-content\/uploads\/2022\/07\/WhatsApp-Image-2022-07-09-at-12.52.53-PM-1024x576.jpeg 1024w, https:\/\/atecordoba.org\/wp-content\/uploads\/2022\/07\/WhatsApp-Image-2022-07-09-at-12.52.53-PM-300x169.jpeg 300w, https:\/\/atecordoba.org\/wp-content\/uploads\/2022\/07\/WhatsApp-Image-2022-07-09-at-12.52.53-PM-768x432.jpeg 768w, https:\/\/atecordoba.org\/wp-content\/uploads\/2022\/07\/WhatsApp-Image-2022-07-09-at-12.52.53-PM-1536x864.jpeg 1536w, https:\/\/atecordoba.org\/wp-content\/uploads\/2022\/07\/WhatsApp-Image-2022-07-09-at-12.52.53-PM-750x422.jpeg 750w, https:\/\/atecordoba.org\/wp-content\/uploads\/2022\/07\/WhatsApp-Image-2022-07-09-at-12.52.53-PM-1140x641.jpeg 1140w, https:\/\/atecordoba.org\/wp-content\/uploads\/2022\/07\/WhatsApp-Image-2022-07-09-at-12.52.53-PM.jpeg 1600w\" sizes=\"auto, (max-width: 1024px) 100vw, 1024px\" \/><\/a><\/figure>\n<\/figure>\n\n\n\n<p>Por su parte, Silvia Alcoba manifest\u00f3: \u201cEstamos acompa\u00f1ando a las trabajadoras escolares de R\u00edo Tercero que se pusieron al hombro la lucha por el reconocimiento como trabajadoras estatales, como as\u00ed tambi\u00e9n el reconocimiento de las tareas de cuidado que hist\u00f3ricamente fue invisibilizados y negados\u201d.\u201cHoy m\u00e1s de 40 compa\u00f1eras en asamblea establecieron un Plan de Lucha para organizar a las trabajadoras de toda la provincia. Nucleadas en nuestra Central inician un proceso para ponerle freno a las pol\u00edticas precarizadoras y explotaras del Gobierno Provincial. No preguntamos ni pedimos permiso cuando se trata de luchar por los intereses de&nbsp; nuestra clase trabajadora. Estamos donde tenemos que estar\u201d, redonde\u00f3 la Secretaria General de la CTA-A Regional R\u00edo Cuarto.<\/p>\n\n\n\n<h3 class=\"wp-block-heading\">Gran Olla Popular<\/h3>\n\n\n\n<p>\u201cCon organizaci\u00f3n colectiva y guisito popular le decimos No a los despidos y precarizaci\u00f3n en PAICOR y a lxs auxiliares escolares. El Gobernador Schiaretti es responsable.\u00a0\u201cJuan Schiaretti sigue avanzando contra las Trabajadoras Auxiliares Escolares y de PAICOR, a trav\u00e9s del traspaso a empresas privadas con a\u00fan peores condiciones laborales.<\/p>\n\n\n\n<figure class=\"wp-block-gallery has-nested-images columns-default is-cropped wp-block-gallery-4 is-layout-flex wp-block-gallery-is-layout-flex\">\n<figure class=\"wp-block-image size-large\"><a href=\"https:\/\/atecordoba.org\/wp-content\/uploads\/2022\/07\/Fede-olla.jpg\" target=\"_blank\" rel=\"noopener\"><img loading=\"lazy\" decoding=\"async\" width=\"1024\" height=\"576\" data-id=\"32713\" src=\"https:\/\/atecordoba.org\/wp-content\/uploads\/2022\/07\/Fede-olla-1024x576.jpg\" alt=\"\" class=\"wp-image-32713\" srcset=\"https:\/\/atecordoba.org\/wp-content\/uploads\/2022\/07\/Fede-olla-1024x576.jpg 1024w, https:\/\/atecordoba.org\/wp-content\/uploads\/2022\/07\/Fede-olla-300x169.jpg 300w, https:\/\/atecordoba.org\/wp-content\/uploads\/2022\/07\/Fede-olla-768x432.jpg 768w, https:\/\/atecordoba.org\/wp-content\/uploads\/2022\/07\/Fede-olla-750x422.jpg 750w, https:\/\/atecordoba.org\/wp-content\/uploads\/2022\/07\/Fede-olla.jpg 1080w\" sizes=\"auto, (max-width: 1024px) 100vw, 1024px\" \/><\/a><\/figure>\n\n\n\n<figure class=\"wp-block-image size-large\"><a href=\"https:\/\/atecordoba.org\/wp-content\/uploads\/2022\/07\/WhatsApp-Image-2022-07-09-at-1.31.42-PM-1.jpeg\" target=\"_blank\" rel=\"noopener\"><img loading=\"lazy\" decoding=\"async\" width=\"1024\" height=\"576\" data-id=\"32715\" src=\"https:\/\/atecordoba.org\/wp-content\/uploads\/2022\/07\/WhatsApp-Image-2022-07-09-at-1.31.42-PM-1-1024x576.jpeg\" alt=\"\" class=\"wp-image-32715\" srcset=\"https:\/\/atecordoba.org\/wp-content\/uploads\/2022\/07\/WhatsApp-Image-2022-07-09-at-1.31.42-PM-1-1024x576.jpeg 1024w, https:\/\/atecordoba.org\/wp-content\/uploads\/2022\/07\/WhatsApp-Image-2022-07-09-at-1.31.42-PM-1-300x169.jpeg 300w, https:\/\/atecordoba.org\/wp-content\/uploads\/2022\/07\/WhatsApp-Image-2022-07-09-at-1.31.42-PM-1-768x432.jpeg 768w, https:\/\/atecordoba.org\/wp-content\/uploads\/2022\/07\/WhatsApp-Image-2022-07-09-at-1.31.42-PM-1-1536x864.jpeg 1536w, https:\/\/atecordoba.org\/wp-content\/uploads\/2022\/07\/WhatsApp-Image-2022-07-09-at-1.31.42-PM-1-750x422.jpeg 750w, https:\/\/atecordoba.org\/wp-content\/uploads\/2022\/07\/WhatsApp-Image-2022-07-09-at-1.31.42-PM-1-1140x641.jpeg 1140w, https:\/\/atecordoba.org\/wp-content\/uploads\/2022\/07\/WhatsApp-Image-2022-07-09-at-1.31.42-PM-1.jpeg 1600w\" sizes=\"auto, (max-width: 1024px) 100vw, 1024px\" \/><\/a><\/figure>\n\n\n\n<figure class=\"wp-block-image size-large\"><a href=\"https:\/\/atecordoba.org\/wp-content\/uploads\/2022\/07\/WhatsApp-Image-2022-07-09-at-1.31.42-PM.jpeg\" target=\"_blank\" rel=\"noopener\"><img loading=\"lazy\" decoding=\"async\" width=\"1024\" height=\"576\" data-id=\"32721\" src=\"https:\/\/atecordoba.org\/wp-content\/uploads\/2022\/07\/WhatsApp-Image-2022-07-09-at-1.31.42-PM-1024x576.jpeg\" alt=\"\" class=\"wp-image-32721\" srcset=\"https:\/\/atecordoba.org\/wp-content\/uploads\/2022\/07\/WhatsApp-Image-2022-07-09-at-1.31.42-PM-1024x576.jpeg 1024w, https:\/\/atecordoba.org\/wp-content\/uploads\/2022\/07\/WhatsApp-Image-2022-07-09-at-1.31.42-PM-300x169.jpeg 300w, https:\/\/atecordoba.org\/wp-content\/uploads\/2022\/07\/WhatsApp-Image-2022-07-09-at-1.31.42-PM-768x432.jpeg 768w, https:\/\/atecordoba.org\/wp-content\/uploads\/2022\/07\/WhatsApp-Image-2022-07-09-at-1.31.42-PM-1536x864.jpeg 1536w, https:\/\/atecordoba.org\/wp-content\/uploads\/2022\/07\/WhatsApp-Image-2022-07-09-at-1.31.42-PM-750x422.jpeg 750w, https:\/\/atecordoba.org\/wp-content\/uploads\/2022\/07\/WhatsApp-Image-2022-07-09-at-1.31.42-PM-1140x641.jpeg 1140w, https:\/\/atecordoba.org\/wp-content\/uploads\/2022\/07\/WhatsApp-Image-2022-07-09-at-1.31.42-PM.jpeg 1600w\" sizes=\"auto, (max-width: 1024px) 100vw, 1024px\" \/><\/a><\/figure>\n\n\n\n<figure class=\"wp-block-image size-large\"><a href=\"https:\/\/atecordoba.org\/wp-content\/uploads\/2022\/07\/WhatsApp-Image-2022-07-09-at-1.31.43-PM-1.jpeg\" target=\"_blank\" rel=\"noopener\"><img loading=\"lazy\" decoding=\"async\" width=\"1024\" height=\"576\" data-id=\"32714\" src=\"https:\/\/atecordoba.org\/wp-content\/uploads\/2022\/07\/WhatsApp-Image-2022-07-09-at-1.31.43-PM-1-1024x576.jpeg\" alt=\"\" class=\"wp-image-32714\" srcset=\"https:\/\/atecordoba.org\/wp-content\/uploads\/2022\/07\/WhatsApp-Image-2022-07-09-at-1.31.43-PM-1-1024x576.jpeg 1024w, https:\/\/atecordoba.org\/wp-content\/uploads\/2022\/07\/WhatsApp-Image-2022-07-09-at-1.31.43-PM-1-300x169.jpeg 300w, https:\/\/atecordoba.org\/wp-content\/uploads\/2022\/07\/WhatsApp-Image-2022-07-09-at-1.31.43-PM-1-768x432.jpeg 768w, https:\/\/atecordoba.org\/wp-content\/uploads\/2022\/07\/WhatsApp-Image-2022-07-09-at-1.31.43-PM-1-1536x864.jpeg 1536w, https:\/\/atecordoba.org\/wp-content\/uploads\/2022\/07\/WhatsApp-Image-2022-07-09-at-1.31.43-PM-1-750x422.jpeg 750w, https:\/\/atecordoba.org\/wp-content\/uploads\/2022\/07\/WhatsApp-Image-2022-07-09-at-1.31.43-PM-1-1140x641.jpeg 1140w, https:\/\/atecordoba.org\/wp-content\/uploads\/2022\/07\/WhatsApp-Image-2022-07-09-at-1.31.43-PM-1.jpeg 1600w\" sizes=\"auto, (max-width: 1024px) 100vw, 1024px\" \/><\/a><\/figure>\n\n\n\n<figure class=\"wp-block-image size-large\"><a href=\"https:\/\/atecordoba.org\/wp-content\/uploads\/2022\/07\/WhatsApp-Image-2022-07-09-at-1.31.43-PM.jpeg\" target=\"_blank\" rel=\"noopener\"><img loading=\"lazy\" decoding=\"async\" width=\"1024\" height=\"576\" data-id=\"32717\" src=\"https:\/\/atecordoba.org\/wp-content\/uploads\/2022\/07\/WhatsApp-Image-2022-07-09-at-1.31.43-PM-1024x576.jpeg\" alt=\"\" class=\"wp-image-32717\" srcset=\"https:\/\/atecordoba.org\/wp-content\/uploads\/2022\/07\/WhatsApp-Image-2022-07-09-at-1.31.43-PM-1024x576.jpeg 1024w, https:\/\/atecordoba.org\/wp-content\/uploads\/2022\/07\/WhatsApp-Image-2022-07-09-at-1.31.43-PM-300x169.jpeg 300w, https:\/\/atecordoba.org\/wp-content\/uploads\/2022\/07\/WhatsApp-Image-2022-07-09-at-1.31.43-PM-768x432.jpeg 768w, https:\/\/atecordoba.org\/wp-content\/uploads\/2022\/07\/WhatsApp-Image-2022-07-09-at-1.31.43-PM-1536x864.jpeg 1536w, https:\/\/atecordoba.org\/wp-content\/uploads\/2022\/07\/WhatsApp-Image-2022-07-09-at-1.31.43-PM-750x422.jpeg 750w, https:\/\/atecordoba.org\/wp-content\/uploads\/2022\/07\/WhatsApp-Image-2022-07-09-at-1.31.43-PM-1140x641.jpeg 1140w, https:\/\/atecordoba.org\/wp-content\/uploads\/2022\/07\/WhatsApp-Image-2022-07-09-at-1.31.43-PM.jpeg 1600w\" sizes=\"auto, (max-width: 1024px) 100vw, 1024px\" \/><\/a><\/figure>\n\n\n\n<figure class=\"wp-block-image size-large\"><a href=\"https:\/\/atecordoba.org\/wp-content\/uploads\/2022\/07\/WhatsApp-Image-2022-07-09-at-1.31.44-PM-1.jpeg\" target=\"_blank\" rel=\"noopener\"><img loading=\"lazy\" decoding=\"async\" width=\"1024\" height=\"576\" data-id=\"32718\" src=\"https:\/\/atecordoba.org\/wp-content\/uploads\/2022\/07\/WhatsApp-Image-2022-07-09-at-1.31.44-PM-1-1024x576.jpeg\" alt=\"\" class=\"wp-image-32718\" srcset=\"https:\/\/atecordoba.org\/wp-content\/uploads\/2022\/07\/WhatsApp-Image-2022-07-09-at-1.31.44-PM-1-1024x576.jpeg 1024w, https:\/\/atecordoba.org\/wp-content\/uploads\/2022\/07\/WhatsApp-Image-2022-07-09-at-1.31.44-PM-1-300x169.jpeg 300w, https:\/\/atecordoba.org\/wp-content\/uploads\/2022\/07\/WhatsApp-Image-2022-07-09-at-1.31.44-PM-1-768x432.jpeg 768w, https:\/\/atecordoba.org\/wp-content\/uploads\/2022\/07\/WhatsApp-Image-2022-07-09-at-1.31.44-PM-1-1536x864.jpeg 1536w, https:\/\/atecordoba.org\/wp-content\/uploads\/2022\/07\/WhatsApp-Image-2022-07-09-at-1.31.44-PM-1-750x422.jpeg 750w, https:\/\/atecordoba.org\/wp-content\/uploads\/2022\/07\/WhatsApp-Image-2022-07-09-at-1.31.44-PM-1-1140x641.jpeg 1140w, https:\/\/atecordoba.org\/wp-content\/uploads\/2022\/07\/WhatsApp-Image-2022-07-09-at-1.31.44-PM-1.jpeg 1600w\" sizes=\"auto, (max-width: 1024px) 100vw, 1024px\" \/><\/a><\/figure>\n\n\n\n<figure class=\"wp-block-image size-large\"><a href=\"https:\/\/atecordoba.org\/wp-content\/uploads\/2022\/07\/WhatsApp-Image-2022-07-09-at-1.31.45-PM-2.jpeg\" target=\"_blank\" rel=\"noopener\"><img loading=\"lazy\" decoding=\"async\" width=\"1024\" height=\"576\" data-id=\"32719\" src=\"https:\/\/atecordoba.org\/wp-content\/uploads\/2022\/07\/WhatsApp-Image-2022-07-09-at-1.31.45-PM-2-1024x576.jpeg\" alt=\"\" class=\"wp-image-32719\" srcset=\"https:\/\/atecordoba.org\/wp-content\/uploads\/2022\/07\/WhatsApp-Image-2022-07-09-at-1.31.45-PM-2-1024x576.jpeg 1024w, https:\/\/atecordoba.org\/wp-content\/uploads\/2022\/07\/WhatsApp-Image-2022-07-09-at-1.31.45-PM-2-300x169.jpeg 300w, https:\/\/atecordoba.org\/wp-content\/uploads\/2022\/07\/WhatsApp-Image-2022-07-09-at-1.31.45-PM-2-768x432.jpeg 768w, https:\/\/atecordoba.org\/wp-content\/uploads\/2022\/07\/WhatsApp-Image-2022-07-09-at-1.31.45-PM-2-1536x864.jpeg 1536w, https:\/\/atecordoba.org\/wp-content\/uploads\/2022\/07\/WhatsApp-Image-2022-07-09-at-1.31.45-PM-2-750x422.jpeg 750w, https:\/\/atecordoba.org\/wp-content\/uploads\/2022\/07\/WhatsApp-Image-2022-07-09-at-1.31.45-PM-2-1140x641.jpeg 1140w, https:\/\/atecordoba.org\/wp-content\/uploads\/2022\/07\/WhatsApp-Image-2022-07-09-at-1.31.45-PM-2.jpeg 1600w\" sizes=\"auto, (max-width: 1024px) 100vw, 1024px\" \/><\/a><\/figure>\n\n\n\n<figure class=\"wp-block-image size-large\"><a href=\"https:\/\/atecordoba.org\/wp-content\/uploads\/2022\/07\/WhatsApp-Image-2022-07-09-at-1.31.46-PM-1.jpeg\" target=\"_blank\" rel=\"noopener\"><img loading=\"lazy\" decoding=\"async\" width=\"1024\" height=\"577\" data-id=\"32720\" src=\"https:\/\/atecordoba.org\/wp-content\/uploads\/2022\/07\/WhatsApp-Image-2022-07-09-at-1.31.46-PM-1-1024x577.jpeg\" alt=\"\" class=\"wp-image-32720\" srcset=\"https:\/\/atecordoba.org\/wp-content\/uploads\/2022\/07\/WhatsApp-Image-2022-07-09-at-1.31.46-PM-1-1024x577.jpeg 1024w, https:\/\/atecordoba.org\/wp-content\/uploads\/2022\/07\/WhatsApp-Image-2022-07-09-at-1.31.46-PM-1-300x169.jpeg 300w, https:\/\/atecordoba.org\/wp-content\/uploads\/2022\/07\/WhatsApp-Image-2022-07-09-at-1.31.46-PM-1-768x433.jpeg 768w, https:\/\/atecordoba.org\/wp-content\/uploads\/2022\/07\/WhatsApp-Image-2022-07-09-at-1.31.46-PM-1-750x422.jpeg 750w, https:\/\/atecordoba.org\/wp-content\/uploads\/2022\/07\/WhatsApp-Image-2022-07-09-at-1.31.46-PM-1-1140x642.jpeg 1140w, https:\/\/atecordoba.org\/wp-content\/uploads\/2022\/07\/WhatsApp-Image-2022-07-09-at-1.31.46-PM-1.jpeg 1163w\" sizes=\"auto, (max-width: 1024px) 100vw, 1024px\" \/><\/a><\/figure>\n\n\n\n<figure class=\"wp-block-image size-large\"><a href=\"https:\/\/atecordoba.org\/wp-content\/uploads\/2022\/07\/WhatsApp-Image-2022-07-09-at-1.31.46-PM.jpeg\" target=\"_blank\" rel=\"noopener\"><img loading=\"lazy\" decoding=\"async\" width=\"1000\" height=\"562\" data-id=\"32716\" src=\"https:\/\/atecordoba.org\/wp-content\/uploads\/2022\/07\/WhatsApp-Image-2022-07-09-at-1.31.46-PM.jpeg\" alt=\"\" class=\"wp-image-32716\" srcset=\"https:\/\/atecordoba.org\/wp-content\/uploads\/2022\/07\/WhatsApp-Image-2022-07-09-at-1.31.46-PM.jpeg 1000w, https:\/\/atecordoba.org\/wp-content\/uploads\/2022\/07\/WhatsApp-Image-2022-07-09-at-1.31.46-PM-300x169.jpeg 300w, https:\/\/atecordoba.org\/wp-content\/uploads\/2022\/07\/WhatsApp-Image-2022-07-09-at-1.31.46-PM-768x432.jpeg 768w, https:\/\/atecordoba.org\/wp-content\/uploads\/2022\/07\/WhatsApp-Image-2022-07-09-at-1.31.46-PM-750x422.jpeg 750w\" sizes=\"auto, (max-width: 1000px) 100vw, 1000px\" \/><\/a><\/figure>\n<\/figure>\n\n\n\n<p>\u201cDenunciamos esta grav\u00edsima violaci\u00f3n a los derechos laborales ejercida por el Gobierno Provincial para deshacerse de imprescindibles trabajadoras, que garantizan la alimentaci\u00f3n y limpieza en la Educaci\u00f3n P\u00fablica. \u201cExigimos trabajo con derechos en todo el Estado Provincial\u201d, indicaron los organizadores de la Jornada de Protesta en R\u00edo Tercero.<\/p>\n\n\n\n<p>Por \u00faltimo, Giuliani se manifest\u00f3 tambi\u00e9n por las redes sociales: \u201cEn la ciudad de R\u00edo Tercero, con ATE C\u00f3rdoba y la CTA-A Provincial, un 9 de Julio, D\u00eda de nuestra Independencia Nacional, compartiendo el pan y la Olla Popular; la Asamblea y la lucha de las Trabajadoras Auxiliares de la Educaci\u00f3n y del PAICOR de C\u00f3rdoba\u201d. \u201cM\u00e1s de 6.000 compa\u00f1eras precarizadas por Schiaretti que hoy tienen una trinchera de lucha en ATE y la Central. El 28 de julio marchamos a Casa de Gobierno (\u2018El Panal\u2019)\u00a0 para visibilizar la realidad, exigir salarios dignos y estabilidad laboral\u201d, sentenci\u00f3.<\/p>\n","protected":false},"excerpt":{"rendered":"<p>Este s\u00e1bado en la Plaza San Mart\u00edn de R\u00edo Tercero, se llev\u00f3 a cabo el Encuentro Provincial de Trabajadoras del Programa de Asistencia Integral C\u00f3rdoba (PAICOR) y Auxiliares Escolares convocada por ATE y la CTA Aut\u00f3noma C\u00f3rdoba. La Asamblea resolvi\u00f3 hacer firmar un petitorio conteniendo el pliego de reivindicaciones y marchar el pr\u00f3ximo 28 de [&hellip;]<\/p>\n","protected":false},"author":6,"featured_media":32704,"comment_status":"open","ping_status":"open","sticky":false,"template":"","format":"standard","meta":{"_exactmetrics_skip_tracking":false,"_exactmetrics_sitenote_active":false,"_exactmetrics_sitenote_note":"","_exactmetrics_sitenote_category":0,"jnews-multi-image_gallery":[],"jnews_single_post":{"subtitle":"El plenario decidi\u00f3 armar un petitorio, que ser\u00e1 acompa\u00f1ado por una juntada de firmas, con el pliego de reivindicaciones del sector. Adem\u00e1s, resolvieron movilizar el pr\u00f3ximo 28 de julio hacia la Legislatura y la Casa de Gobierno de C\u00f3rdoba para exigir estabilidad laboral y salarios acordes al costo de la Canasta Familiar.","format":"standard","video":"","gallery":"","source_name":"","source_url":"","via_name":"","via_url":"","override_template":"0","override":[{"template":"1","single_blog_custom":"","parallax":"1","fullscreen":"1","layout":"right-sidebar","sidebar":"default-sidebar","second_sidebar":"default-sidebar","sticky_sidebar":"1","share_position":"top","share_float_style":"share-monocrhome","show_share_counter":"1","show_view_counter":"1","show_featured":"1","show_post_meta":"1","show_post_author":"1","show_post_author_image":"1","show_post_date":"1","post_date_format":"default","post_date_format_custom":"Y\/m\/d","show_post_category":"1","show_post_reading_time":"0","post_reading_time_wpm":"300","show_zoom_button":"0","zoom_button_out_step":"2","zoom_button_in_step":"3","show_post_tag":"1","show_prev_next_post":"1","show_popup_post":"1","number_popup_post":"1","show_author_box":"0","show_post_related":"0","show_inline_post_related":"0"}],"override_image_size":"0","image_override":[{"single_post_thumbnail_size":"crop-500","single_post_gallery_size":"crop-500"}],"trending_post":"0","trending_post_position":"meta","trending_post_label":"Trending","sponsored_post":"0","sponsored_post_label":"Sponsored by","sponsored_post_name":"","sponsored_post_url":"","sponsored_post_logo_enable":"0","sponsored_post_logo":"","sponsored_post_desc":"","disable_ad":"0"},"jnews_primary_category":{"id":""},"jnews_social_meta":{"fb_title":"","fb_description":"","fb_image":"","twitter_title":"","twitter_description":"","twitter_image":""},"jnews_review":[],"enable_review":"0","type":"percentage","name":"","summary":"","brand":"","sku":"","good":[{"good_text":""}],"bad":[{"bad_text":""}],"score_override":"","override_value":"","rating":[{"rating_text":"","rating_number":"10"}],"price":[{"shop":"","price":"","link":"","icon":""}],"jnews_override_counter":{"override_view_counter":"0","view_counter_number":"0","override_share_counter":"0","share_counter_number":"0","override_like_counter":"0","like_counter_number":"0","override_dislike_counter":"0","dislike_counter_number":"0"},"jnews_post_split":{"enable_post_split":"0","post_split":[{"template":"1","tag":"h2","numbering":"asc","mode":"normal","first":"0","enable_toc":"0","toc_type":"normal"}]},"footnotes":""},"categories":[341,8,13],"tags":[],"class_list":["post-32696","post","type-post","status-publish","format-standard","has-post-thumbnail","hentry","category-cdp","category-provinciales","category-rio-tercero"],"jetpack_featured_media_url":"https:\/\/atecordoba.org\/wp-content\/uploads\/2022\/07\/WhatsApp-Image-2022-07-09-at-12.52.48-PM.jpeg","_links":{"self":[{"href":"https:\/\/atecordoba.org\/index.php?rest_route=\/wp\/v2\/posts\/32696","targetHints":{"allow":["GET"]}}],"collection":[{"href":"https:\/\/atecordoba.org\/index.php?rest_route=\/wp\/v2\/posts"}],"about":[{"href":"https:\/\/atecordoba.org\/index.php?rest_route=\/wp\/v2\/types\/post"}],"author":[{"embeddable":true,"href":"https:\/\/atecordoba.org\/index.php?rest_route=\/wp\/v2\/users\/6"}],"replies":[{"embeddable":true,"href":"https:\/\/atecordoba.org\/index.php?rest_route=%2Fwp%2Fv2%2Fcomments&post=32696"}],"version-history":[{"count":1,"href":"https:\/\/atecordoba.org\/index.php?rest_route=\/wp\/v2\/posts\/32696\/revisions"}],"predecessor-version":[{"id":32723,"href":"https:\/\/atecordoba.org\/index.php?rest_route=\/wp\/v2\/posts\/32696\/revisions\/32723"}],"wp:featuredmedia":[{"embeddable":true,"href":"https:\/\/atecordoba.org\/index.php?rest_route=\/wp\/v2\/media\/32704"}],"wp:attachment":[{"href":"https:\/\/atecordoba.org\/index.php?rest_route=%2Fwp%2Fv2%2Fmedia&parent=32696"}],"wp:term":[{"taxonomy":"category","embeddable":true,"href":"https:\/\/atecordoba.org\/index.php?rest_route=%2Fwp%2Fv2%2Fcategories&post=32696"},{"taxonomy":"post_tag","embeddable":true,"href":"https:\/\/atecordoba.org\/index.php?rest_route=%2Fwp%2Fv2%2Ftags&post=32696"}],"curies":[{"name":"wp","href":"https:\/\/api.w.org\/{rel}","templated":true}]}}