{"id":3269,"date":"2013-09-23T19:48:18","date_gmt":"2013-09-23T22:48:18","guid":{"rendered":"http:\/\/www.atecordoba.org\/?p=3269"},"modified":"2013-09-23T19:48:18","modified_gmt":"2013-09-23T22:48:18","slug":"unc-principio-de-solucion-al-conflicto-de-psicologia","status":"publish","type":"post","link":"https:\/\/atecordoba.org\/?p=3269","title":{"rendered":"UNC: principio de soluci\u00f3n al conflicto de la Facultad de Psicolog\u00eda"},"content":{"rendered":"<p><em>Despu\u00e9s de 10 d\u00edas de paralizaci\u00f3n de actividades a causa de la medida dispuesta por ATE, las autoridades se comprometieron a dar respuesta a las demandas planteadas por los trabajadores no docentes de la Facultad.\u00a0<\/em><\/p>\n<p style=\"text-align: center;\"><a href=\"http:\/\/www.atecordoba.org\/wp-content\/uploads\/2013\/09\/UNC_conflicto-psicologia.jpg\"><img loading=\"lazy\" decoding=\"async\" class=\"size-full wp-image-3270 aligncenter\" alt=\"UNC_conflicto psicologia\" src=\"http:\/\/www.atecordoba.org\/wp-content\/uploads\/2013\/09\/UNC_conflicto-psicologia.jpg\" width=\"640\" height=\"480\" \/><\/a><\/p>\n<p>Los trabajadores no docentes de la unidad acad\u00e9mica ven\u00edan desarrollando un plan de lucha originado en la injusta sanci\u00f3n a un compa\u00f1ero y en reclamo del mejoramiento de las condiciones de trabajo en el sector de Servicios Generales. Con el apoyo de ATE, los trabajadores se constituyeron en asamblea \u00a0y lograron paralizar la actividad, situaci\u00f3n que abri\u00f3 las puertas de una negociaci\u00f3n con las autoridades, tanto de la propia Facultad como del Rectorado de la UNC.<\/p>\n<p>Ya la semana pasada se avizoraban condiciones para llegar a una soluci\u00f3n, al realizarse conversaciones informales con el Secretario General de la \u00a0universidad, donde los compa\u00f1eros plantearon una serie de reclamos, poniendo como prioridad m\u00e1xima que se quiten las injustas sanciones al compa\u00f1ero Agust\u00edn Peresini.\u00a0Sin embargo, en la Facultad Psicolog\u00eda no se hab\u00edan logrado acuerdos razonables a los efectos de destrabar el conflicto.<\/p>\n<p>Hoy por la ma\u00f1ana, despu\u00e9s de una reuni\u00f3n con el Rector de la UNC, Francisco Tamarit, se ratificaron los acuerdos alcanzados previamente, en el sentido de reconsiderar la sanci\u00f3n a Peresini y gestionar cargos para la faculta de Psicolog\u00eda\u00a0ante la Secretaria de Pol\u00edticas Universitarias del Estado Nacional y ante la CONEAU.<\/p>\n<p>En ese mismo sentido, por la tarde, sesion\u00f3 el Consejo Directivo de la Facultad de Psicolog\u00eda donde, tras un fuerte debate, se llegaron a los siguientes acuerdos por resoluci\u00f3n que acercaron posiciones para iniciar el camino de la resoluci\u00f3n del conflicto:<\/p>\n<ul>\n<li>A trav\u00e9s del HCD la Facultad toma conocimiento del informe presentado por los compa\u00f1eros sobre la situaci\u00f3n que acontece a servicios generales.<\/li>\n<li>Constituir una comisi\u00f3n formada por no docentes para elaborar un manual de procedimientos de las tareas desempe\u00f1adas por los compa\u00f1eros de servicios generales.<\/li>\n<li>Crear una comisi\u00f3n interclaustros para crear un esquema de responsabilidades compartidas para el cuidado y custodia de los bienes de la Facultad<\/li>\n<li>Reconocer que debido al crecimiento edilicio y de matr\u00edcula de grado y posgrado, se hace dificultoso el cump0limiento de las obligaciones derivadas del convenio colectivo de trabajo.<\/li>\n<\/ul>\n<p>Por otra parte se acord\u00f3 una reuni\u00f3n con el decanato de la Facultad, ma\u00f1ana martes 24 de septiembre, para dar una soluci\u00f3n de car\u00e1cter inmediato al problema de Servicios Generales derivado de la falta de personal.<\/p>\n<p>En base a lo acontecido en las diversas negociaciones llevadas adelante hoy se decidi\u00f3 suspender las medidas de fuerza hasta el martes 1\u00b0 de octubre, donde se evaluar\u00e1 lo surgido de la reuni\u00f3n con el decanato y el avance realizado durante la semana de los compromisos asumidos.<\/p>\n","protected":false},"excerpt":{"rendered":"<p>Despu\u00e9s de 10 d\u00edas de paralizaci\u00f3n de actividades a causa de la medida dispuesta por ATE, las autoridades se comprometieron a dar respuesta a las demandas planteadas por los trabajadores no docentes de la Facultad.\u00a0 Los trabajadores no docentes de la unidad acad\u00e9mica ven\u00edan desarrollando un plan de lucha originado en la injusta sanci\u00f3n a [&hellip;]<\/p>\n","protected":false},"author":1,"featured_media":19220,"comment_status":"open","ping_status":"open","sticky":false,"template":"","format":"standard","meta":{"_exactmetrics_skip_tracking":false,"_exactmetrics_sitenote_active":false,"_exactmetrics_sitenote_note":"","_exactmetrics_sitenote_category":0,"jnews-multi-image_gallery":[],"jnews_single_post":[],"jnews_primary_category":[],"jnews_social_meta":[],"jnews_review":[],"enable_review":"","type":"","name":"","summary":"","brand":"","sku":"","good":[],"bad":[],"score_override":"","override_value":"","rating":[],"price":[],"jnews_override_counter":[],"jnews_post_split":[],"footnotes":""},"categories":[18,89],"tags":[],"class_list":["post-3269","post","type-post","status-publish","format-standard","has-post-thumbnail","hentry","category-nacionales","category-unc"],"jetpack_featured_media_url":"https:\/\/atecordoba.org\/wp-content\/uploads\/2020\/05\/logo-nuevochico-e1561581322808.png","_links":{"self":[{"href":"https:\/\/atecordoba.org\/index.php?rest_route=\/wp\/v2\/posts\/3269","targetHints":{"allow":["GET"]}}],"collection":[{"href":"https:\/\/atecordoba.org\/index.php?rest_route=\/wp\/v2\/posts"}],"about":[{"href":"https:\/\/atecordoba.org\/index.php?rest_route=\/wp\/v2\/types\/post"}],"author":[{"embeddable":true,"href":"https:\/\/atecordoba.org\/index.php?rest_route=\/wp\/v2\/users\/1"}],"replies":[{"embeddable":true,"href":"https:\/\/atecordoba.org\/index.php?rest_route=%2Fwp%2Fv2%2Fcomments&post=3269"}],"version-history":[{"count":0,"href":"https:\/\/atecordoba.org\/index.php?rest_route=\/wp\/v2\/posts\/3269\/revisions"}],"wp:featuredmedia":[{"embeddable":true,"href":"https:\/\/atecordoba.org\/index.php?rest_route=\/wp\/v2\/media\/19220"}],"wp:attachment":[{"href":"https:\/\/atecordoba.org\/index.php?rest_route=%2Fwp%2Fv2%2Fmedia&parent=3269"}],"wp:term":[{"taxonomy":"category","embeddable":true,"href":"https:\/\/atecordoba.org\/index.php?rest_route=%2Fwp%2Fv2%2Fcategories&post=3269"},{"taxonomy":"post_tag","embeddable":true,"href":"https:\/\/atecordoba.org\/index.php?rest_route=%2Fwp%2Fv2%2Ftags&post=3269"}],"curies":[{"name":"wp","href":"https:\/\/api.w.org\/{rel}","templated":true}]}}