{"id":32640,"date":"2022-07-05T12:42:32","date_gmt":"2022-07-05T15:42:32","guid":{"rendered":"https:\/\/atecordoba.org\/?p=32640"},"modified":"2022-07-05T12:42:36","modified_gmt":"2022-07-05T15:42:36","slug":"elecciones-en-la-cta-autonoma-en-la-calle-se-producen-las-grandes-conquistas","status":"publish","type":"post","link":"https:\/\/atecordoba.org\/?p=32640","title":{"rendered":"Elecciones en la CTA Aut\u00f3noma: &#8220;En la calle se producen las grandes conquistas&#8221;"},"content":{"rendered":"\n<div class=\"wp-block-image\"><figure class=\"aligncenter size-large is-resized\"><img loading=\"lazy\" decoding=\"async\" src=\"https:\/\/atecordoba.org\/wp-content\/uploads\/2022\/07\/WhatsApp-Image-2022-06-28-at-7.33.10-PM-1-1024x565.jpeg\" alt=\"\" class=\"wp-image-32641\" width=\"768\" height=\"424\" srcset=\"https:\/\/atecordoba.org\/wp-content\/uploads\/2022\/07\/WhatsApp-Image-2022-06-28-at-7.33.10-PM-1-1024x565.jpeg 1024w, https:\/\/atecordoba.org\/wp-content\/uploads\/2022\/07\/WhatsApp-Image-2022-06-28-at-7.33.10-PM-1-300x165.jpeg 300w, https:\/\/atecordoba.org\/wp-content\/uploads\/2022\/07\/WhatsApp-Image-2022-06-28-at-7.33.10-PM-1-768x424.jpeg 768w, https:\/\/atecordoba.org\/wp-content\/uploads\/2022\/07\/WhatsApp-Image-2022-06-28-at-7.33.10-PM-1-750x414.jpeg 750w, https:\/\/atecordoba.org\/wp-content\/uploads\/2022\/07\/WhatsApp-Image-2022-06-28-at-7.33.10-PM-1-1140x629.jpeg 1140w, https:\/\/atecordoba.org\/wp-content\/uploads\/2022\/07\/WhatsApp-Image-2022-06-28-at-7.33.10-PM-1.jpeg 1280w\" sizes=\"auto, (max-width: 768px) 100vw, 768px\" \/><\/figure><\/div>\n\n\n\n<p>El 11 de agosto se eligen autoridades de conducci\u00f3n de la Central de Trabajadores Argentinos Aut\u00f3noma y desde el programa radial Entre Todo y Todas,q ue la Secretaria de Prensa de ATE C\u00f3rdoba emite cada martes en GEN FM 107.5, se realiz\u00f3 una entrevista a la referente de la Federaci\u00f3n Nacional Territorial (FENAT) Silvia Alcoba, candidata a Secretaria General Adjunta de la provincia.<\/p>\n\n\n\n<p>Las elecci\u00f3n definen las conducciones nacional, provincial y de las diferentes regionales de la provincia, a trav\u00e9s de 200 urnas distribuidas en todo el territorio de C\u00f3rdoba. Desde las hist\u00f3ricas R\u00edo Cuarto, R\u00edo Tercero y Villa Mar\u00eda, hasta Cruz del Eje y Traslasierra &#8220;donde las juntas promotoras se afianzaron para darle territorialidad a nuestra central&#8221;, explic\u00f3 la dirigente.<\/p>\n\n\n\n<p>&#8220;Para la Fenat las elecciones de la CTA son importantes por el orgullo de integrar por primera vez las listas para ser conducci\u00f3n de la central. Expresa el sentimiento que hemos tenido. No queremos solo revolver la olla sino estar y discutir en la mesa donde se toman las decisiones&#8221;, sentenci\u00f3 Alcoba.<\/p>\n\n\n\n<p><strong>Autonom\u00eda<\/strong><\/p>\n\n\n\n<p>Para la dirigente la elecci\u00f3n de autoridades forma parte tambi\u00e9n &#8220;de un proceso de autonom\u00eda que nos permite elegir conducci\u00f3n por cuatro a\u00f1os, pero discutiendo la pol\u00edtica y esto no se das en muchas centrales donde imponen un dirigente a dedo. Nosotros tenemos un modelo distinto y por eso hablamos de la democracia electoral que tenemos en nuestra Central&#8221;<\/p>\n\n\n\n<p>&#8220;Vamos en la lista 1 Germ\u00e1n Abdala, con Federico Giuliani como secretario General, y para nosotros significa un salto organizativo porque nos toca integrar la conducci\u00f3n de un proceso pol\u00edtico que unifica la organizaci\u00f3n social y los sindicatos, para que todos podamos tener la discusi\u00f3n bajo un mismo modelo pol\u00edtico&#8221;, se\u00f1al\u00f3 .<\/p>\n\n\n\n<p><strong>Tiempos dif\u00edciles<\/strong><\/p>\n\n\n\n<p>El contexto de penurias econ\u00f3micas que atraviesa el pueblo trabajador es la principal preocupaci\u00f3n de la Central en la actualidad. &#8220;Sabemos que se viene tiempos dif\u00edciles y que tenemos que estar preparadas para afrontarlos. La central tiene por objetivo principal el reconocimiento de las y los trabajadores, son peleas duras, como pasa con las compa\u00f1eras de Paicor, de los comedores, que cobran salarios muy por debajo de la l\u00ednea de la pobreza. Hay que enfrentar un modelo pol\u00edtico que nos nos representa, porque esta situaci\u00f3n nos somete a tener m\u00e1s dificultades para llegar a fin de mes&#8221;, asegur\u00f3. \u00a0<\/p>\n\n\n\n<p>Y concluy\u00f3 apuntado que &#8220;en la calle se producen las grandes conquistas y es ah\u00ed donde tenemos que dar nuestra pelea diaria&#8221;.<\/p>\n","protected":false},"excerpt":{"rendered":"<p>El 11 de agosto se eligen autoridades de conducci\u00f3n de la Central de Trabajadores Argentinos Aut\u00f3noma y desde el programa radial Entre Todo y Todas,q ue la Secretaria de Prensa de ATE C\u00f3rdoba emite cada martes en GEN FM 107.5, se realiz\u00f3 una entrevista a la referente de la Federaci\u00f3n Nacional Territorial (FENAT) Silvia Alcoba, [&hellip;]<\/p>\n","protected":false},"author":7,"featured_media":32642,"comment_status":"open","ping_status":"open","sticky":false,"template":"","format":"standard","meta":{"_exactmetrics_skip_tracking":false,"_exactmetrics_sitenote_active":false,"_exactmetrics_sitenote_note":"","_exactmetrics_sitenote_category":0,"jnews-multi-image_gallery":[],"jnews_single_post":{"subtitle":"\"Para la Fenat las elecciones de la CTA son importantes por el orgullo de integrar por primera vez las listas para ser conducci\u00f3n de la central. Expresa el sentimiento que hemos tenido. No queremos solo revolver la olla sino estar y discutir en la mesa donde se toman las decisiones\", dijo la referente de la organizaci\u00f3n Silvia Alcoba, candidata a secretaria General Adjunta de la Provincia de C\u00f3rdoba..","format":"standard","video":"","gallery":"","source_name":"","source_url":"","via_name":"","via_url":"","override_template":"0","override":[{"template":"1","single_blog_custom":"","parallax":"1","fullscreen":"1","layout":"right-sidebar","sidebar":"default-sidebar","second_sidebar":"default-sidebar","sticky_sidebar":"1","share_position":"top","share_float_style":"share-monocrhome","show_share_counter":"1","show_view_counter":"1","show_featured":"1","show_post_meta":"1","show_post_author":"1","show_post_author_image":"1","show_post_date":"1","post_date_format":"default","post_date_format_custom":"Y\/m\/d","show_post_category":"1","show_post_reading_time":"0","post_reading_time_wpm":"300","show_zoom_button":"0","zoom_button_out_step":"2","zoom_button_in_step":"3","show_post_tag":"1","show_prev_next_post":"1","show_popup_post":"1","number_popup_post":"1","show_author_box":"0","show_post_related":"0","show_inline_post_related":"0"}],"override_image_size":"0","image_override":[{"single_post_thumbnail_size":"crop-500","single_post_gallery_size":"crop-500"}],"trending_post":"0","trending_post_position":"meta","trending_post_label":"Trending","sponsored_post":"0","sponsored_post_label":"Sponsored by","sponsored_post_name":"","sponsored_post_url":"","sponsored_post_logo_enable":"0","sponsored_post_logo":"","sponsored_post_desc":"","disable_ad":"0"},"jnews_primary_category":{"id":""},"jnews_social_meta":{"fb_title":"","fb_description":"","fb_image":"","twitter_title":"","twitter_description":"","twitter_image":""},"jnews_review":[],"enable_review":"0","type":"percentage","name":"","summary":"","brand":"","sku":"","good":[{"good_text":""}],"bad":[{"bad_text":""}],"score_override":"","override_value":"","rating":[{"rating_text":"","rating_number":"10"}],"price":[{"shop":"","price":"","link":"","icon":""}],"jnews_override_counter":{"override_view_counter":"0","view_counter_number":"0","override_share_counter":"0","share_counter_number":"0","override_like_counter":"0","like_counter_number":"0","override_dislike_counter":"0","dislike_counter_number":"0"},"jnews_post_split":{"enable_post_split":"0","post_split":[{"template":"1","tag":"h2","numbering":"asc","mode":"normal","first":"0","enable_toc":"0","toc_type":"normal"}]},"footnotes":""},"categories":[92],"tags":[1155],"class_list":["post-32640","post","type-post","status-publish","format-standard","has-post-thumbnail","hentry","category-cta","tag-elecciones-ctaa"],"jetpack_featured_media_url":"https:\/\/atecordoba.org\/wp-content\/uploads\/2022\/07\/alcobaentre-e1657035687687.jpeg","_links":{"self":[{"href":"https:\/\/atecordoba.org\/index.php?rest_route=\/wp\/v2\/posts\/32640","targetHints":{"allow":["GET"]}}],"collection":[{"href":"https:\/\/atecordoba.org\/index.php?rest_route=\/wp\/v2\/posts"}],"about":[{"href":"https:\/\/atecordoba.org\/index.php?rest_route=\/wp\/v2\/types\/post"}],"author":[{"embeddable":true,"href":"https:\/\/atecordoba.org\/index.php?rest_route=\/wp\/v2\/users\/7"}],"replies":[{"embeddable":true,"href":"https:\/\/atecordoba.org\/index.php?rest_route=%2Fwp%2Fv2%2Fcomments&post=32640"}],"version-history":[{"count":1,"href":"https:\/\/atecordoba.org\/index.php?rest_route=\/wp\/v2\/posts\/32640\/revisions"}],"predecessor-version":[{"id":32643,"href":"https:\/\/atecordoba.org\/index.php?rest_route=\/wp\/v2\/posts\/32640\/revisions\/32643"}],"wp:featuredmedia":[{"embeddable":true,"href":"https:\/\/atecordoba.org\/index.php?rest_route=\/wp\/v2\/media\/32642"}],"wp:attachment":[{"href":"https:\/\/atecordoba.org\/index.php?rest_route=%2Fwp%2Fv2%2Fmedia&parent=32640"}],"wp:term":[{"taxonomy":"category","embeddable":true,"href":"https:\/\/atecordoba.org\/index.php?rest_route=%2Fwp%2Fv2%2Fcategories&post=32640"},{"taxonomy":"post_tag","embeddable":true,"href":"https:\/\/atecordoba.org\/index.php?rest_route=%2Fwp%2Fv2%2Ftags&post=32640"}],"curies":[{"name":"wp","href":"https:\/\/api.w.org\/{rel}","templated":true}]}}