{"id":3264,"date":"2013-09-23T18:14:56","date_gmt":"2013-09-23T21:14:56","guid":{"rendered":"http:\/\/www.atecordoba.org\/?p=3264"},"modified":"2013-09-23T18:14:56","modified_gmt":"2013-09-23T21:14:56","slug":"formacion-tercer-modulo-de-historia-del-movimiento-obrero","status":"publish","type":"post","link":"https:\/\/atecordoba.org\/?p=3264","title":{"rendered":"Formaci\u00f3n: tercer modulo de historia del movimiento obrero"},"content":{"rendered":"<p><em>El pr\u00f3ximo s\u00e1bado 28 de septiembre, a las 9.30 horas, ATE realizar\u00e1 el tercer m\u00f3dulo del Taller de Historia del Movimiento Obrero. En esta oportunidad se tratar\u00e1 el periodo de la \u00faltima dictadura c\u00edvico-militar y las particularidades del movimiento obrero cordob\u00e9s. El curso es abierto para todos los interesados.\u00a0<\/em><\/p>\n<p style=\"text-align: left;\"><strong>&#8220;Luchar, fracasar, volver a luchar, fracasar, volver a luchar hasta el triunfo final:\u00a0<\/strong><br \/>\n<strong> \u00c9sta es la historia de la clase obrera&#8221; (SITRAC-SITRAM)\u00a0<\/strong><i><br \/>\n<\/i><\/p>\n<p style=\"text-align: center;\"><a href=\"http:\/\/www.atecordoba.org\/wp-content\/uploads\/2013\/09\/Afiche-Movimiento-Obrero-3-M\u00f3dulo-Por-Mail.jpg\"><img loading=\"lazy\" decoding=\"async\" class=\" wp-image-3265 aligncenter\" alt=\"Afiche Movimiento Obrero 3 M\u00f3dulo (Por Mail)\" src=\"http:\/\/www.atecordoba.org\/wp-content\/uploads\/2013\/09\/Afiche-Movimiento-Obrero-3-M\u00f3dulo-Por-Mail-724x1024.jpg\" width=\"434\" height=\"614\" \/><\/a><\/p>\n<p style=\"text-align: left;\">Impulsado por la Secretaria de Formaci\u00f3n del Concejo Directivo Provincial, el pr\u00f3ximo s\u00e1bado se realizar\u00e1 el tercer m\u00f3dulo del Taller \u00a0de la Historia del Movimiento Obrero, a cargo de los compa\u00f1eros y docentes universitarios Pablo Pozzi y Mariana Mastr\u00e1ngelo.<\/p>\n<p style=\"text-align: left;\">De esta forma, la Secretaria de Formaci\u00f3n da continuidad esta actividad de capacitaci\u00f3n para los compa\u00f1eros, que se inici\u00f3 julio pasado. En esta oportunidad, Pozzi, historiador de profusa obra sobre el movimiento obrero, disertar\u00e1 sobre el periodo de la \u00faltima dictadura c\u00edvico-militar, en tanto Mastr\u00e1gelo, se referir\u00e1 al movimiento obrero cordob\u00e9s.<\/p>\n<p style=\"text-align: left;\">Porque conocer nuestra historia es parte de una lucha que debemos afrontar como clase trabajadora, &#8220;<i>Si la historia la escriben los que ganan eso quiere decir que hay otra historia&#8221;,<\/i> <i>\u00a0<\/i>estamos frente al desaf\u00edo de escribamos nuestra historia.<\/p>\n<p style=\"text-align: left;\">La cita es,\u00a0desde las 9:30 hs hasta las 12:30, en la Sede Gremial de ATE, Paran\u00e1 140-C\u00f3rdoba. Se entregar\u00e1n certificados.\u00a0<i><br \/>\n<\/i>Informes e inscripciones: Cintia Conesta (155640618) cinconesta@hotmail.com \/\u00a0Gustavo Peyroti (153871664) gpeyroti@atecordoba.org.<\/p>\n<p style=\"text-align: left;\">\n","protected":false},"excerpt":{"rendered":"<p>El pr\u00f3ximo s\u00e1bado 28 de septiembre, a las 9.30 horas, ATE realizar\u00e1 el tercer m\u00f3dulo del Taller de Historia del Movimiento Obrero. En esta oportunidad se tratar\u00e1 el periodo de la \u00faltima dictadura c\u00edvico-militar y las particularidades del movimiento obrero cordob\u00e9s. El curso es abierto para todos los interesados.\u00a0 &#8220;Luchar, fracasar, volver a luchar, fracasar, [&hellip;]<\/p>\n","protected":false},"author":1,"featured_media":19220,"comment_status":"open","ping_status":"open","sticky":false,"template":"","format":"standard","meta":{"_exactmetrics_skip_tracking":false,"_exactmetrics_sitenote_active":false,"_exactmetrics_sitenote_note":"","_exactmetrics_sitenote_category":0,"jnews-multi-image_gallery":[],"jnews_single_post":[],"jnews_primary_category":[],"jnews_social_meta":[],"jnews_review":[],"enable_review":"","type":"","name":"","summary":"","brand":"","sku":"","good":[],"bad":[],"score_override":"","override_value":"","rating":[],"price":[],"jnews_override_counter":[],"jnews_post_split":[],"footnotes":""},"categories":[88],"tags":[],"class_list":["post-3264","post","type-post","status-publish","format-standard","has-post-thumbnail","hentry","category-formacion"],"jetpack_featured_media_url":"https:\/\/atecordoba.org\/wp-content\/uploads\/2020\/05\/logo-nuevochico-e1561581322808.png","_links":{"self":[{"href":"https:\/\/atecordoba.org\/index.php?rest_route=\/wp\/v2\/posts\/3264","targetHints":{"allow":["GET"]}}],"collection":[{"href":"https:\/\/atecordoba.org\/index.php?rest_route=\/wp\/v2\/posts"}],"about":[{"href":"https:\/\/atecordoba.org\/index.php?rest_route=\/wp\/v2\/types\/post"}],"author":[{"embeddable":true,"href":"https:\/\/atecordoba.org\/index.php?rest_route=\/wp\/v2\/users\/1"}],"replies":[{"embeddable":true,"href":"https:\/\/atecordoba.org\/index.php?rest_route=%2Fwp%2Fv2%2Fcomments&post=3264"}],"version-history":[{"count":0,"href":"https:\/\/atecordoba.org\/index.php?rest_route=\/wp\/v2\/posts\/3264\/revisions"}],"wp:featuredmedia":[{"embeddable":true,"href":"https:\/\/atecordoba.org\/index.php?rest_route=\/wp\/v2\/media\/19220"}],"wp:attachment":[{"href":"https:\/\/atecordoba.org\/index.php?rest_route=%2Fwp%2Fv2%2Fmedia&parent=3264"}],"wp:term":[{"taxonomy":"category","embeddable":true,"href":"https:\/\/atecordoba.org\/index.php?rest_route=%2Fwp%2Fv2%2Fcategories&post=3264"},{"taxonomy":"post_tag","embeddable":true,"href":"https:\/\/atecordoba.org\/index.php?rest_route=%2Fwp%2Fv2%2Ftags&post=3264"}],"curies":[{"name":"wp","href":"https:\/\/api.w.org\/{rel}","templated":true}]}}