{"id":32629,"date":"2022-07-04T09:32:31","date_gmt":"2022-07-04T12:32:31","guid":{"rendered":"https:\/\/atecordoba.org\/?p=32629"},"modified":"2022-07-04T09:35:07","modified_gmt":"2022-07-04T12:35:07","slug":"ate-amplia-la-representacion-municipal-a-villa-concepcion-del-tio","status":"publish","type":"post","link":"https:\/\/atecordoba.org\/?p=32629","title":{"rendered":"ATE ampl\u00eda la representaci\u00f3n municipal a Villa Concepci\u00f3n del T\u00edo"},"content":{"rendered":"\n<div class=\"wp-block-image\"><figure class=\"aligncenter size-large is-resized\"><img loading=\"lazy\" decoding=\"async\" src=\"https:\/\/atecordoba.org\/wp-content\/uploads\/2022\/07\/villaconcepciondeltio-461x1024.jpg\" alt=\"\" class=\"wp-image-32630\" width=\"346\" height=\"768\" \/><\/figure><\/div>\n\n\n\n<p>El crecimiento organizativo sostenido en el este provincial de ATE C\u00f3rdoba tiene una nueva expresi\u00f3n con la llegada de nuestro gremio a Villa Concepci\u00f3n del T\u00edo.<\/p>\n\n\n\n<p>La seccional ATE San Justo se hizo presente en la figura de su secretario General, Dar\u00edo Paredes, junto al secretario Gremial Cristian Gudi\u00f1o.<\/p>\n","protected":false},"excerpt":{"rendered":"<p>El crecimiento organizativo sostenido en el este provincial de ATE C\u00f3rdoba tiene una nueva expresi\u00f3n con la llegada de nuestro gremio a Villa Concepci\u00f3n del T\u00edo. La seccional ATE San Justo se hizo presente en la figura de su secretario General, Dar\u00edo Paredes, junto al secretario Gremial Cristian Gudi\u00f1o.<\/p>\n","protected":false},"author":7,"featured_media":32632,"comment_status":"open","ping_status":"open","sticky":false,"template":"","format":"standard","meta":{"_exactmetrics_skip_tracking":false,"_exactmetrics_sitenote_active":false,"_exactmetrics_sitenote_note":"","_exactmetrics_sitenote_category":0,"jnews-multi-image_gallery":[],"jnews_single_post":{"subtitle":"La seccional ATE San Justo se hizo presente en la localidad a trav\u00e9s del secretario General Dar\u00edo Paredes.","format":"standard","video":"","gallery":"","source_name":"","source_url":"","via_name":"","via_url":"","override_template":"0","override":[{"template":"1","single_blog_custom":"","parallax":"1","fullscreen":"1","layout":"right-sidebar","sidebar":"default-sidebar","second_sidebar":"default-sidebar","sticky_sidebar":"1","share_position":"top","share_float_style":"share-monocrhome","show_share_counter":"1","show_view_counter":"1","show_featured":"1","show_post_meta":"1","show_post_author":"1","show_post_author_image":"1","show_post_date":"1","post_date_format":"default","post_date_format_custom":"Y\/m\/d","show_post_category":"1","show_post_reading_time":"0","post_reading_time_wpm":"300","show_zoom_button":"0","zoom_button_out_step":"2","zoom_button_in_step":"3","show_post_tag":"1","show_prev_next_post":"1","show_popup_post":"1","number_popup_post":"1","show_author_box":"0","show_post_related":"0","show_inline_post_related":"0"}],"override_image_size":"0","image_override":[{"single_post_thumbnail_size":"crop-500","single_post_gallery_size":"crop-500"}],"trending_post":"0","trending_post_position":"meta","trending_post_label":"Trending","sponsored_post":"0","sponsored_post_label":"Sponsored by","sponsored_post_name":"","sponsored_post_url":"","sponsored_post_logo_enable":"0","sponsored_post_logo":"","sponsored_post_desc":"","disable_ad":"0"},"jnews_primary_category":{"id":""},"jnews_social_meta":{"fb_title":"Municipales: ATE ampl\u00eda la representaci\u00f3n a Villa Concepci\u00f3n del T\u00edo","fb_description":"","fb_image":"","twitter_title":"","twitter_description":"","twitter_image":""},"jnews_review":[],"enable_review":"0","type":"percentage","name":"","summary":"","brand":"","sku":"","good":[{"good_text":""}],"bad":[{"bad_text":""}],"score_override":"","override_value":"","rating":[{"rating_text":"","rating_number":"10"}],"price":[{"shop":"","price":"","link":"","icon":""}],"jnews_override_counter":{"override_view_counter":"0","view_counter_number":"0","override_share_counter":"0","share_counter_number":"0","override_like_counter":"0","like_counter_number":"0","override_dislike_counter":"0","dislike_counter_number":"0"},"jnews_post_split":{"enable_post_split":"0","post_split":[{"template":"1","tag":"h2","numbering":"asc","mode":"normal","first":"0","enable_toc":"0","toc_type":"normal"}]},"footnotes":""},"categories":[20],"tags":[1154],"class_list":["post-32629","post","type-post","status-publish","format-standard","has-post-thumbnail","hentry","category-municipales","tag-villa-concepcion-del-tio"],"jetpack_featured_media_url":"https:\/\/atecordoba.org\/wp-content\/uploads\/2022\/07\/villaconcepciondeltioportada-e1656938101515.jpg","_links":{"self":[{"href":"https:\/\/atecordoba.org\/index.php?rest_route=\/wp\/v2\/posts\/32629","targetHints":{"allow":["GET"]}}],"collection":[{"href":"https:\/\/atecordoba.org\/index.php?rest_route=\/wp\/v2\/posts"}],"about":[{"href":"https:\/\/atecordoba.org\/index.php?rest_route=\/wp\/v2\/types\/post"}],"author":[{"embeddable":true,"href":"https:\/\/atecordoba.org\/index.php?rest_route=\/wp\/v2\/users\/7"}],"replies":[{"embeddable":true,"href":"https:\/\/atecordoba.org\/index.php?rest_route=%2Fwp%2Fv2%2Fcomments&post=32629"}],"version-history":[{"count":1,"href":"https:\/\/atecordoba.org\/index.php?rest_route=\/wp\/v2\/posts\/32629\/revisions"}],"predecessor-version":[{"id":32631,"href":"https:\/\/atecordoba.org\/index.php?rest_route=\/wp\/v2\/posts\/32629\/revisions\/32631"}],"wp:featuredmedia":[{"embeddable":true,"href":"https:\/\/atecordoba.org\/index.php?rest_route=\/wp\/v2\/media\/32632"}],"wp:attachment":[{"href":"https:\/\/atecordoba.org\/index.php?rest_route=%2Fwp%2Fv2%2Fmedia&parent=32629"}],"wp:term":[{"taxonomy":"category","embeddable":true,"href":"https:\/\/atecordoba.org\/index.php?rest_route=%2Fwp%2Fv2%2Fcategories&post=32629"},{"taxonomy":"post_tag","embeddable":true,"href":"https:\/\/atecordoba.org\/index.php?rest_route=%2Fwp%2Fv2%2Ftags&post=32629"}],"curies":[{"name":"wp","href":"https:\/\/api.w.org\/{rel}","templated":true}]}}