{"id":32613,"date":"2022-07-01T12:41:46","date_gmt":"2022-07-01T15:41:46","guid":{"rendered":"https:\/\/atecordoba.org\/?p=32613"},"modified":"2022-07-01T12:43:44","modified_gmt":"2022-07-01T15:43:44","slug":"se-realizo-en-ate-el-encuentro-de-mujeres-y-diversidades","status":"publish","type":"post","link":"https:\/\/atecordoba.org\/?p=32613","title":{"rendered":"Se realiz\u00f3 en ATE el Encuentro de Mujeres y Diversidades"},"content":{"rendered":"\n<div class=\"wp-block-image\"><figure class=\"aligncenter size-large is-resized\"><img loading=\"lazy\" decoding=\"async\" src=\"https:\/\/atecordoba.org\/wp-content\/uploads\/2022\/07\/encuentro-violencia-1024x577.jpg\" alt=\"\" class=\"wp-image-32615\" width=\"768\" height=\"433\" \/><\/figure><\/div>\n\n\n\n<p>El encuentro se llev\u00f3 a cabo el 29 de junio, con la participaci\u00f3n de trabajadoras formales e informales, compa\u00f1eras de nuestra CTA, militantes y activistas de diversos \u00e1mbitos.<\/p>\n\n\n\n<div class=\"wp-block-image\"><figure class=\"alignleft size-large is-resized\"><img loading=\"lazy\" decoding=\"async\" src=\"https:\/\/atecordoba.org\/wp-content\/uploads\/2022\/07\/flyerdiverso-1024x1024.jpg\" alt=\"\" class=\"wp-image-32616\" width=\"320\" height=\"320\" srcset=\"https:\/\/atecordoba.org\/wp-content\/uploads\/2022\/07\/flyerdiverso-1024x1024.jpg 1024w, https:\/\/atecordoba.org\/wp-content\/uploads\/2022\/07\/flyerdiverso-300x300.jpg 300w, https:\/\/atecordoba.org\/wp-content\/uploads\/2022\/07\/flyerdiverso-150x150.jpg 150w, https:\/\/atecordoba.org\/wp-content\/uploads\/2022\/07\/flyerdiverso-768x768.jpg 768w, https:\/\/atecordoba.org\/wp-content\/uploads\/2022\/07\/flyerdiverso-560x560.jpg 560w, https:\/\/atecordoba.org\/wp-content\/uploads\/2022\/07\/flyerdiverso-75x75.jpg 75w, https:\/\/atecordoba.org\/wp-content\/uploads\/2022\/07\/flyerdiverso-350x350.jpg 350w, https:\/\/atecordoba.org\/wp-content\/uploads\/2022\/07\/flyerdiverso-750x750.jpg 750w, https:\/\/atecordoba.org\/wp-content\/uploads\/2022\/07\/flyerdiverso.jpg 1080w\" sizes=\"auto, (max-width: 320px) 100vw, 320px\" \/><\/figure><\/div>\n\n\n\n<p>Muchas compa\u00f1eras acompa\u00f1adas por sus hijes, aportaron al desarrollo de la actividad de manera espont\u00e1nea, donde  las compa\u00f1eras pudieron expresar sus vivencias personales sobre hechos de violencia, sea en le \u00e1mbito dom\u00e9stico o laboral.<\/p>\n\n\n\n<p>&#8220;Avanzamos en el debate de nuestro protocolo interno, entendiendo que es unas herramienta muy positiva porque viene a desarticular micromachismos que tambi\u00e9n tenemos incorporadas las mujeres y las personas que comparten con nosotras el d\u00eda a d\u00eda&#8221;, explic\u00f3 la delegada de ATE Carina Arg\u00fcello.<\/p>\n\n\n\n<p>&#8220;Tambi\u00e9n abordamos lo que dice la ley 26485 en relaci\u00f3n a la violencia pol\u00edtica, ya avanzando dentro de nuestra organizaci\u00f3n sindical. C\u00f3mo desarticular esas violencias, esas conductas y que acciones podemos realizar dentro de nuestro \u00e1mbito sindical&#8221;, dijo agreg\u00f3 Arg\u00fcello.<\/p>\n\n\n\n<p>&#8220;Un encuentro altamente positivo para el conjunto de las trabajadoras&#8221;, concluy\u00f3 la compa\u00f1era.<\/p>\n","protected":false},"excerpt":{"rendered":"<p>El encuentro se llev\u00f3 a cabo el 29 de junio, con la participaci\u00f3n de trabajadoras formales e informales, compa\u00f1eras de nuestra CTA, militantes y activistas de diversos \u00e1mbitos. Muchas compa\u00f1eras acompa\u00f1adas por sus hijes, aportaron al desarrollo de la actividad de manera espont\u00e1nea, donde las compa\u00f1eras pudieron expresar sus vivencias personales sobre hechos de violencia, [&hellip;]<\/p>\n","protected":false},"author":7,"featured_media":32615,"comment_status":"open","ping_status":"open","sticky":false,"template":"","format":"standard","meta":{"_exactmetrics_skip_tracking":false,"_exactmetrics_sitenote_active":false,"_exactmetrics_sitenote_note":"","_exactmetrics_sitenote_category":0,"jnews-multi-image_gallery":[],"jnews_single_post":{"subtitle":"Se avanz\u00f3 en el debate de nuestro protocolo interno, entendiendo que es unas herramienta muy positiva porque viene a desarticular micromachismos que tambi\u00e9n tenemos incorporadas las mujeres\", explic\u00f3 la delegada de ATE Carina Arg\u00fcello. ","format":"standard","video":"","gallery":"","source_name":"","source_url":"","via_name":"","via_url":"","override_template":"0","override":[{"template":"1","single_blog_custom":"","parallax":"1","fullscreen":"1","layout":"right-sidebar","sidebar":"default-sidebar","second_sidebar":"default-sidebar","sticky_sidebar":"1","share_position":"top","share_float_style":"share-monocrhome","show_share_counter":"1","show_view_counter":"1","show_featured":"1","show_post_meta":"1","show_post_author":"1","show_post_author_image":"1","show_post_date":"1","post_date_format":"default","post_date_format_custom":"Y\/m\/d","show_post_category":"1","show_post_reading_time":"0","post_reading_time_wpm":"300","show_zoom_button":"0","zoom_button_out_step":"2","zoom_button_in_step":"3","show_post_tag":"1","show_prev_next_post":"1","show_popup_post":"1","number_popup_post":"1","show_author_box":"0","show_post_related":"0","show_inline_post_related":"0"}],"override_image_size":"0","image_override":[{"single_post_thumbnail_size":"crop-500","single_post_gallery_size":"crop-500"}],"trending_post":"0","trending_post_position":"meta","trending_post_label":"Trending","sponsored_post":"0","sponsored_post_label":"Sponsored by","sponsored_post_name":"","sponsored_post_url":"","sponsored_post_logo_enable":"0","sponsored_post_logo":"","sponsored_post_desc":"","disable_ad":"0"},"jnews_primary_category":{"id":""},"jnews_social_meta":{"fb_title":"","fb_description":"","fb_image":"","twitter_title":"","twitter_description":"","twitter_image":""},"jnews_review":[],"enable_review":"0","type":"percentage","name":"","summary":"","brand":"","sku":"","good":[{"good_text":""}],"bad":[{"bad_text":""}],"score_override":"","override_value":"","rating":[{"rating_text":"","rating_number":"10"}],"price":[{"shop":"","price":"","link":"","icon":""}],"jnews_override_counter":{"override_view_counter":"0","view_counter_number":"0","override_share_counter":"0","share_counter_number":"0","override_like_counter":"0","like_counter_number":"0","override_dislike_counter":"0","dislike_counter_number":"0"},"jnews_post_split":{"enable_post_split":"0","post_split":[{"template":"1","tag":"h2","numbering":"asc","mode":"normal","first":"0","enable_toc":"0","toc_type":"normal"}]},"footnotes":""},"categories":[325],"tags":[],"class_list":["post-32613","post","type-post","status-publish","format-standard","has-post-thumbnail","hentry","category-generos-y-diversidades"],"jetpack_featured_media_url":"https:\/\/atecordoba.org\/wp-content\/uploads\/2022\/07\/encuentro-violencia-e1656690139365.jpg","_links":{"self":[{"href":"https:\/\/atecordoba.org\/index.php?rest_route=\/wp\/v2\/posts\/32613","targetHints":{"allow":["GET"]}}],"collection":[{"href":"https:\/\/atecordoba.org\/index.php?rest_route=\/wp\/v2\/posts"}],"about":[{"href":"https:\/\/atecordoba.org\/index.php?rest_route=\/wp\/v2\/types\/post"}],"author":[{"embeddable":true,"href":"https:\/\/atecordoba.org\/index.php?rest_route=\/wp\/v2\/users\/7"}],"replies":[{"embeddable":true,"href":"https:\/\/atecordoba.org\/index.php?rest_route=%2Fwp%2Fv2%2Fcomments&post=32613"}],"version-history":[{"count":2,"href":"https:\/\/atecordoba.org\/index.php?rest_route=\/wp\/v2\/posts\/32613\/revisions"}],"predecessor-version":[{"id":32619,"href":"https:\/\/atecordoba.org\/index.php?rest_route=\/wp\/v2\/posts\/32613\/revisions\/32619"}],"wp:featuredmedia":[{"embeddable":true,"href":"https:\/\/atecordoba.org\/index.php?rest_route=\/wp\/v2\/media\/32615"}],"wp:attachment":[{"href":"https:\/\/atecordoba.org\/index.php?rest_route=%2Fwp%2Fv2%2Fmedia&parent=32613"}],"wp:term":[{"taxonomy":"category","embeddable":true,"href":"https:\/\/atecordoba.org\/index.php?rest_route=%2Fwp%2Fv2%2Fcategories&post=32613"},{"taxonomy":"post_tag","embeddable":true,"href":"https:\/\/atecordoba.org\/index.php?rest_route=%2Fwp%2Fv2%2Ftags&post=32613"}],"curies":[{"name":"wp","href":"https:\/\/api.w.org\/{rel}","templated":true}]}}