{"id":3261,"date":"2013-09-19T16:58:06","date_gmt":"2013-09-19T19:58:06","guid":{"rendered":"http:\/\/www.atecordoba.org\/?p=3261"},"modified":"2013-09-19T16:58:06","modified_gmt":"2013-09-19T19:58:06","slug":"saludos-a-los-companeros-jubilados-en-su-dia","status":"publish","type":"post","link":"https:\/\/atecordoba.org\/?p=3261","title":{"rendered":"Saludos a los compa\u00f1eros jubilados en su d\u00eda"},"content":{"rendered":"<p><em>El Concejo Directivo Provincial de ATE env\u00eda un c\u00e1lido saludo a los compa\u00f1eros jubilados en su d\u00eda, compa\u00f1eros que deben disfrutar del merecido descanso despu\u00e9s de toda una vida de trabajo y que durante las \u00faltimas d\u00e9cadas han visto menoscabados sus derechos.<\/em><\/p>\n<p style=\"text-align: center;\"><a href=\"http:\/\/www.atecordoba.org\/wp-content\/uploads\/2013\/09\/marcha-jubilados.jpg\"><img loading=\"lazy\" decoding=\"async\" class=\" wp-image-3262 aligncenter\" alt=\"marcha jubilados\" src=\"http:\/\/www.atecordoba.org\/wp-content\/uploads\/2013\/09\/marcha-jubilados-1024x768.jpg\" width=\"614\" height=\"461\" \/><\/a><\/p>\n<p>Mientras los jubilados nacionales deben penar, en un 80%, cobrando la remuneraci\u00f3n m\u00ednima, los jubilados provinciales ven diferidos los aumentos seis meses, configurando un verdadero congelamiento de sus haberes, despu\u00e9s de realizar los aportes previsionales m\u00e1s altos del pa\u00eds.<\/p>\n<p>De esta forma, despu\u00e9s de una d\u00e9cada de crecimiento econ\u00f3mico a tasas chinas, con el Anses administrando la caja financiera m\u00e1s importante de Argentina, los jubilados siguen siendo aun hoy el sector con niveles de ingreso vergonzosos, aun con los sucesivos fallos de la Corte Suprema de Justicia que obligan al Estado nacional a actualizar las remuneraciones.<\/p>\n<p>Por todo ello, ATE en el d\u00eda de los jubilados refrenda su compromiso hist\u00f3rico en defensa de los compa\u00f1eros, para defender su dignidad y sus derechos conculcados, en el camino irrenunciable por el 82% m\u00f3vil para todos los jubilados del pa\u00eds.<\/p>\n<p>&nbsp;<\/p>\n<p align=\"right\">Mar\u00eda Teresa Romero<\/p>\n<p align=\"right\">Secretaria General<\/p>\n<p align=\"right\">ATE C\u00f3rdoba<\/p>\n","protected":false},"excerpt":{"rendered":"<p>El Concejo Directivo Provincial de ATE env\u00eda un c\u00e1lido saludo a los compa\u00f1eros jubilados en su d\u00eda, compa\u00f1eros que deben disfrutar del merecido descanso despu\u00e9s de toda una vida de trabajo y que durante las \u00faltimas d\u00e9cadas han visto menoscabados sus derechos. Mientras los jubilados nacionales deben penar, en un 80%, cobrando la remuneraci\u00f3n m\u00ednima, [&hellip;]<\/p>\n","protected":false},"author":1,"featured_media":19220,"comment_status":"open","ping_status":"open","sticky":false,"template":"","format":"standard","meta":{"_exactmetrics_skip_tracking":false,"_exactmetrics_sitenote_active":false,"_exactmetrics_sitenote_note":"","_exactmetrics_sitenote_category":0,"jnews-multi-image_gallery":[],"jnews_single_post":[],"jnews_primary_category":[],"jnews_social_meta":[],"jnews_review":[],"enable_review":"","type":"","name":"","summary":"","brand":"","sku":"","good":[],"bad":[],"score_override":"","override_value":"","rating":[],"price":[],"jnews_override_counter":[],"jnews_post_split":[],"footnotes":""},"categories":[53,22],"tags":[],"class_list":["post-3261","post","type-post","status-publish","format-standard","has-post-thumbnail","hentry","category-comunicados-de-prensa","category-jubilados"],"jetpack_featured_media_url":"https:\/\/atecordoba.org\/wp-content\/uploads\/2020\/05\/logo-nuevochico-e1561581322808.png","_links":{"self":[{"href":"https:\/\/atecordoba.org\/index.php?rest_route=\/wp\/v2\/posts\/3261","targetHints":{"allow":["GET"]}}],"collection":[{"href":"https:\/\/atecordoba.org\/index.php?rest_route=\/wp\/v2\/posts"}],"about":[{"href":"https:\/\/atecordoba.org\/index.php?rest_route=\/wp\/v2\/types\/post"}],"author":[{"embeddable":true,"href":"https:\/\/atecordoba.org\/index.php?rest_route=\/wp\/v2\/users\/1"}],"replies":[{"embeddable":true,"href":"https:\/\/atecordoba.org\/index.php?rest_route=%2Fwp%2Fv2%2Fcomments&post=3261"}],"version-history":[{"count":0,"href":"https:\/\/atecordoba.org\/index.php?rest_route=\/wp\/v2\/posts\/3261\/revisions"}],"wp:featuredmedia":[{"embeddable":true,"href":"https:\/\/atecordoba.org\/index.php?rest_route=\/wp\/v2\/media\/19220"}],"wp:attachment":[{"href":"https:\/\/atecordoba.org\/index.php?rest_route=%2Fwp%2Fv2%2Fmedia&parent=3261"}],"wp:term":[{"taxonomy":"category","embeddable":true,"href":"https:\/\/atecordoba.org\/index.php?rest_route=%2Fwp%2Fv2%2Fcategories&post=3261"},{"taxonomy":"post_tag","embeddable":true,"href":"https:\/\/atecordoba.org\/index.php?rest_route=%2Fwp%2Fv2%2Ftags&post=3261"}],"curies":[{"name":"wp","href":"https:\/\/api.w.org\/{rel}","templated":true}]}}