{"id":32608,"date":"2022-07-01T12:17:25","date_gmt":"2022-07-01T15:17:25","guid":{"rendered":"https:\/\/atecordoba.org\/?p=32608"},"modified":"2022-07-01T12:17:30","modified_gmt":"2022-07-01T15:17:30","slug":"dia-del-trabajador-estatal-la-vigencia-de-fortalecer-el-estado-para-liberar-la-nacion","status":"publish","type":"post","link":"https:\/\/atecordoba.org\/?p=32608","title":{"rendered":"D\u00eda del Trabajador Estatal: la vigencia de &#8216;fortalecer el Estado para liberar la Naci\u00f3n&#8217;"},"content":{"rendered":"\n<div class=\"wp-block-image\"><figure class=\"aligncenter size-large is-resized\"><img loading=\"lazy\" decoding=\"async\" src=\"https:\/\/atecordoba.org\/wp-content\/uploads\/2022\/07\/WhatsApp-Image-2022-06-28-at-7.13.03-PM-1024x575.jpeg\" alt=\"\" class=\"wp-image-32609\" width=\"768\" height=\"431\" srcset=\"https:\/\/atecordoba.org\/wp-content\/uploads\/2022\/07\/WhatsApp-Image-2022-06-28-at-7.13.03-PM-1024x575.jpeg 1024w, https:\/\/atecordoba.org\/wp-content\/uploads\/2022\/07\/WhatsApp-Image-2022-06-28-at-7.13.03-PM-300x169.jpeg 300w, https:\/\/atecordoba.org\/wp-content\/uploads\/2022\/07\/WhatsApp-Image-2022-06-28-at-7.13.03-PM-768x431.jpeg 768w, https:\/\/atecordoba.org\/wp-content\/uploads\/2022\/07\/WhatsApp-Image-2022-06-28-at-7.13.03-PM-750x421.jpeg 750w, https:\/\/atecordoba.org\/wp-content\/uploads\/2022\/07\/WhatsApp-Image-2022-06-28-at-7.13.03-PM-1140x640.jpeg 1140w, https:\/\/atecordoba.org\/wp-content\/uploads\/2022\/07\/WhatsApp-Image-2022-06-28-at-7.13.03-PM.jpeg 1280w\" sizes=\"auto, (max-width: 768px) 100vw, 768px\" \/><\/figure><\/div>\n\n\n\n<p>El 27 de junio pasado las y los estatales celebramos el D\u00eda del Trabajador Estatal, fecha impuesta en reconocimiento al papel que las y los trabajadores aportamos para el funcionamiento del Estado pero tambi\u00e9n el rol que desempe\u00f1amos en su defensa permanente frente a los poderes corporativos. La celebraci\u00f3n se logr\u00f3 establecer por ley a partir de la iniciativa de nuestro hist\u00f3rico dirigente estatal V\u00edctor De Gennaro durante su mandato como diputado nacional, de la misma forma que otro dirigente fundamental como Germ\u00e1n Abdala, cuando fuera diputado en la d\u00e9cada del &#8217;90, impuls\u00f3 y logr\u00f3 hacer ley en pleno menemismo el convenio colectivo de los estatales.<\/p>\n\n\n\n<p>A todo ello se refiri\u00f3 el compa\u00f1ero Luis Maceiro, integrante del Centro de Jubilados nacional de ATE, en una entrevista realizada por el programa radial Entre Todos y Todas, que emite GEN FM 107.5 los martes a las 18 horas.  <\/p>\n\n\n\n<p>&#8220;Gracias a German Abdala y Victor de Gennaro se logr\u00f3 en convenio colectivo de trabajo, siempre bajo el precepto de \u2018fortalecer el Estado para liberar la Naci\u00f3n\u2019. Hoy esta celebraci\u00f3n demuestra que los principios de ATE est\u00e1n m\u00e1s vigentes que nunca&#8221;, dijo Maceiro. <\/p>\n\n\n\n<p>Y reivindic\u00f3 la presencia del Estado como fundamental para la vida de nuestra comunidad. &#8220;Tenemos que tener conciencia de qu\u00e9 nos hubiera pasado si la pandemia nos encontraba con un gobierno como el de Macri. Vino a destruir el Estado en la misma l\u00ednea de la dictadura, y que es el plan de los grupos econ\u00f3micos&#8221;, dijo.<\/p>\n\n\n\n<p>Y cuestion\u00f3: &#8220;son los mismos que nos aumentan los precios, nos atacan acus\u00e1ndonos falsamente de no trabajar o de ir a las movilizaciones pagos. Pero como dec\u00eda Germ\u00e1n, nosotros nos mantenemos firmes en nuestras convicciones de sostener y defender el Estado y creemos en una patria mejor&#8221;. <\/p>\n\n\n\n<p>El dirigente tambi\u00e9n reivindic\u00f3 la vida pol\u00edtica interna de ATE porque &#8220;en nuestro gremio no hacemos diferencias, estamos todos adentro a pesar que muchas veces no coincidimos con algunos compa\u00f1eros. Por eso sacamos el tema de la expulsi\u00f3n del sindicato: en ATE no se echa a nadie. Hemos demostrado que vamos a seguir peleando para tener un Estado para los trabajadores y el pueblo&#8221;.<\/p>\n\n\n\n<p><strong>Jubilaciones<\/strong><\/p>\n\n\n\n<p>El compa\u00f1ero ratific\u00f3 la defensa del sistema previsional actual al decir que &#8220;seguimos reivindicando el 82% m\u00f3vil en los salarios que cobramos y el sistema de reparto, remarcando que el problema de la falta de fondos del sistema previsional no es de los trabajadores sino de los empleadores y un Estado que durante las \u00faltimas d\u00e9cadas no control\u00f3 que se realicen los aportes de los trabajadores&#8221;.<\/p>\n\n\n\n<p>Y agreg\u00f3: &#8220;para nosotros es un compromiso de vida y por eso estamos integrados al movimiento nacional y popular fundado all\u00e1 por 1945. Como dirigentes tenemos la responsabilizad de responder a la confianza que nos dieron los compa\u00f1eros&#8221;. <\/p>\n\n\n\n<p><\/p>\n","protected":false},"excerpt":{"rendered":"<p>El 27 de junio pasado las y los estatales celebramos el D\u00eda del Trabajador Estatal, fecha impuesta en reconocimiento al papel que las y los trabajadores aportamos para el funcionamiento del Estado pero tambi\u00e9n el rol que desempe\u00f1amos en su defensa permanente frente a los poderes corporativos. La celebraci\u00f3n se logr\u00f3 establecer por ley a [&hellip;]<\/p>\n","protected":false},"author":7,"featured_media":32481,"comment_status":"open","ping_status":"open","sticky":false,"template":"","format":"standard","meta":{"_exactmetrics_skip_tracking":false,"_exactmetrics_sitenote_active":false,"_exactmetrics_sitenote_note":"","_exactmetrics_sitenote_category":0,"jnews-multi-image_gallery":[],"jnews_single_post":{"subtitle":"\"Gracias a German Abdala y Victor de Gennaro se logr\u00f3 en convenio colectivo de trabajo, siempre bajo el precepto de \u2018fortalecer el Estado para liberar la Naci\u00f3n\u2019. Hoy esta celebraci\u00f3n demuestra que los principios de ATE est\u00e1n m\u00e1s vigentes que nunca\", dijo Luis Maceiro, integrante del Centro de Jubilados nacional de ATE ","format":"standard","video":"","gallery":"","source_name":"","source_url":"","via_name":"","via_url":"","override_template":"0","override":[{"template":"1","single_blog_custom":"","parallax":"1","fullscreen":"1","layout":"right-sidebar","sidebar":"default-sidebar","second_sidebar":"default-sidebar","sticky_sidebar":"1","share_position":"top","share_float_style":"share-monocrhome","show_share_counter":"1","show_view_counter":"1","show_featured":"1","show_post_meta":"1","show_post_author":"1","show_post_author_image":"1","show_post_date":"1","post_date_format":"default","post_date_format_custom":"Y\/m\/d","show_post_category":"1","show_post_reading_time":"0","post_reading_time_wpm":"300","show_zoom_button":"0","zoom_button_out_step":"2","zoom_button_in_step":"3","show_post_tag":"1","show_prev_next_post":"1","show_popup_post":"1","number_popup_post":"1","show_author_box":"0","show_post_related":"0","show_inline_post_related":"0"}],"override_image_size":"0","image_override":[{"single_post_thumbnail_size":"crop-500","single_post_gallery_size":"crop-500"}],"trending_post":"0","trending_post_position":"meta","trending_post_label":"Trending","sponsored_post":"0","sponsored_post_label":"Sponsored by","sponsored_post_name":"","sponsored_post_url":"","sponsored_post_logo_enable":"0","sponsored_post_logo":"","sponsored_post_desc":"","disable_ad":"0"},"jnews_primary_category":{"id":""},"jnews_social_meta":{"fb_title":"","fb_description":"","fb_image":"","twitter_title":"","twitter_description":"","twitter_image":""},"jnews_review":[],"enable_review":"0","type":"percentage","name":"","summary":"","brand":"","sku":"","good":[{"good_text":""}],"bad":[{"bad_text":""}],"score_override":"","override_value":"","rating":[{"rating_text":"","rating_number":"10"}],"price":[{"shop":"","price":"","link":"","icon":""}],"jnews_override_counter":{"override_view_counter":"0","view_counter_number":"0","override_share_counter":"0","share_counter_number":"0","override_like_counter":"0","like_counter_number":"0","override_dislike_counter":"0","dislike_counter_number":"0"},"jnews_post_split":{"enable_post_split":"0","post_split":[{"template":"1","tag":"h2","numbering":"asc","mode":"normal","first":"0","enable_toc":"0","toc_type":"normal"}]},"footnotes":""},"categories":[22],"tags":[1153],"class_list":["post-32608","post","type-post","status-publish","format-standard","has-post-thumbnail","hentry","category-jubilados","tag-dia-de-trabajador-estatal"],"jetpack_featured_media_url":"https:\/\/atecordoba.org\/wp-content\/uploads\/2022\/06\/flyer-e1656096151203.jpg","_links":{"self":[{"href":"https:\/\/atecordoba.org\/index.php?rest_route=\/wp\/v2\/posts\/32608","targetHints":{"allow":["GET"]}}],"collection":[{"href":"https:\/\/atecordoba.org\/index.php?rest_route=\/wp\/v2\/posts"}],"about":[{"href":"https:\/\/atecordoba.org\/index.php?rest_route=\/wp\/v2\/types\/post"}],"author":[{"embeddable":true,"href":"https:\/\/atecordoba.org\/index.php?rest_route=\/wp\/v2\/users\/7"}],"replies":[{"embeddable":true,"href":"https:\/\/atecordoba.org\/index.php?rest_route=%2Fwp%2Fv2%2Fcomments&post=32608"}],"version-history":[{"count":1,"href":"https:\/\/atecordoba.org\/index.php?rest_route=\/wp\/v2\/posts\/32608\/revisions"}],"predecessor-version":[{"id":32610,"href":"https:\/\/atecordoba.org\/index.php?rest_route=\/wp\/v2\/posts\/32608\/revisions\/32610"}],"wp:featuredmedia":[{"embeddable":true,"href":"https:\/\/atecordoba.org\/index.php?rest_route=\/wp\/v2\/media\/32481"}],"wp:attachment":[{"href":"https:\/\/atecordoba.org\/index.php?rest_route=%2Fwp%2Fv2%2Fmedia&parent=32608"}],"wp:term":[{"taxonomy":"category","embeddable":true,"href":"https:\/\/atecordoba.org\/index.php?rest_route=%2Fwp%2Fv2%2Fcategories&post=32608"},{"taxonomy":"post_tag","embeddable":true,"href":"https:\/\/atecordoba.org\/index.php?rest_route=%2Fwp%2Fv2%2Ftags&post=32608"}],"curies":[{"name":"wp","href":"https:\/\/api.w.org\/{rel}","templated":true}]}}