{"id":32598,"date":"2022-07-01T10:47:47","date_gmt":"2022-07-01T13:47:47","guid":{"rendered":"https:\/\/atecordoba.org\/?p=32598"},"modified":"2022-07-01T11:07:51","modified_gmt":"2022-07-01T14:07:51","slug":"el-personal-del-hospital-de-rio-cuarto-no-da-abasto-por-la-falta-de-trabajadores-frente-a-la-demanda-invernal","status":"publish","type":"post","link":"https:\/\/atecordoba.org\/?p=32598","title":{"rendered":"El personal del Hospital de R\u00edo Cuarto no da abasto por la falta de trabajadores frente a la demanda invernal"},"content":{"rendered":"\n<div class=\"wp-block-image\"><figure class=\"aligncenter size-full is-resized\"><img loading=\"lazy\" decoding=\"async\" src=\"https:\/\/atecordoba.org\/wp-content\/uploads\/2022\/07\/hospriocuarto.jpg\" alt=\"\" class=\"wp-image-32599\" width=\"488\" height=\"287\" \/><\/figure><\/div>\n\n\n\n<p>La delegada de ATE en el Hospital San Antonio de Padua, , Andrea Ferreira, explic\u00f3 que los vecinos demandan atenci\u00f3n en el momento y, con un sistema de turnos complejo, se genera mucho enojo e increpan a trabajadores.<\/p>\n\n\n\n<p>\u201cEn general s\u00ed est\u00e1 habiendo demora para conseguir turnos. Hay largas esperas para conseguir atenci\u00f3n\u201d, se\u00f1al\u00f3 Ferreyra.<\/p>\n\n\n\n<p>\u201cComo trabajadores lo que venimos observando, y en algunos sectores m\u00e1s cr\u00edticamente que en otros, es la falta de personal. Se van jubilando o van cesando en sus funciones y esos reemplazos no se generan. Van quedando cada vez menos profesionales para atender una demanda cada vez m\u00e1s alta porque la zona de influencia del Hospital de R\u00edo Cuarto es muy grande\u201d, a\u00f1adi\u00f3 la delegada.<\/p>\n\n\n\n<p>Traumatolog\u00eda es un sector cr\u00edtico, en tanto salud mental es h\u00edper cr\u00edtico, el sector de infanto-juvenil de salud mental, en neurolog\u00eda est\u00e1n bastante sobrepasados, en cardiolog\u00eda, seg\u00fan enumer\u00f3 Ferreira al programa radial As\u00ed est\u00e1n las Cosas, de FM Gospel de r\u00edo cuarto .<\/p>\n\n\n\n<p>&#8220;No s\u00e9 si hay alg\u00fan \u00e1rea que est\u00e9 holgada. Esto se viene transmitiendo y exponiendo a las autoridades pero seguimos sin respuestas. Un hospital requiere de trabajadores en n\u00famero suficiente para poder dar respuesta y eso es lo que no est\u00e1 sucediendo\u201d, concluy\u00f3.<\/p>\n","protected":false},"excerpt":{"rendered":"<p>La delegada de ATE en el Hospital San Antonio de Padua, , Andrea Ferreira, explic\u00f3 que los vecinos demandan atenci\u00f3n en el momento y, con un sistema de turnos complejo, se genera mucho enojo e increpan a trabajadores. \u201cEn general s\u00ed est\u00e1 habiendo demora para conseguir turnos. Hay largas esperas para conseguir atenci\u00f3n\u201d, se\u00f1al\u00f3 Ferreyra. [&hellip;]<\/p>\n","protected":false},"author":7,"featured_media":32599,"comment_status":"open","ping_status":"open","sticky":false,"template":"","format":"standard","meta":{"_exactmetrics_skip_tracking":false,"_exactmetrics_sitenote_active":false,"_exactmetrics_sitenote_note":"","_exactmetrics_sitenote_category":0,"jnews-multi-image_gallery":[],"jnews_single_post":{"subtitle":"La delegada de ATE en el Hospital San Antonio de Padua de R\u00edo Cuarto, Andrea Ferreyra, dijo que se generan situaciones de violencia porque los vecinos piden atenci\u00f3n en el momento pero el sistema de turnos complejo genera mucho enojo.","format":"standard","video":"","gallery":"","source_name":"","source_url":"","via_name":"","via_url":"","override_template":"0","override":[{"template":"1","single_blog_custom":"","parallax":"1","fullscreen":"1","layout":"right-sidebar","sidebar":"default-sidebar","second_sidebar":"default-sidebar","sticky_sidebar":"1","share_position":"top","share_float_style":"share-monocrhome","show_share_counter":"1","show_view_counter":"1","show_featured":"1","show_post_meta":"1","show_post_author":"1","show_post_author_image":"1","show_post_date":"1","post_date_format":"default","post_date_format_custom":"Y\/m\/d","show_post_category":"1","show_post_reading_time":"0","post_reading_time_wpm":"300","show_zoom_button":"0","zoom_button_out_step":"2","zoom_button_in_step":"3","show_post_tag":"1","show_prev_next_post":"1","show_popup_post":"1","number_popup_post":"1","show_author_box":"0","show_post_related":"0","show_inline_post_related":"0"}],"override_image_size":"0","image_override":[{"single_post_thumbnail_size":"crop-500","single_post_gallery_size":"crop-500"}],"trending_post":"0","trending_post_position":"meta","trending_post_label":"Trending","sponsored_post":"0","sponsored_post_label":"Sponsored by","sponsored_post_name":"","sponsored_post_url":"","sponsored_post_logo_enable":"0","sponsored_post_logo":"","sponsored_post_desc":"","disable_ad":"0"},"jnews_primary_category":{"id":""},"jnews_social_meta":{"fb_title":"Provinciales: El personal del Hospital de R\u00edo Cuarto no da abasto por la falta de trabajadores frente a la demanda invernal","fb_description":"","fb_image":"","twitter_title":"","twitter_description":"","twitter_image":""},"jnews_review":[],"enable_review":"0","type":"percentage","name":"","summary":"","brand":"","sku":"","good":[{"good_text":""}],"bad":[{"bad_text":""}],"score_override":"","override_value":"","rating":[{"rating_text":"","rating_number":"10"}],"price":[{"shop":"","price":"","link":"","icon":""}],"jnews_override_counter":{"override_view_counter":"0","view_counter_number":"0","override_share_counter":"0","share_counter_number":"0","override_like_counter":"0","like_counter_number":"0","override_dislike_counter":"0","dislike_counter_number":"0"},"jnews_post_split":{"enable_post_split":"0","post_split":[{"template":"1","tag":"h2","numbering":"asc","mode":"normal","first":"0","enable_toc":"0","toc_type":"normal"}]},"footnotes":""},"categories":[8,12],"tags":[1152],"class_list":["post-32598","post","type-post","status-publish","format-standard","has-post-thumbnail","hentry","category-provinciales","category-rio-cuarto","tag-hospital-rio-cuarto"],"jetpack_featured_media_url":"https:\/\/atecordoba.org\/wp-content\/uploads\/2022\/07\/hospriocuarto-e1656683245612.jpg","_links":{"self":[{"href":"https:\/\/atecordoba.org\/index.php?rest_route=\/wp\/v2\/posts\/32598","targetHints":{"allow":["GET"]}}],"collection":[{"href":"https:\/\/atecordoba.org\/index.php?rest_route=\/wp\/v2\/posts"}],"about":[{"href":"https:\/\/atecordoba.org\/index.php?rest_route=\/wp\/v2\/types\/post"}],"author":[{"embeddable":true,"href":"https:\/\/atecordoba.org\/index.php?rest_route=\/wp\/v2\/users\/7"}],"replies":[{"embeddable":true,"href":"https:\/\/atecordoba.org\/index.php?rest_route=%2Fwp%2Fv2%2Fcomments&post=32598"}],"version-history":[{"count":1,"href":"https:\/\/atecordoba.org\/index.php?rest_route=\/wp\/v2\/posts\/32598\/revisions"}],"predecessor-version":[{"id":32600,"href":"https:\/\/atecordoba.org\/index.php?rest_route=\/wp\/v2\/posts\/32598\/revisions\/32600"}],"wp:featuredmedia":[{"embeddable":true,"href":"https:\/\/atecordoba.org\/index.php?rest_route=\/wp\/v2\/media\/32599"}],"wp:attachment":[{"href":"https:\/\/atecordoba.org\/index.php?rest_route=%2Fwp%2Fv2%2Fmedia&parent=32598"}],"wp:term":[{"taxonomy":"category","embeddable":true,"href":"https:\/\/atecordoba.org\/index.php?rest_route=%2Fwp%2Fv2%2Fcategories&post=32598"},{"taxonomy":"post_tag","embeddable":true,"href":"https:\/\/atecordoba.org\/index.php?rest_route=%2Fwp%2Fv2%2Ftags&post=32598"}],"curies":[{"name":"wp","href":"https:\/\/api.w.org\/{rel}","templated":true}]}}