{"id":32552,"date":"2022-06-30T13:11:58","date_gmt":"2022-06-30T16:11:58","guid":{"rendered":"https:\/\/atecordoba.org\/?p=32552"},"modified":"2022-06-30T13:15:42","modified_gmt":"2022-06-30T16:15:42","slug":"salud-mental-las-y-los-trabajadores-del-neuropsiquiatrico-denuncian-un-panorama-desolador-en-el-area","status":"publish","type":"post","link":"https:\/\/atecordoba.org\/?p=32552","title":{"rendered":"Salud Mental: las y los trabajadores del Neuropsiqui\u00e1trico denuncian un panorama desolador en el \u00e1rea"},"content":{"rendered":"\n<p><\/p>\n\n\n\n<div class=\"wp-block-image\"><figure class=\"aligncenter size-large is-resized\"><img loading=\"lazy\" decoding=\"async\" src=\"https:\/\/atecordoba.org\/wp-content\/uploads\/2022\/06\/IMG-20210914-WA0027-1024x768.jpg\" alt=\"\" class=\"wp-image-32554\" width=\"768\" height=\"576\" srcset=\"https:\/\/atecordoba.org\/wp-content\/uploads\/2022\/06\/IMG-20210914-WA0027-1024x768.jpg 1024w, https:\/\/atecordoba.org\/wp-content\/uploads\/2022\/06\/IMG-20210914-WA0027-300x225.jpg 300w, https:\/\/atecordoba.org\/wp-content\/uploads\/2022\/06\/IMG-20210914-WA0027-768x576.jpg 768w, https:\/\/atecordoba.org\/wp-content\/uploads\/2022\/06\/IMG-20210914-WA0027-750x563.jpg 750w, https:\/\/atecordoba.org\/wp-content\/uploads\/2022\/06\/IMG-20210914-WA0027-1140x855.jpg 1140w, https:\/\/atecordoba.org\/wp-content\/uploads\/2022\/06\/IMG-20210914-WA0027.jpg 1280w\" sizes=\"auto, (max-width: 768px) 100vw, 768px\" \/><figcaption>(archivo)<\/figcaption><\/figure><\/div>\n\n\n\n<p>En una nota dirigida a la comunidad en general, las y los trabajadores del Hospital Neuropsiqui\u00e1trico Provincial (HNP) denunciaron la grave situaci\u00f3n que atraviesa el centro de salud y todo el sector de atenci\u00f3n psiqui\u00e1trica en general como consecuencia de las p\u00e9simas pol\u00edticas p\u00fablicas que lleva adelante la Secretaria de Salud Mental, de donde dependen los efectores del \u00e1rea. <\/p>\n\n\n\n<p>Principalmente, las y los profesionales apuntan al cierre del <strong>Instituto Provincial de Alcoholismo y Drogadicciones<\/strong> (IPAD), que convulsiona a la de por s\u00ed delicada estructura de atenci\u00f3n en el HNP toda vez que ahora confluyen all\u00ed las demandas de atenci\u00f3n de ambas instituciones. De esta forma, describen un contexto de  recientes cambios institucionales &#8220;que reflejan la ausencia de planificaci\u00f3n y asignaci\u00f3n de recursos, y las graves consecuencias que los mismos acarrean en el \u00e1mbito asistencial para la poblaci\u00f3n en general&#8221;.<\/p>\n\n\n\n<p>Desde ATE C\u00f3rdoba nos solidarizamos con la comunidad del HNP y repudiamos el accionar deliberadamente perjudicial para pacientes, familias, trabajadoras y trabajadores que lleva adelante el gobierno de Juan Schairetti, que hace a\u00f1os que viene horadando el sistema p\u00fablico de salud en beneficio de los efectores privados, al tiempo que impone tercerizaciones, precarizaci\u00f3n laboral y p\u00e9simos salarios en el sector. Este panorama est\u00e1 generando un vaciamiento de recursos humanos que impacta en la l\u00ednea de flotaci\u00f3n del sistema de salud en general y de salud mental en particular. <\/p>\n\n\n\n<p>A continuaci\u00f3n facilitamos la nota completa: <\/p>\n\n\n<a href=\"https:\/\/atecordoba.org\/wp-content\/uploads\/2022\/06\/Nota-Trabajadores-del-HNP-cierre-del-IPAD.pdf\" class=\"pdfemb-viewer\" style=\"\" data-width=\"max\" data-height=\"max\" data-toolbar=\"bottom\" data-toolbar-fixed=\"off\">Nota-Trabajadores-del-HNP-cierre-del-IPAD<\/a>\n<p class=\"wp-block-pdfemb-pdf-embedder-viewer\"><\/p>\n","protected":false},"excerpt":{"rendered":"<p>En una nota dirigida a la comunidad en general, las y los trabajadores del Hospital Neuropsiqui\u00e1trico Provincial (HNP) denunciaron la grave situaci\u00f3n que atraviesa el centro de salud y todo el sector de atenci\u00f3n psiqui\u00e1trica en general como consecuencia de las p\u00e9simas pol\u00edticas p\u00fablicas que lleva adelante la Secretaria de Salud Mental, de donde dependen [&hellip;]<\/p>\n","protected":false},"author":7,"featured_media":32555,"comment_status":"open","ping_status":"open","sticky":false,"template":"","format":"standard","meta":{"_exactmetrics_skip_tracking":false,"_exactmetrics_sitenote_active":false,"_exactmetrics_sitenote_note":"","_exactmetrics_sitenote_category":0,"jnews-multi-image_gallery":[],"jnews_single_post":{"subtitle":"Apuntan que el cierre del Instituto Provincial de Alcoholismo y Drogadicciones (IPAD), que convulsiona a la de por s\u00ed delicada estructura de atenci\u00f3n en el Hospital Neuropsiqui\u00e1trico Provincial toda vez que ahora confluyen all\u00ed las demandas de atenci\u00f3n de ambas instituciones.","format":"standard","video":"","gallery":"","source_name":"","source_url":"","via_name":"","via_url":"","override_template":"0","override":[{"template":"1","single_blog_custom":"","parallax":"1","fullscreen":"1","layout":"right-sidebar","sidebar":"default-sidebar","second_sidebar":"default-sidebar","sticky_sidebar":"1","share_position":"top","share_float_style":"share-monocrhome","show_share_counter":"1","show_view_counter":"1","show_featured":"1","show_post_meta":"1","show_post_author":"1","show_post_author_image":"1","show_post_date":"1","post_date_format":"default","post_date_format_custom":"Y\/m\/d","show_post_category":"1","show_post_reading_time":"0","post_reading_time_wpm":"300","show_zoom_button":"0","zoom_button_out_step":"2","zoom_button_in_step":"3","show_post_tag":"1","show_prev_next_post":"1","show_popup_post":"1","number_popup_post":"1","show_author_box":"0","show_post_related":"0","show_inline_post_related":"0"}],"override_image_size":"0","image_override":[{"single_post_thumbnail_size":"crop-500","single_post_gallery_size":"crop-500"}],"trending_post":"0","trending_post_position":"meta","trending_post_label":"Trending","sponsored_post":"0","sponsored_post_label":"Sponsored by","sponsored_post_name":"","sponsored_post_url":"","sponsored_post_logo_enable":"0","sponsored_post_logo":"","sponsored_post_desc":"","disable_ad":"0"},"jnews_primary_category":{"id":""},"jnews_social_meta":{"fb_title":"","fb_description":"","fb_image":"","twitter_title":"","twitter_description":"","twitter_image":""},"jnews_review":[],"enable_review":"0","type":"percentage","name":"","summary":"","brand":"","sku":"","good":[{"good_text":""}],"bad":[{"bad_text":""}],"score_override":"","override_value":"","rating":[{"rating_text":"","rating_number":"10"}],"price":[{"shop":"","price":"","link":"","icon":""}],"jnews_override_counter":{"override_view_counter":"0","view_counter_number":"0","override_share_counter":"0","share_counter_number":"0","override_like_counter":"0","like_counter_number":"0","override_dislike_counter":"0","dislike_counter_number":"0"},"jnews_post_split":{"enable_post_split":"0","post_split":[{"template":"1","tag":"h2","numbering":"asc","mode":"normal","first":"0","enable_toc":"0","toc_type":"normal"}]},"footnotes":""},"categories":[1],"tags":[420,918,435,1150],"class_list":["post-32552","post","type-post","status-publish","format-standard","has-post-thumbnail","hentry","category-sin-categoria","tag-gobierno-de-cordoba","tag-hospital-neuropsiquiatrico","tag-salud-mental","tag-vaciamiento-sistema-salud"],"jetpack_featured_media_url":"https:\/\/atecordoba.org\/wp-content\/uploads\/2022\/06\/neuro-e1656605428213.jpg","_links":{"self":[{"href":"https:\/\/atecordoba.org\/index.php?rest_route=\/wp\/v2\/posts\/32552","targetHints":{"allow":["GET"]}}],"collection":[{"href":"https:\/\/atecordoba.org\/index.php?rest_route=\/wp\/v2\/posts"}],"about":[{"href":"https:\/\/atecordoba.org\/index.php?rest_route=\/wp\/v2\/types\/post"}],"author":[{"embeddable":true,"href":"https:\/\/atecordoba.org\/index.php?rest_route=\/wp\/v2\/users\/7"}],"replies":[{"embeddable":true,"href":"https:\/\/atecordoba.org\/index.php?rest_route=%2Fwp%2Fv2%2Fcomments&post=32552"}],"version-history":[{"count":1,"href":"https:\/\/atecordoba.org\/index.php?rest_route=\/wp\/v2\/posts\/32552\/revisions"}],"predecessor-version":[{"id":32556,"href":"https:\/\/atecordoba.org\/index.php?rest_route=\/wp\/v2\/posts\/32552\/revisions\/32556"}],"wp:featuredmedia":[{"embeddable":true,"href":"https:\/\/atecordoba.org\/index.php?rest_route=\/wp\/v2\/media\/32555"}],"wp:attachment":[{"href":"https:\/\/atecordoba.org\/index.php?rest_route=%2Fwp%2Fv2%2Fmedia&parent=32552"}],"wp:term":[{"taxonomy":"category","embeddable":true,"href":"https:\/\/atecordoba.org\/index.php?rest_route=%2Fwp%2Fv2%2Fcategories&post=32552"},{"taxonomy":"post_tag","embeddable":true,"href":"https:\/\/atecordoba.org\/index.php?rest_route=%2Fwp%2Fv2%2Ftags&post=32552"}],"curies":[{"name":"wp","href":"https:\/\/api.w.org\/{rel}","templated":true}]}}