{"id":3254,"date":"2013-09-18T17:53:31","date_gmt":"2013-09-18T20:53:31","guid":{"rendered":"http:\/\/www.atecordoba.org\/?p=3254"},"modified":"2013-09-18T17:53:31","modified_gmt":"2013-09-18T20:53:31","slug":"unc-tras-cinco-dias-de-paro-continua-el-conflicto-en-psicologia","status":"publish","type":"post","link":"https:\/\/atecordoba.org\/?p=3254","title":{"rendered":"UNC: tras cinco d\u00edas de paro, contin\u00faa el conflicto en Psicolog\u00eda"},"content":{"rendered":"<p><i>Los trabajadores esperan una respuesta de las autoridades. Ma\u00f1ana el Consejo Directivo de la Facultad analizar\u00e1 las medidas necesarias para descomprimir el conflicto, iniciado por la sanci\u00f3n arbitraria a un compa\u00f1ero no docente. El rectorado levantar\u00eda las sanciones despu\u00e9s que se presente un recurso de reconsideraci\u00f3n.<\/i><\/p>\n<p style=\"text-align: center;\"><a href=\"http:\/\/www.atecordoba.org\/wp-content\/uploads\/2013\/09\/asambea_psico_1.jpg\"><img loading=\"lazy\" decoding=\"async\" class=\" wp-image-3256 aligncenter\" alt=\"asambea_psico_1\" src=\"http:\/\/www.atecordoba.org\/wp-content\/uploads\/2013\/09\/asambea_psico_1.jpg\" width=\"576\" height=\"432\" \/><\/a><\/p>\n<p>Tras una serie de reuniones realizadas con las autoridades de la Facultad de Psicolog\u00eda, por un lado, y con representantes del Rectorado, la asamblea de trabajadores aguardar\u00e1 medidas concretas para finalizar el paro de actividades que se desarrolla en la unidad acad\u00e9mica desde el jueves pasado.<\/p>\n<p>El conflicto se inici\u00f3 cuando el compa\u00f1ero Agust\u00edn Peressini result\u00f3 sancionado con 10 d\u00edas de suspensi\u00f3n y una multa punitoria, cuando fue robado un ca\u00f1\u00f3n proyector de las instalaciones de la Facultad. Si bien, el Rectorado no le asign\u00f3 responsabilidad al compa\u00f1ero sobre el hecho, Peressini igual fue castigado lo que desat\u00f3 la protesta del resto de los no docentes de Psicolog\u00eda. \u201cEl compa\u00f1ero ten\u00eda que atender m\u00faltiples funciones por falta de personal. Pero como la m\u00e1quina se rob\u00f3 durante su turno lo sancionaron a \u00e9l. Fue tan injusta la sanci\u00f3n que todos nos levantamos a protestar\u201d, dijo uno de los integrantes de la asamblea.<\/p>\n<p>ATE, a pedido de la asamblea, dio apoyo total a los compa\u00f1eros en conflicto que resolvieron realizar un paro hasta revertir las sanciones. Ahora, las autoridades dieron se\u00f1ales de iniciar la marcha atr\u00e1s, que se plasmar\u00eda en dos sentidos: por un lado el Rectorado levantar\u00eda la sanci\u00f3n cuando el abogado del compa\u00f1ero presente un recurso de reconsideraci\u00f3n de la resoluci\u00f3n rectoral de la UNC; por otro, el Consejo Directivo de la Facultad analizar\u00e1 ma\u00f1ana una propuesta de la asamblea no docentes para llevar a cabo un plan de contingencia para reasignaci\u00f3n de tareas en funci\u00f3n de las demandas y el personal disponible. De esta forma, los compa\u00f1eros de Servicios Generales ver\u00edan disminuida la sobrecarga de tareas.<\/p>\n<p>\u201cEs la explosi\u00f3n de un conflicto que tiene su origen en el alto grado de precarizaci\u00f3n de los compa\u00f1eros. Por eso se reclama una soluci\u00f3n integral donde participen todos los claustros, apoy\u00e1ndose en la decisi\u00f3n pol\u00edtica que muestran las autoridades\u201d, se\u00f1alaron en la asamblea donde participan los 45 trabajadores del sector. Desde hace una semana que la Facultad no tiene actividades a causa del conflicto.<\/p>\n<p>Representantes de la asamblea se reunieron hoy con la vicedenada, Cristina Petit, para presentarle un diagn\u00f3stico de la situaci\u00f3n, que incluye descripci\u00f3n de las funciones, franja horaria, jerarqu\u00edas y la cantidad de personal disponible. \u201cEst\u00e1 claro que as\u00ed no podemos seguir. Hace falta m\u00e1s trabajadores para cumplir las actividades de forma correcta. Si no se suceden este tipo de problemas (como el robo de un aparato de la Facultad) y los que tenemos la culpa somos los no docentes. Pero todos saben que no es as\u00ed, no damos abasto para cubrir todas las responsabilidades que nos asignan\u201d, agregaron desde la asamblea.<\/p>\n<p>En ese sentido, las autoridades de la Facultad se comprometieron a realizar un instructivo para que los docentes est\u00e9n en condiciones \u00a0de manejar el material inherente a las aulas. La gesti\u00f3n se pondr\u00eda a la cabeza, en funci\u00f3n de las responsabilidades patrimoniales del equipamiento existente en las instalaciones.<\/p>\n<p>A su vez, otro grupo de representantes de la asamblea analiz\u00f3 con el secretario General de la UNC, Alberto Le\u00f3n, el procedimiento general de sumarios -como el que termin\u00f3 castigando a Peressini- a los efectos de evitar futuras sanciones arbitrarias.<\/p>\n<p style=\"text-align: center;\"><a href=\"http:\/\/www.atecordoba.org\/wp-content\/uploads\/2013\/09\/asambea_psico_2.jpg\"><img loading=\"lazy\" decoding=\"async\" class=\" wp-image-3255 aligncenter\" alt=\"asambea_psico_2\" src=\"http:\/\/www.atecordoba.org\/wp-content\/uploads\/2013\/09\/asambea_psico_2.jpg\" width=\"538\" height=\"403\" \/><\/a><\/p>\n","protected":false},"excerpt":{"rendered":"<p>Los trabajadores esperan una respuesta de las autoridades. Ma\u00f1ana el Consejo Directivo de la Facultad analizar\u00e1 las medidas necesarias para descomprimir el conflicto, iniciado por la sanci\u00f3n arbitraria a un compa\u00f1ero no docente. El rectorado levantar\u00eda las sanciones despu\u00e9s que se presente un recurso de reconsideraci\u00f3n. Tras una serie de reuniones realizadas con las autoridades [&hellip;]<\/p>\n","protected":false},"author":1,"featured_media":19220,"comment_status":"open","ping_status":"open","sticky":false,"template":"","format":"standard","meta":{"_exactmetrics_skip_tracking":false,"_exactmetrics_sitenote_active":false,"_exactmetrics_sitenote_note":"","_exactmetrics_sitenote_category":0,"jnews-multi-image_gallery":[],"jnews_single_post":[],"jnews_primary_category":[],"jnews_social_meta":[],"jnews_review":[],"enable_review":"","type":"","name":"","summary":"","brand":"","sku":"","good":[],"bad":[],"score_override":"","override_value":"","rating":[],"price":[],"jnews_override_counter":[],"jnews_post_split":[],"footnotes":""},"categories":[18,89],"tags":[],"class_list":["post-3254","post","type-post","status-publish","format-standard","has-post-thumbnail","hentry","category-nacionales","category-unc"],"jetpack_featured_media_url":"https:\/\/atecordoba.org\/wp-content\/uploads\/2020\/05\/logo-nuevochico-e1561581322808.png","_links":{"self":[{"href":"https:\/\/atecordoba.org\/index.php?rest_route=\/wp\/v2\/posts\/3254","targetHints":{"allow":["GET"]}}],"collection":[{"href":"https:\/\/atecordoba.org\/index.php?rest_route=\/wp\/v2\/posts"}],"about":[{"href":"https:\/\/atecordoba.org\/index.php?rest_route=\/wp\/v2\/types\/post"}],"author":[{"embeddable":true,"href":"https:\/\/atecordoba.org\/index.php?rest_route=\/wp\/v2\/users\/1"}],"replies":[{"embeddable":true,"href":"https:\/\/atecordoba.org\/index.php?rest_route=%2Fwp%2Fv2%2Fcomments&post=3254"}],"version-history":[{"count":0,"href":"https:\/\/atecordoba.org\/index.php?rest_route=\/wp\/v2\/posts\/3254\/revisions"}],"wp:featuredmedia":[{"embeddable":true,"href":"https:\/\/atecordoba.org\/index.php?rest_route=\/wp\/v2\/media\/19220"}],"wp:attachment":[{"href":"https:\/\/atecordoba.org\/index.php?rest_route=%2Fwp%2Fv2%2Fmedia&parent=3254"}],"wp:term":[{"taxonomy":"category","embeddable":true,"href":"https:\/\/atecordoba.org\/index.php?rest_route=%2Fwp%2Fv2%2Fcategories&post=3254"},{"taxonomy":"post_tag","embeddable":true,"href":"https:\/\/atecordoba.org\/index.php?rest_route=%2Fwp%2Fv2%2Ftags&post=3254"}],"curies":[{"name":"wp","href":"https:\/\/api.w.org\/{rel}","templated":true}]}}