{"id":32500,"date":"2022-06-28T10:05:28","date_gmt":"2022-06-28T13:05:28","guid":{"rendered":"https:\/\/atecordoba.org\/?p=32500"},"modified":"2022-06-28T10:27:01","modified_gmt":"2022-06-28T13:27:01","slug":"conicet-protocolo-contra-la-violencia-de-genero","status":"publish","type":"post","link":"https:\/\/atecordoba.org\/?p=32500","title":{"rendered":"Conicet: protocolo contra la violencia de g\u00e9nero"},"content":{"rendered":"\n<div class=\"wp-block-image\"><figure class=\"aligncenter size-large is-resized\"><img loading=\"lazy\" decoding=\"async\" src=\"https:\/\/atecordoba.org\/wp-content\/uploads\/2022\/06\/banderaconicet-1024x576.jpg\" alt=\"\" class=\"wp-image-32501\" width=\"768\" height=\"432\" \/><\/figure><\/div>\n\n\n\n<p>M\u00e1s all\u00e1 de lo establecido a trav\u00e9s de los mecanismos que describimos a continuaci\u00f3n, les afiliades tienen la posibilidad de <strong>asesoria legal en ATE<\/strong> <strong>y todes les trabajadores <\/strong>pueden consultar y pedir acompa\u00f1amiento de les delegades en cualquier situaci\u00f3n de violencia.&nbsp;<\/p>\n\n\n\n<p>&nbsp;En el caso de CONICET existen dos v\u00edas posibles y complementarias:<\/p>\n\n\n\n<p>1. Pedir la aplicaci\u00f3n del \u201cProtocolo de actuaci\u00f3n para la prevenci\u00f3n, difusi\u00f3n y capacitaci\u00f3n en situaciones de violencia en ambientes de trabajo&#8221;, aprobado por el organismo en 2017 (https:\/\/www.conicet.gov.ar\/&#8230;\/Protocolo-contra-la&#8230;)<\/p>\n\n\n\n<p>Desde mediados de 2018 se ha designado una Comisi\u00f3n interdisciplinaria de aplicaci\u00f3n del Protocolo compuesta por tres investigadorxs de distintas provincias. Esa comisi\u00f3n es la encargada de receptar las denuncias y asesorar al Directorio sobre cada caso para que se tomen las medidas pertinentes (pedir cambio de director\/a, cambio de lugar de trabajo, licencia para afectades, etc.). Cabe destacar que por esta v\u00eda, a la persona que ejerce la violencia no se le abre sumario. Las denuncias se realizan individualmente en este mail: noalaviolencialaboral@conicet.gov.ar<\/p>\n\n\n\n<p>&nbsp;2. Hacer la denuncia en la CIOT (Comisi\u00f3n de Igualdad y Oportunidad en el Trato). Esta Comisi\u00f3n fue creada en el Convenio Colectivo de Trabajo 214\/06 para toda la Administraci\u00f3n P\u00fablica Nacional y existen delegaciones de la misma para cada dependencia. Esa Comisi\u00f3n, en CONICET, est\u00e1 compuesta por representantes del Organismo, representantes de ATE y representantes de UPCN (https:\/\/www.conicet.gov.ar\/&#8230;\/uploads\/RESOLUCION-CIOT.pdf)<\/p>\n\n\n\n<p>Las denuncias a trav\u00e9s de la CIOT deben seguir un tipo de formato y abren la posibilidad de que se inicie un sumario a quien ejerce la violencia. El mail de la dependencia de CONICET es: ciot-conicet@conicet.gov.ar<\/p>\n\n\n\n<p>Los pasos a seguir para radicar la denuncia son los siguientes:<\/p>\n\n\n\n<p>&#8211; Ser Empleades estatales comprendidos en el Convenio Colectivo de Trabajo General para la Administraci\u00f3n P\u00fablica Nacional (Decreto 214\/2006).<\/p>\n\n\n\n<p>&#8211; Realizar una nota dirigida a la CIOT en la que se consigne lugar y fecha, y el organismo o dependencia en el que presta servicios el denunciante. En la misma, indicar que se adjunta un sobre cerrado con documentaci\u00f3n, sin necesidad de mencionar el motivo.<\/p>\n\n\n\n<p>&#8211;&nbsp; En un sobre, guardar la denuncia con los siguientes datos:<\/p>\n\n\n\n<p>1. Tu nombre y apellido.<\/p>\n\n\n\n<p>2. Tipo y n\u00famero de documento.<\/p>\n\n\n\n<p>3. Domicilio en el que ser\u00e1n v\u00e1lidas las notificaciones.<\/p>\n\n\n\n<p>4. Tel\u00e9fono (opcional mail, celular).<\/p>\n\n\n\n<p>5. Organismo o dependencia donde cumpl\u00eds tus funciones.<\/p>\n\n\n\n<p>6. Situaci\u00f3n de revista.<\/p>\n\n\n\n<p>7. Nombre, apellido, cargo y situaci\u00f3n de revista del denunciado, si no ten\u00e9s estos datos, cualquier elemento que ayude su individualizaci\u00f3n.<\/p>\n\n\n\n<p>8.&nbsp; Mencionar la relaci\u00f3n jer\u00e1rquica entre denunciante y denunciade. Si la misma no deriva en un nombramiento formal, indicar la identidad y el cargo de les funcionaries que, de hecho, hubiesen investido de autoridad a quien sindica como autor\/a de la conducta denunciada.<\/p>\n\n\n\n<p>9. El relato de los hechos denunciados y, en cuanto fuese posible, las circunstancias de lugar, tiempo, modo de ejecuci\u00f3n y dem\u00e1s elementos que puedan conducir a su esclarecimiento.<\/p>\n\n\n\n<p>10.&nbsp; Firm\u00e1 la denuncia.<\/p>\n\n\n\n<p>11. Las presentaciones que reciban las delegaciones deber\u00e1n ser remitidas a la CIOT una vez constatada la relaci\u00f3n jer\u00e1rquica y la pertenencia al \u00e1mbito (seg\u00fan Acta 21 de CIOT).<\/p>\n\n\n\n<p>Dentro del \u00e1mbito de la UNC, las denuncias pueden ser radicadas en el marco del \u201cPlan de acciones y herramientas para prevenir, sancionar y erradicar la violencia de g\u00e9nero en el \u00e1mbito de la UNC\u201d \u2013 (Resoluci\u00f3n HCS 1011\/2015)<\/p>\n\n\n\n<p>Aqu\u00ed pueden sacar turnos o realizar consultas al siguiente correo electr\u00f3nico: violenciasdegenero@seu.unc.edu.ar<\/p>\n\n\n\n<p>Les pedimos que den amplia difusi\u00f3n a esta informaci\u00f3n entre sus compa\u00f1eres para que todes sepamos qu\u00e9 hacer en estos casos. Les delegades quedamos a disposici\u00f3n para cualquier consulta que necesiten realizar. Estamos visitando distintos institutos para informar y conversar sobre estos temas y otros que nos ata\u00f1en como trabajadorxs. Si est\u00e1n interesades en que organicemos una reuni\u00f3n, por favor enviar un mail para que coordinemos a ate.conicet.cba@gmail.com<\/p>\n\n\n\n<h2 class=\"alignwide has-text-align-center wp-block-heading\">#NoALaViolenciaLaboralYDeGenero<\/h2>\n","protected":false},"excerpt":{"rendered":"<p>M\u00e1s all\u00e1 de lo establecido a trav\u00e9s de los mecanismos que describimos a continuaci\u00f3n, les afiliades tienen la posibilidad de asesoria legal en ATE y todes les trabajadores pueden consultar y pedir acompa\u00f1amiento de les delegades en cualquier situaci\u00f3n de violencia.&nbsp; &nbsp;En el caso de CONICET existen dos v\u00edas posibles y complementarias: 1. Pedir la [&hellip;]<\/p>\n","protected":false},"author":7,"featured_media":32501,"comment_status":"open","ping_status":"open","sticky":false,"template":"","format":"standard","meta":{"_exactmetrics_skip_tracking":false,"_exactmetrics_sitenote_active":false,"_exactmetrics_sitenote_note":"","_exactmetrics_sitenote_category":0,"jnews-multi-image_gallery":[],"jnews_single_post":{"subtitle":"Les afiliades tienen la posibilidad de asesoria legal en ATE y todes les trabajadores pueden consultar y pedir acompa\u00f1amiento de les delegades en cualquier situaci\u00f3n de violencia.\u00a0","format":"standard","video":"","gallery":"","source_name":"","source_url":"","via_name":"","via_url":"","override_template":"0","override":[{"template":"1","single_blog_custom":"","parallax":"1","fullscreen":"1","layout":"right-sidebar","sidebar":"default-sidebar","second_sidebar":"default-sidebar","sticky_sidebar":"1","share_position":"top","share_float_style":"share-monocrhome","show_share_counter":"1","show_view_counter":"1","show_featured":"1","show_post_meta":"1","show_post_author":"1","show_post_author_image":"1","show_post_date":"1","post_date_format":"default","post_date_format_custom":"Y\/m\/d","show_post_category":"1","show_post_reading_time":"0","post_reading_time_wpm":"300","show_zoom_button":"0","zoom_button_out_step":"2","zoom_button_in_step":"3","show_post_tag":"1","show_prev_next_post":"1","show_popup_post":"1","number_popup_post":"1","show_author_box":"0","show_post_related":"0","show_inline_post_related":"0"}],"override_image_size":"0","image_override":[{"single_post_thumbnail_size":"crop-500","single_post_gallery_size":"crop-500"}],"trending_post":"0","trending_post_position":"meta","trending_post_label":"Trending","sponsored_post":"0","sponsored_post_label":"Sponsored by","sponsored_post_name":"","sponsored_post_url":"","sponsored_post_logo_enable":"0","sponsored_post_logo":"","sponsored_post_desc":"","disable_ad":"0"},"jnews_primary_category":{"id":""},"jnews_social_meta":{"fb_title":"","fb_description":"","fb_image":"","twitter_title":"","twitter_description":"","twitter_image":""},"jnews_review":[],"enable_review":"0","type":"percentage","name":"","summary":"","brand":"","sku":"","good":[{"good_text":""}],"bad":[{"bad_text":""}],"score_override":"","override_value":"","rating":[{"rating_text":"","rating_number":"10"}],"price":[{"shop":"","price":"","link":"","icon":""}],"jnews_override_counter":{"override_view_counter":"0","view_counter_number":"0","override_share_counter":"0","share_counter_number":"0","override_like_counter":"0","like_counter_number":"0","override_dislike_counter":"0","dislike_counter_number":"0"},"jnews_post_split":{"enable_post_split":"0","post_split":[{"template":"1","tag":"h2","numbering":"asc","mode":"normal","first":"0","enable_toc":"0","toc_type":"normal"}]},"footnotes":""},"categories":[325],"tags":[61],"class_list":["post-32500","post","type-post","status-publish","format-standard","has-post-thumbnail","hentry","category-generos-y-diversidades","tag-conicet"],"jetpack_featured_media_url":"https:\/\/atecordoba.org\/wp-content\/uploads\/2022\/06\/banderaconicet-e1656421460333.jpg","_links":{"self":[{"href":"https:\/\/atecordoba.org\/index.php?rest_route=\/wp\/v2\/posts\/32500","targetHints":{"allow":["GET"]}}],"collection":[{"href":"https:\/\/atecordoba.org\/index.php?rest_route=\/wp\/v2\/posts"}],"about":[{"href":"https:\/\/atecordoba.org\/index.php?rest_route=\/wp\/v2\/types\/post"}],"author":[{"embeddable":true,"href":"https:\/\/atecordoba.org\/index.php?rest_route=\/wp\/v2\/users\/7"}],"replies":[{"embeddable":true,"href":"https:\/\/atecordoba.org\/index.php?rest_route=%2Fwp%2Fv2%2Fcomments&post=32500"}],"version-history":[{"count":1,"href":"https:\/\/atecordoba.org\/index.php?rest_route=\/wp\/v2\/posts\/32500\/revisions"}],"predecessor-version":[{"id":32502,"href":"https:\/\/atecordoba.org\/index.php?rest_route=\/wp\/v2\/posts\/32500\/revisions\/32502"}],"wp:featuredmedia":[{"embeddable":true,"href":"https:\/\/atecordoba.org\/index.php?rest_route=\/wp\/v2\/media\/32501"}],"wp:attachment":[{"href":"https:\/\/atecordoba.org\/index.php?rest_route=%2Fwp%2Fv2%2Fmedia&parent=32500"}],"wp:term":[{"taxonomy":"category","embeddable":true,"href":"https:\/\/atecordoba.org\/index.php?rest_route=%2Fwp%2Fv2%2Fcategories&post=32500"},{"taxonomy":"post_tag","embeddable":true,"href":"https:\/\/atecordoba.org\/index.php?rest_route=%2Fwp%2Fv2%2Ftags&post=32500"}],"curies":[{"name":"wp","href":"https:\/\/api.w.org\/{rel}","templated":true}]}}