{"id":32479,"date":"2022-06-24T15:42:55","date_gmt":"2022-06-24T18:42:55","guid":{"rendered":"https:\/\/atecordoba.org\/?p=32479"},"modified":"2022-06-24T15:42:58","modified_gmt":"2022-06-24T18:42:58","slug":"el-lunes-27-de-junio-las-y-los-estatales-celebramos-el-dia-del-trabajador-estatal","status":"publish","type":"post","link":"https:\/\/atecordoba.org\/?p=32479","title":{"rendered":"El lunes 27 de junio las y los estatales celebramos &#8220;El D\u00eda del Trabajador estatal&#8221;"},"content":{"rendered":"\n<div class=\"wp-block-image\"><figure class=\"aligncenter size-large is-resized\"><img loading=\"lazy\" decoding=\"async\" src=\"https:\/\/atecordoba.org\/wp-content\/uploads\/2022\/06\/IMG-20220623-WA0033-2-1024x907.jpg\" alt=\"\" class=\"wp-image-32480\" width=\"768\" height=\"680\" srcset=\"https:\/\/atecordoba.org\/wp-content\/uploads\/2022\/06\/IMG-20220623-WA0033-2-1024x907.jpg 1024w, https:\/\/atecordoba.org\/wp-content\/uploads\/2022\/06\/IMG-20220623-WA0033-2-300x266.jpg 300w, https:\/\/atecordoba.org\/wp-content\/uploads\/2022\/06\/IMG-20220623-WA0033-2-768x681.jpg 768w, https:\/\/atecordoba.org\/wp-content\/uploads\/2022\/06\/IMG-20220623-WA0033-2-750x665.jpg 750w, https:\/\/atecordoba.org\/wp-content\/uploads\/2022\/06\/IMG-20220623-WA0033-2.jpg 1080w\" sizes=\"auto, (max-width: 768px) 100vw, 768px\" \/><\/figure><\/div>\n\n\n\n<p>Con motivo de celebrarse el pr\u00f3ximo lunes 27 de junio &#8220;El D\u00eda del Trabajador Estatal&#8221; habr\u00e1 asueto en al Administraci\u00f3n p\u00fablica nacional. <\/p>\n\n\n\n<p>Tambi\u00e9n permanecer\u00e1 cerrado el Consejo Directivo Provincial de ATE C\u00f3rdoba. <\/p>\n\n\n\n<p>La ley se aprob\u00f3 a partir del proyecto presentado en 2012 por el hist\u00f3rico dirigente de ATE V\u00edctor De Gennaro durante su mandato 2011-2015, y se fundament\u00f3 en el convenio 151 de la OIT\u00a0 y la Recomendaci\u00f3n 159, que\u00a0 favorece el reconocimiento al derecho de los Convenios Colectivos para los trabajadores p\u00fablicos y, muy especialmente la Ley Abdala, que regula la negociaci\u00f3n colectiva entre la Administraci\u00f3n Publica Nacional y sus empleados.<\/p>\n\n\n\n<p><\/p>\n","protected":false},"excerpt":{"rendered":"<p>Con motivo de celebrarse el pr\u00f3ximo lunes 27 de junio &#8220;El D\u00eda del Trabajador Estatal&#8221; habr\u00e1 asueto en al Administraci\u00f3n p\u00fablica nacional. Tambi\u00e9n permanecer\u00e1 cerrado el Consejo Directivo Provincial de ATE C\u00f3rdoba. La ley se aprob\u00f3 a partir del proyecto presentado en 2012 por el hist\u00f3rico dirigente de ATE V\u00edctor De Gennaro durante su mandato [&hellip;]<\/p>\n","protected":false},"author":7,"featured_media":32481,"comment_status":"open","ping_status":"open","sticky":false,"template":"","format":"standard","meta":{"_exactmetrics_skip_tracking":false,"_exactmetrics_sitenote_active":false,"_exactmetrics_sitenote_note":"","_exactmetrics_sitenote_category":0,"jnews-multi-image_gallery":[],"jnews_single_post":{"subtitle":"La ley se aprob\u00f3 a partir del proyecto presentado en 2012 por el hist\u00f3rico dirigente de ATE V\u00edctor De Gennaro.","format":"standard","video":"","gallery":"","source_name":"","source_url":"","via_name":"","via_url":"","override_template":"0","override":[{"template":"1","single_blog_custom":"","parallax":"1","fullscreen":"1","layout":"right-sidebar","sidebar":"default-sidebar","second_sidebar":"default-sidebar","sticky_sidebar":"1","share_position":"top","share_float_style":"share-monocrhome","show_share_counter":"1","show_view_counter":"1","show_featured":"1","show_post_meta":"1","show_post_author":"1","show_post_author_image":"1","show_post_date":"1","post_date_format":"default","post_date_format_custom":"Y\/m\/d","show_post_category":"1","show_post_reading_time":"0","post_reading_time_wpm":"300","show_zoom_button":"0","zoom_button_out_step":"2","zoom_button_in_step":"3","show_post_tag":"1","show_prev_next_post":"1","show_popup_post":"1","number_popup_post":"1","show_author_box":"0","show_post_related":"0","show_inline_post_related":"0"}],"override_image_size":"0","image_override":[{"single_post_thumbnail_size":"crop-500","single_post_gallery_size":"crop-500"}],"trending_post":"0","trending_post_position":"meta","trending_post_label":"Trending","sponsored_post":"0","sponsored_post_label":"Sponsored by","sponsored_post_name":"","sponsored_post_url":"","sponsored_post_logo_enable":"0","sponsored_post_logo":"","sponsored_post_desc":"","disable_ad":"0"},"jnews_primary_category":{"id":""},"jnews_social_meta":{"fb_title":"","fb_description":"","fb_image":"","twitter_title":"","twitter_description":"","twitter_image":""},"jnews_review":[],"enable_review":"0","type":"percentage","name":"","summary":"","brand":"","sku":"","good":[{"good_text":""}],"bad":[{"bad_text":""}],"score_override":"","override_value":"","rating":[{"rating_text":"","rating_number":"10"}],"price":[{"shop":"","price":"","link":"","icon":""}],"jnews_override_counter":{"override_view_counter":"0","view_counter_number":"0","override_share_counter":"0","share_counter_number":"0","override_like_counter":"0","like_counter_number":"0","override_dislike_counter":"0","dislike_counter_number":"0"},"jnews_post_split":{"enable_post_split":"0","post_split":[{"template":"1","tag":"h2","numbering":"asc","mode":"normal","first":"0","enable_toc":"0","toc_type":"normal"}]},"footnotes":""},"categories":[18],"tags":[1146],"class_list":["post-32479","post","type-post","status-publish","format-standard","has-post-thumbnail","hentry","category-nacionales","tag-dia-del-trabajador-estatal"],"jetpack_featured_media_url":"https:\/\/atecordoba.org\/wp-content\/uploads\/2022\/06\/flyer-e1656096151203.jpg","_links":{"self":[{"href":"https:\/\/atecordoba.org\/index.php?rest_route=\/wp\/v2\/posts\/32479","targetHints":{"allow":["GET"]}}],"collection":[{"href":"https:\/\/atecordoba.org\/index.php?rest_route=\/wp\/v2\/posts"}],"about":[{"href":"https:\/\/atecordoba.org\/index.php?rest_route=\/wp\/v2\/types\/post"}],"author":[{"embeddable":true,"href":"https:\/\/atecordoba.org\/index.php?rest_route=\/wp\/v2\/users\/7"}],"replies":[{"embeddable":true,"href":"https:\/\/atecordoba.org\/index.php?rest_route=%2Fwp%2Fv2%2Fcomments&post=32479"}],"version-history":[{"count":1,"href":"https:\/\/atecordoba.org\/index.php?rest_route=\/wp\/v2\/posts\/32479\/revisions"}],"predecessor-version":[{"id":32482,"href":"https:\/\/atecordoba.org\/index.php?rest_route=\/wp\/v2\/posts\/32479\/revisions\/32482"}],"wp:featuredmedia":[{"embeddable":true,"href":"https:\/\/atecordoba.org\/index.php?rest_route=\/wp\/v2\/media\/32481"}],"wp:attachment":[{"href":"https:\/\/atecordoba.org\/index.php?rest_route=%2Fwp%2Fv2%2Fmedia&parent=32479"}],"wp:term":[{"taxonomy":"category","embeddable":true,"href":"https:\/\/atecordoba.org\/index.php?rest_route=%2Fwp%2Fv2%2Fcategories&post=32479"},{"taxonomy":"post_tag","embeddable":true,"href":"https:\/\/atecordoba.org\/index.php?rest_route=%2Fwp%2Fv2%2Ftags&post=32479"}],"curies":[{"name":"wp","href":"https:\/\/api.w.org\/{rel}","templated":true}]}}