{"id":32464,"date":"2022-06-24T10:44:23","date_gmt":"2022-06-24T13:44:23","guid":{"rendered":"https:\/\/atecordoba.org\/?p=32464"},"modified":"2022-06-24T10:44:28","modified_gmt":"2022-06-24T13:44:28","slug":"incertidumbre-laboral-en-el-hospital-colonia-de-santa-maria-de-punilla","status":"publish","type":"post","link":"https:\/\/atecordoba.org\/?p=32464","title":{"rendered":"Incertidumbre laboral en el Hospital Colonia de Santa Mar\u00eda de Punilla"},"content":{"rendered":"\n<div class=\"wp-block-image\"><figure class=\"aligncenter size-full is-resized\"><img loading=\"lazy\" decoding=\"async\" src=\"https:\/\/atecordoba.org\/wp-content\/uploads\/2022\/06\/HospitalColoniaMaria-Punilla.jpg\" alt=\"\" class=\"wp-image-32465\" width=\"768\" height=\"576\" srcset=\"https:\/\/atecordoba.org\/wp-content\/uploads\/2022\/06\/HospitalColoniaMaria-Punilla.jpg 1024w, https:\/\/atecordoba.org\/wp-content\/uploads\/2022\/06\/HospitalColoniaMaria-Punilla-300x225.jpg 300w, https:\/\/atecordoba.org\/wp-content\/uploads\/2022\/06\/HospitalColoniaMaria-Punilla-768x576.jpg 768w, https:\/\/atecordoba.org\/wp-content\/uploads\/2022\/06\/HospitalColoniaMaria-Punilla-750x563.jpg 750w\" sizes=\"auto, (max-width: 768px) 100vw, 768px\" \/><\/figure><\/div>\n\n\n\n<p><sup>(fuente: El Resaltador\/ Leandro Mill\u00e1n)<\/sup><\/p>\n\n\n\n<p>Desde hace muchos a\u00f1os el hospital provincial Colonia ubicado en Santa Mar\u00eda de Punilla es uno de los referentes m\u00e1s importantes en cu\u00e1nto a salud mental en nuestra provincia. Su \u00e1rea de cobertura inclu\u00eda no solo a el Valle de Punilla sino tambi\u00e9n a De\u00e1n Funes y el Valle de Traslasierra.<\/p>\n\n\n\n<p>Sin embargo, todo indica que en septiembre sumar\u00e1, entre otras especialidades, un espacio a los pacientes respiratorios que necesitan recuperaci\u00f3n luego de la pandemia.<\/p>\n\n\n\n<p>Viviana Alejandra Jim\u00e9nez enfermera especializada en psiquiatr\u00eda que hace m\u00e1s de 35 a\u00f1os trabaja en el Hospital Colonia cont\u00f3 el recorrido hist\u00f3rico del nosocomio. \u201cEntr\u00e9 con un grupo de j\u00f3venes en el 83 en plena dictadura, en aquel momento con el hospital funcionando al m\u00e1ximo de manera psiqui\u00e1trica, los 12 pabellones estaban operativos con el tiempo ya solo quedan 4. Antes nuestro deber era cuidar a ni\u00f1os y ni\u00f1as en situaci\u00f3n de calle, \u00e9ramos sus madres, sus padres y hermanos, le d\u00e1bamos mucho amor a los pacientes\u201d, afirm\u00f3.<\/p>\n\n\n\n<p>Jim\u00e9nez record\u00f3 que la refuncionalizaci\u00f3n comenz\u00f3 paulatinamente hace muchos a\u00f1os, existe la intenci\u00f3n de que el hospital deje atender solo pacientes psiqui\u00e1tricos, esa es la idea del gobernador y de la direcci\u00f3n del hospital.<\/p>\n\n\n\n<p>En ese sentido, agreg\u00f3 que \u201ca los trabajadores nos genera mucha incertidumbre, ya que no sabemos cu\u00e1ntos mantendremos nuestra fuente laboral y existe precariedad en ese aspecto\u201d.<\/p>\n\n\n\n<p>Al referirse al cambio de objetivos sanitarios aclar\u00f3&nbsp; que \u201cnosotros venimos escuchando rumores de que muchos ser\u00e1n trasladados al hospital Domingo Funes, aparentemente la idea y lo digo esta forma porque no hay nada oficial todav\u00eda\u201d.<\/p>\n\n\n\n<p>A\u00fan as\u00ed, se\u00f1al\u00f3 que desde la direcci\u00f3n quieren que funcione una gran sala que se comenz\u00f3 a hacer en la pandemia y no se termin\u00f3. El espacio tiene abastecimiento de un gran tubo de ox\u00edgeno que se dirige hacia las camas directamente conectadas a sus respectivas mascarillas, se dice es que el traslado de los profesionales ser\u00eda en septiembre.<\/p>\n\n\n\n<div class=\"wp-block-image\"><figure class=\"aligncenter size-full is-resized\"><img loading=\"lazy\" decoding=\"async\" src=\"https:\/\/atecordoba.org\/wp-content\/uploads\/2022\/06\/HospitalColoniaMariaPunilla.jpg\" alt=\"\" class=\"wp-image-32466\" width=\"768\" height=\"576\" \/><\/figure><\/div>\n\n\n\n<p>Continuando con su relato, Jimenez dijo que le parece bien este cambio porque los pacientes psiqui\u00e1tricos deben ser tratados como sujetos de derechos. \u201cA veces se tiene el prejuicio en torno a las personas que requieren asistencia por cuestiones de salud mental, pero tienen los mismos derechos que todos\u201d, alert\u00f3<\/p>\n\n\n\n<p><strong>C\u00f3mo ser\u00eda la transformaci\u00f3n<\/strong><\/p>\n\n\n\n<p>Alejandra sostiene que el cambio debe ser paulatino \u201cy me parece bien que sea en septiembre porque est\u00e1 en juego la mente y las emociones de todos los pacientes y los profesionales que seguir\u00e1n trabajando, la situaci\u00f3n laboral que hoy y desde hace mucho nos toca no es buena, hay 11 compa\u00f1eros becarios que quedaron afuera\u201d.<\/p>\n\n\n\n<p>La enfermera es afiliada y delegada de ATE desde hace muchos a\u00f1os y describi\u00f3 con precisi\u00f3n la situaci\u00f3n: \u201csi se concreta este cambio en el hospital que est\u00e1n buscando vamos a exigir que se cumplan los derechos. Actualmente tenemos cinco monotributistas y aproximadamente 100 profesionales contratados, a nivel provincial estamos buscando que los monotributistas pasen a ser contratados y los contratados a planta permanente\u201d.<\/p>\n","protected":false},"excerpt":{"rendered":"<p>(fuente: El Resaltador\/ Leandro Mill\u00e1n) Desde hace muchos a\u00f1os el hospital provincial Colonia ubicado en Santa Mar\u00eda de Punilla es uno de los referentes m\u00e1s importantes en cu\u00e1nto a salud mental en nuestra provincia. Su \u00e1rea de cobertura inclu\u00eda no solo a el Valle de Punilla sino tambi\u00e9n a De\u00e1n Funes y el Valle de [&hellip;]<\/p>\n","protected":false},"author":7,"featured_media":32466,"comment_status":"open","ping_status":"open","sticky":false,"template":"","format":"standard","meta":{"_exactmetrics_skip_tracking":false,"_exactmetrics_sitenote_active":false,"_exactmetrics_sitenote_note":"","_exactmetrics_sitenote_category":0,"jnews-multi-image_gallery":[],"jnews_single_post":{"subtitle":"La Direcci\u00f3n del centro de salud pretende trasladar la guardia y los pacientes agudos que son aquellos que se tratan por distintas adicciones al hospital regional Domingo Funes.","format":"standard","video":"","gallery":"","source_name":"","source_url":"","via_name":"","via_url":"","override_template":"0","override":[{"template":"1","single_blog_custom":"","parallax":"1","fullscreen":"1","layout":"right-sidebar","sidebar":"default-sidebar","second_sidebar":"default-sidebar","sticky_sidebar":"1","share_position":"top","share_float_style":"share-monocrhome","show_share_counter":"1","show_view_counter":"1","show_featured":"1","show_post_meta":"1","show_post_author":"1","show_post_author_image":"1","show_post_date":"1","post_date_format":"default","post_date_format_custom":"Y\/m\/d","show_post_category":"1","show_post_reading_time":"0","post_reading_time_wpm":"300","show_zoom_button":"0","zoom_button_out_step":"2","zoom_button_in_step":"3","show_post_tag":"1","show_prev_next_post":"1","show_popup_post":"1","number_popup_post":"1","show_author_box":"0","show_post_related":"0","show_inline_post_related":"0"}],"override_image_size":"0","image_override":[{"single_post_thumbnail_size":"crop-500","single_post_gallery_size":"crop-500"}],"trending_post":"0","trending_post_position":"meta","trending_post_label":"Trending","sponsored_post":"0","sponsored_post_label":"Sponsored by","sponsored_post_name":"","sponsored_post_url":"","sponsored_post_logo_enable":"0","sponsored_post_logo":"","sponsored_post_desc":"","disable_ad":"0"},"jnews_primary_category":{"id":""},"jnews_social_meta":{"fb_title":"","fb_description":"","fb_image":"","twitter_title":"","twitter_description":"","twitter_image":""},"jnews_review":[],"enable_review":"0","type":"percentage","name":"","summary":"","brand":"","sku":"","good":[{"good_text":""}],"bad":[{"bad_text":""}],"score_override":"","override_value":"","rating":[{"rating_text":"","rating_number":"10"}],"price":[{"shop":"","price":"","link":"","icon":""}],"jnews_override_counter":{"override_view_counter":"0","view_counter_number":"0","override_share_counter":"0","share_counter_number":"0","override_like_counter":"0","like_counter_number":"0","override_dislike_counter":"0","dislike_counter_number":"0"},"jnews_post_split":{"enable_post_split":"0","post_split":[{"template":"1","tag":"h2","numbering":"asc","mode":"normal","first":"0","enable_toc":"0","toc_type":"normal"}]},"footnotes":""},"categories":[8],"tags":[],"class_list":["post-32464","post","type-post","status-publish","format-standard","has-post-thumbnail","hentry","category-provinciales"],"jetpack_featured_media_url":"https:\/\/atecordoba.org\/wp-content\/uploads\/2022\/06\/HospitalColoniaMariaPunilla-e1656078228832.jpg","_links":{"self":[{"href":"https:\/\/atecordoba.org\/index.php?rest_route=\/wp\/v2\/posts\/32464","targetHints":{"allow":["GET"]}}],"collection":[{"href":"https:\/\/atecordoba.org\/index.php?rest_route=\/wp\/v2\/posts"}],"about":[{"href":"https:\/\/atecordoba.org\/index.php?rest_route=\/wp\/v2\/types\/post"}],"author":[{"embeddable":true,"href":"https:\/\/atecordoba.org\/index.php?rest_route=\/wp\/v2\/users\/7"}],"replies":[{"embeddable":true,"href":"https:\/\/atecordoba.org\/index.php?rest_route=%2Fwp%2Fv2%2Fcomments&post=32464"}],"version-history":[{"count":1,"href":"https:\/\/atecordoba.org\/index.php?rest_route=\/wp\/v2\/posts\/32464\/revisions"}],"predecessor-version":[{"id":32467,"href":"https:\/\/atecordoba.org\/index.php?rest_route=\/wp\/v2\/posts\/32464\/revisions\/32467"}],"wp:featuredmedia":[{"embeddable":true,"href":"https:\/\/atecordoba.org\/index.php?rest_route=\/wp\/v2\/media\/32466"}],"wp:attachment":[{"href":"https:\/\/atecordoba.org\/index.php?rest_route=%2Fwp%2Fv2%2Fmedia&parent=32464"}],"wp:term":[{"taxonomy":"category","embeddable":true,"href":"https:\/\/atecordoba.org\/index.php?rest_route=%2Fwp%2Fv2%2Fcategories&post=32464"},{"taxonomy":"post_tag","embeddable":true,"href":"https:\/\/atecordoba.org\/index.php?rest_route=%2Fwp%2Fv2%2Ftags&post=32464"}],"curies":[{"name":"wp","href":"https:\/\/api.w.org\/{rel}","templated":true}]}}