{"id":32445,"date":"2022-06-23T11:12:13","date_gmt":"2022-06-23T14:12:13","guid":{"rendered":"https:\/\/atecordoba.org\/?p=32445"},"modified":"2022-06-23T11:12:19","modified_gmt":"2022-06-23T14:12:19","slug":"conae-manana-se-realizara-una-asamblea-con-quite-de-colaboracion-por-mejoras-salariales-urgentes","status":"publish","type":"post","link":"https:\/\/atecordoba.org\/?p=32445","title":{"rendered":"CONAE: ma\u00f1ana se realizar\u00e1 una asamblea con quite de colaboraci\u00f3n por mejoras salariales urgentes"},"content":{"rendered":"\n<div class=\"wp-block-image\"><figure class=\"alignright size-full is-resized\"><img loading=\"lazy\" decoding=\"async\" src=\"https:\/\/atecordoba.org\/wp-content\/uploads\/2022\/06\/flyer.jpeg\" alt=\"\" class=\"wp-image-32446\" width=\"736\" height=\"731\" \/><\/figure><\/div>\n\n\n\n<p>En una asamblea virtual realizada ayer, las y los delegados de ATE de la Comisi\u00f3n Nacional de Actividades Espaciales (CONAE) resolvieron realizar una asamblea durante la jornada laboral de dos horas, con quite de colaboraci\u00f3n y retenci\u00f3n de tareas, ma\u00f1ana viernes entre las 14 y las 16 horas.<\/p>\n\n\n\n<p>La medida de fuerza se har\u00e1 efectiva en las sedes del organismo  del Centro Espacial Te\u00f3filo Tabanera, la sede Central de Paseo Colon y la sede de CONAE Mendoza.<\/p>\n\n\n\n<p>Las y los trabajadores evaluaron el estado de situaci\u00f3n del sector en funci\u00f3n de las<a href=\"https:\/\/atecordoba.org\/?p=31757\"> distintas reuniones mantenidas <\/a>con autoridades del Ministerio de Ciencia, Tecnolog\u00eda e Innovaci\u00f3n de la Naci\u00f3n y con la oficina Nacional de Ingreso P\u00fablico, y arribaron a la conclusi\u00f3n que &#8220;las negociaciones est\u00e1n estancadas, sin avanzar al ritmo que necesitamos los trabajadores del organismo, que la fuga de trabajadores en \u00e1reas muy sensibles contin\u00faa y que ya pr\u00e1cticamente no quedan profesionales para irse de esas \u00e1reas&#8221;, dijo el delegado Emiliano Baum.<\/p>\n\n\n\n<p>&#8220;Si bien valoramos que se hayan abierto los canales de di\u00e1logo en su momentos, consideramos que los tiempos no son los adecuados&#8221;, agreg\u00f3 el delegado.<\/p>\n\n\n\n<p>Las y los compa\u00f1eros se mostraron conformes con los avances respecto a la creaci\u00f3n del Convenio Colectivo de Trabajo de trabajo, uno de los puntos fuertes de la agenda de reclamos del sector, frente al compromiso asumido por el gobierno. <\/p>\n\n\n\n<p>&#8220;Pero necesitamos un paliativo inmediato que permita recuperar poder adquisitivo de los salarios de la CONAE en su conjunto y a la vez atienda a los sectores en los cuales m\u00e1s se est\u00e1 perdiendo capital humano en el organismo&#8221;, coment\u00f3 preocupado Baum.<\/p>\n\n\n\n<p>Lo cierto es que en los \u00faltimos tiempos ATE viene planteando la alerta respecto a la p\u00e9rdida de personal de dif\u00edcil reemplazo en el Estado debido a los baj\u00edsimos sueldos que paga en Estado en relaci\u00f3n al sector privado, cuando son los organismos estatales quienes invierten en la formaci\u00f3n de profesionales de alta calidad que despu\u00e9s se trasladan a las empresas privadas, constituyendo un vaciamiento de hecho de las empresas p\u00fablicas y organismos del complejo cient\u00edfico-t\u00e9cnico.<\/p>\n\n\n\n<p>En una estad\u00edstica realizada por el cuerpo de delegados se puedo establecer que desde 2016 hay una corriente de traspasos al sector privado. Ocho en 2017, 19 en 2019 y 18 en 2021 y 16 en 2022 buscaron nuevos rumbos laborales entre CONAE y la empresa VENG. Se computan en ese rubor especialidades como ingenieros electr\u00f3nicos, aeron\u00e1uticos, mec\u00e1nicos, qu\u00edmicos, industriales, desarrolladores de aplicaciones espaciales, entre otros. <\/p>\n\n\n\n<p>&#8220;Esos trabajadores que se van, adem\u00e1s de irse con la experiencia acumulada por a\u00f1os de trabajo formativo en el Estado, son imposibles de reemplazar a partir de los actuales marcos salariales y eso lleva, a este ritmo, a un proceso de tercerizaci\u00f3n de esas tareas. Entendemos que en ese punto podr\u00eda haber cierta connivencia de algunos actores de la direcci\u00f3n&#8221;, concluy\u00f3 Baum.<\/p>\n\n\n\n<figure class=\"wp-block-gallery has-nested-images columns-default is-cropped wp-block-gallery-1 is-layout-flex wp-block-gallery-is-layout-flex\">\n<figure class=\"wp-block-image size-large\"><a href=\"https:\/\/atecordoba.org\/wp-content\/uploads\/2022\/06\/conae-2.jpeg\"><img loading=\"lazy\" decoding=\"async\" width=\"871\" height=\"538\" data-id=\"32447\" src=\"https:\/\/atecordoba.org\/wp-content\/uploads\/2022\/06\/conae-2.jpeg\" alt=\"\" class=\"wp-image-32447\" srcset=\"https:\/\/atecordoba.org\/wp-content\/uploads\/2022\/06\/conae-2.jpeg 871w, https:\/\/atecordoba.org\/wp-content\/uploads\/2022\/06\/conae-2-300x185.jpeg 300w, https:\/\/atecordoba.org\/wp-content\/uploads\/2022\/06\/conae-2-768x474.jpeg 768w, https:\/\/atecordoba.org\/wp-content\/uploads\/2022\/06\/conae-2-750x463.jpeg 750w\" sizes=\"auto, (max-width: 871px) 100vw, 871px\" \/><\/a><\/figure>\n\n\n\n<figure class=\"wp-block-image size-large\"><a href=\"https:\/\/atecordoba.org\/wp-content\/uploads\/2022\/06\/conae-1.jpeg\"><img loading=\"lazy\" decoding=\"async\" width=\"1024\" height=\"546\" data-id=\"32448\" src=\"https:\/\/atecordoba.org\/wp-content\/uploads\/2022\/06\/conae-1-1024x546.jpeg\" alt=\"\" class=\"wp-image-32448\" srcset=\"https:\/\/atecordoba.org\/wp-content\/uploads\/2022\/06\/conae-1-1024x546.jpeg 1024w, https:\/\/atecordoba.org\/wp-content\/uploads\/2022\/06\/conae-1-300x160.jpeg 300w, https:\/\/atecordoba.org\/wp-content\/uploads\/2022\/06\/conae-1-768x409.jpeg 768w, https:\/\/atecordoba.org\/wp-content\/uploads\/2022\/06\/conae-1-750x400.jpeg 750w, https:\/\/atecordoba.org\/wp-content\/uploads\/2022\/06\/conae-1-1140x608.jpeg 1140w, https:\/\/atecordoba.org\/wp-content\/uploads\/2022\/06\/conae-1.jpeg 1246w\" sizes=\"auto, (max-width: 1024px) 100vw, 1024px\" \/><\/a><\/figure>\n<\/figure>\n\n\n\n<p><\/p>\n","protected":false},"excerpt":{"rendered":"<p>En una asamblea virtual realizada ayer, las y los delegados de ATE de la Comisi\u00f3n Nacional de Actividades Espaciales (CONAE) resolvieron realizar una asamblea durante la jornada laboral de dos horas, con quite de colaboraci\u00f3n y retenci\u00f3n de tareas, ma\u00f1ana viernes entre las 14 y las 16 horas. La medida de fuerza se har\u00e1 efectiva [&hellip;]<\/p>\n","protected":false},"author":7,"featured_media":32446,"comment_status":"open","ping_status":"open","sticky":false,"template":"","format":"standard","meta":{"_exactmetrics_skip_tracking":false,"_exactmetrics_sitenote_active":false,"_exactmetrics_sitenote_note":"","_exactmetrics_sitenote_category":0,"jnews-multi-image_gallery":[],"jnews_single_post":{"subtitle":"\"Necesitamos un paliativo inmediato que permita recuperar poder adquisitivo de los salarios de la CONAE en su conjunto y a la vez atienda a los sectores en los cuales m\u00e1s se est\u00e1 perdiendo capital humano en el organismo\", dijo el delegado Emiliano Baum.","format":"standard","video":"","gallery":"","source_name":"","source_url":"","via_name":"","via_url":"","override_template":"0","override":[{"template":"1","single_blog_custom":"","parallax":"1","fullscreen":"1","layout":"right-sidebar","sidebar":"default-sidebar","second_sidebar":"default-sidebar","sticky_sidebar":"1","share_position":"top","share_float_style":"share-monocrhome","show_share_counter":"1","show_view_counter":"1","show_featured":"1","show_post_meta":"1","show_post_author":"1","show_post_author_image":"1","show_post_date":"1","post_date_format":"default","post_date_format_custom":"Y\/m\/d","show_post_category":"1","show_post_reading_time":"0","post_reading_time_wpm":"300","show_zoom_button":"0","zoom_button_out_step":"2","zoom_button_in_step":"3","show_post_tag":"1","show_prev_next_post":"1","show_popup_post":"1","number_popup_post":"1","show_author_box":"0","show_post_related":"0","show_inline_post_related":"0"}],"override_image_size":"0","image_override":[{"single_post_thumbnail_size":"crop-500","single_post_gallery_size":"crop-500"}],"trending_post":"0","trending_post_position":"meta","trending_post_label":"Trending","sponsored_post":"0","sponsored_post_label":"Sponsored by","sponsored_post_name":"","sponsored_post_url":"","sponsored_post_logo_enable":"0","sponsored_post_logo":"","sponsored_post_desc":"","disable_ad":"0"},"jnews_primary_category":{"id":""},"jnews_social_meta":{"fb_title":"","fb_description":"","fb_image":"","twitter_title":"","twitter_description":"","twitter_image":""},"jnews_review":[],"enable_review":"0","type":"percentage","name":"","summary":"","brand":"","sku":"","good":[{"good_text":""}],"bad":[{"bad_text":""}],"score_override":"","override_value":"","rating":[{"rating_text":"","rating_number":"10"}],"price":[{"shop":"","price":"","link":"","icon":""}],"jnews_override_counter":{"override_view_counter":"0","view_counter_number":"0","override_share_counter":"0","share_counter_number":"0","override_like_counter":"0","like_counter_number":"0","override_dislike_counter":"0","dislike_counter_number":"0"},"jnews_post_split":{"enable_post_split":"0","post_split":[{"template":"1","tag":"h2","numbering":"asc","mode":"normal","first":"0","enable_toc":"0","toc_type":"normal"}]},"footnotes":""},"categories":[18],"tags":[463],"class_list":["post-32445","post","type-post","status-publish","format-standard","has-post-thumbnail","hentry","category-nacionales","tag-conae"],"jetpack_featured_media_url":"https:\/\/atecordoba.org\/wp-content\/uploads\/2022\/06\/flyer-e1655993463303.jpeg","_links":{"self":[{"href":"https:\/\/atecordoba.org\/index.php?rest_route=\/wp\/v2\/posts\/32445","targetHints":{"allow":["GET"]}}],"collection":[{"href":"https:\/\/atecordoba.org\/index.php?rest_route=\/wp\/v2\/posts"}],"about":[{"href":"https:\/\/atecordoba.org\/index.php?rest_route=\/wp\/v2\/types\/post"}],"author":[{"embeddable":true,"href":"https:\/\/atecordoba.org\/index.php?rest_route=\/wp\/v2\/users\/7"}],"replies":[{"embeddable":true,"href":"https:\/\/atecordoba.org\/index.php?rest_route=%2Fwp%2Fv2%2Fcomments&post=32445"}],"version-history":[{"count":1,"href":"https:\/\/atecordoba.org\/index.php?rest_route=\/wp\/v2\/posts\/32445\/revisions"}],"predecessor-version":[{"id":32449,"href":"https:\/\/atecordoba.org\/index.php?rest_route=\/wp\/v2\/posts\/32445\/revisions\/32449"}],"wp:featuredmedia":[{"embeddable":true,"href":"https:\/\/atecordoba.org\/index.php?rest_route=\/wp\/v2\/media\/32446"}],"wp:attachment":[{"href":"https:\/\/atecordoba.org\/index.php?rest_route=%2Fwp%2Fv2%2Fmedia&parent=32445"}],"wp:term":[{"taxonomy":"category","embeddable":true,"href":"https:\/\/atecordoba.org\/index.php?rest_route=%2Fwp%2Fv2%2Fcategories&post=32445"},{"taxonomy":"post_tag","embeddable":true,"href":"https:\/\/atecordoba.org\/index.php?rest_route=%2Fwp%2Fv2%2Ftags&post=32445"}],"curies":[{"name":"wp","href":"https:\/\/api.w.org\/{rel}","templated":true}]}}