{"id":32440,"date":"2022-06-22T16:06:10","date_gmt":"2022-06-22T19:06:10","guid":{"rendered":"https:\/\/atecordoba.org\/?p=32440"},"modified":"2022-06-22T16:06:14","modified_gmt":"2022-06-22T19:06:14","slug":"ate-traslasierra-repudia-agresion-a-personal-de-salud-en-hospital-de-villa-dolores","status":"publish","type":"post","link":"https:\/\/atecordoba.org\/?p=32440","title":{"rendered":"ATE Traslasierra repudia agresi\u00f3n a personal de salud en Hospital de Villa Dolores"},"content":{"rendered":"\n<div class=\"wp-block-image\"><figure class=\"alignleft size-full\"><img loading=\"lazy\" decoding=\"async\" width=\"587\" height=\"419\" src=\"https:\/\/atecordoba.org\/wp-content\/uploads\/2022\/06\/Repudio-violencia-Traslasierra.jpg\" alt=\"\" class=\"wp-image-32442\" srcset=\"https:\/\/atecordoba.org\/wp-content\/uploads\/2022\/06\/Repudio-violencia-Traslasierra.jpg 587w, https:\/\/atecordoba.org\/wp-content\/uploads\/2022\/06\/Repudio-violencia-Traslasierra-300x214.jpg 300w, https:\/\/atecordoba.org\/wp-content\/uploads\/2022\/06\/Repudio-violencia-Traslasierra-120x86.jpg 120w, https:\/\/atecordoba.org\/wp-content\/uploads\/2022\/06\/Repudio-violencia-Traslasierra-350x250.jpg 350w\" sizes=\"auto, (max-width: 587px) 100vw, 587px\" \/><\/figure><\/div>\n\n\n\n<p><strong>ATE Traslasierra<\/strong>, a trav\u00e9s de sus cuerpos de Delegados y Delegadas, <strong>se solidariza con la Doctora Geogina Pelleti por el hecho de violencia sufrido cumpliendo su trabajo como m\u00e9dica pediatra en el Hospital Regional de Villa Dolores<\/strong>, por parte de la madre de una paciente beb\u00e9 que estaba atendiendo. <strong>Repudiamos <\/strong>fuertemente estos actos de violencia contra el personal hospitalario, a la vez que <strong>advertimos acerca de la escalada de violencia <\/strong>que se est\u00e1 viviendo por parte de usuarios\/as para con el personal de salud. Advertimos, adem\u00e1s, que <strong>esta violencia es minimizada y\/o desconocida por el personal jer\u00e1rquico <\/strong>de estas instituciones p\u00fablicas quienes pretenden ocultar estos hechos que dejan al descubierto, entre otras cosas, las deficiencias de un sistema que sufre el ajuste permanente por parte del Gobierno Provincial.<\/p>\n\n\n\n<p><strong>Nos tocan a uno y nos tocan a todos es el lema de ATE, sean o no afiliados\/as.<\/strong> La Dra. Pelleti tuvo la valent\u00eda de expresar su bronca por lo sucedido en el Hospital Regional Villa Dolores a trav\u00e9s de un comunicado que pronto se difundi\u00f3 por los medios y que ya ha tomado curso en la formulaci\u00f3n de una denuncia en el fuero judicial correspondiente.<\/p>\n\n\n\n<p><strong>Desde ATE Traslasierra no toleramos ninguna falta de respeto ni pr\u00e1ctica violenta<\/strong> contra cualquier compa\u00f1era o compa\u00f1ero trabajador.<\/p>\n\n\n\n<p><strong>Ponemos el gremio a disposici\u00f3n de la compa\u00f1era agredida <\/strong>mientras cumpl\u00eda con total profesionalismo su funci\u00f3n en el Hospital de Villa Dolores.<\/p>\n\n\n\n<p><strong>Las palabras de la Dra. Pelletti<\/strong><br>&#8220;La &#8220;pi\u00f1a&#8221; no doli\u00f3 tanto, me supe defender: la violencia con la tuvimos qu\u00e9 lidiar todo el d\u00eda, la agresi\u00f3n durante el ejercicio de mi profesi\u00f3n que tuve que soportar, eso no doli\u00f3 tanto. El silencio posterior, la indiferencia, la burla por parte de quienes velan por nosotros, eso s\u00ed duele, duele much\u00edsimo. Y me hacen reflexionar: \u00bfqu\u00e9 debe suceder para qu\u00e9 est\u00e1s situaciones paren, pare qu\u00e9 se garanticen nuestros derechos de trabajar de manera segura?\u00bfA qui\u00e9n le deben suceder est\u00e1s cosas para qu\u00e9 se visibilicen?\u00bfHasta cu\u00e1ndo vamos a permitir qu\u00e9 se tapen, se callen, se escondan las violencias qu\u00e9 sufrimos f\u00edsica y emocionalmente durante nuestro trabajo? Por mi parte sepan qu\u00e9 las cosas no van a quedar en as\u00ed. Qu\u00e9 si esto le hubiera sucedido a cualquiera de ustedes, a cualquiera de los enfermeros, a cualquiera de mis compa\u00f1eros del Hospital, yo no lo dejar\u00eda en silencio. Levantar\u00eda mi voz para qu\u00e9 esto no se repita \u00a1\u00a1con nadie, nunca m\u00e1s!!\u00bfHasta cuando vamos a permitir que pisoteen nuestra dignidad humana y el respeto por nuestra profesi\u00f3n? Yo no lo voy a permitir&#8221;.<\/p>\n","protected":false},"excerpt":{"rendered":"<p>ATE Traslasierra, a trav\u00e9s de sus cuerpos de Delegados y Delegadas, se solidariza con la Doctora Geogina Pelleti por el hecho de violencia sufrido cumpliendo su trabajo como m\u00e9dica pediatra en el Hospital Regional de Villa Dolores, por parte de la madre de una paciente beb\u00e9 que estaba atendiendo. Repudiamos fuertemente estos actos de violencia [&hellip;]<\/p>\n","protected":false},"author":6,"featured_media":32442,"comment_status":"open","ping_status":"open","sticky":false,"template":"","format":"standard","meta":{"_exactmetrics_skip_tracking":false,"_exactmetrics_sitenote_active":false,"_exactmetrics_sitenote_note":"","_exactmetrics_sitenote_category":0,"jnews-multi-image_gallery":[],"jnews_single_post":{"subtitle":"El hecho fue perpetrado por la madre de una beb\u00e9 de 1 mes contra una pediatra. Advierten sobre aumento de las violencias contra las y los trabajadores y denuncian inacci\u00f3n por parte de la patronal.","format":"standard","video":"","gallery":"","source_name":"","source_url":"","via_name":"","via_url":"","override_template":"0","override":[{"template":"1","single_blog_custom":"","parallax":"1","fullscreen":"1","layout":"right-sidebar","sidebar":"default-sidebar","second_sidebar":"default-sidebar","sticky_sidebar":"1","share_position":"top","share_float_style":"share-monocrhome","show_share_counter":"1","show_view_counter":"1","show_featured":"1","show_post_meta":"1","show_post_author":"1","show_post_author_image":"1","show_post_date":"1","post_date_format":"default","post_date_format_custom":"Y\/m\/d","show_post_category":"1","show_post_reading_time":"0","post_reading_time_wpm":"300","show_zoom_button":"0","zoom_button_out_step":"2","zoom_button_in_step":"3","show_post_tag":"1","show_prev_next_post":"1","show_popup_post":"1","number_popup_post":"1","show_author_box":"0","show_post_related":"0","show_inline_post_related":"0"}],"override_image_size":"0","image_override":[{"single_post_thumbnail_size":"crop-500","single_post_gallery_size":"crop-500"}],"trending_post":"0","trending_post_position":"meta","trending_post_label":"Trending","sponsored_post":"0","sponsored_post_label":"Sponsored by","sponsored_post_name":"","sponsored_post_url":"","sponsored_post_logo_enable":"0","sponsored_post_logo":"","sponsored_post_desc":"","disable_ad":"0"},"jnews_primary_category":{"id":""},"jnews_social_meta":{"fb_title":"","fb_description":"","fb_image":"","twitter_title":"","twitter_description":"","twitter_image":""},"jnews_review":[],"enable_review":"0","type":"percentage","name":"","summary":"","brand":"","sku":"","good":[{"good_text":""}],"bad":[{"bad_text":""}],"score_override":"","override_value":"","rating":[{"rating_text":"","rating_number":"10"}],"price":[{"shop":"","price":"","link":"","icon":""}],"jnews_override_counter":{"override_view_counter":"0","view_counter_number":"0","override_share_counter":"0","share_counter_number":"0","override_like_counter":"0","like_counter_number":"0","override_dislike_counter":"0","dislike_counter_number":"0"},"jnews_post_split":{"enable_post_split":"0","post_split":[{"template":"1","tag":"h2","numbering":"asc","mode":"normal","first":"0","enable_toc":"0","toc_type":"normal"}]},"footnotes":""},"categories":[341,1056,8,957],"tags":[],"class_list":["post-32440","post","type-post","status-publish","format-standard","has-post-thumbnail","hentry","category-cdp","category-traslasierra","category-provinciales","category-salud"],"jetpack_featured_media_url":"https:\/\/atecordoba.org\/wp-content\/uploads\/2022\/06\/Repudio-violencia-Traslasierra.jpg","_links":{"self":[{"href":"https:\/\/atecordoba.org\/index.php?rest_route=\/wp\/v2\/posts\/32440","targetHints":{"allow":["GET"]}}],"collection":[{"href":"https:\/\/atecordoba.org\/index.php?rest_route=\/wp\/v2\/posts"}],"about":[{"href":"https:\/\/atecordoba.org\/index.php?rest_route=\/wp\/v2\/types\/post"}],"author":[{"embeddable":true,"href":"https:\/\/atecordoba.org\/index.php?rest_route=\/wp\/v2\/users\/6"}],"replies":[{"embeddable":true,"href":"https:\/\/atecordoba.org\/index.php?rest_route=%2Fwp%2Fv2%2Fcomments&post=32440"}],"version-history":[{"count":2,"href":"https:\/\/atecordoba.org\/index.php?rest_route=\/wp\/v2\/posts\/32440\/revisions"}],"predecessor-version":[{"id":32443,"href":"https:\/\/atecordoba.org\/index.php?rest_route=\/wp\/v2\/posts\/32440\/revisions\/32443"}],"wp:featuredmedia":[{"embeddable":true,"href":"https:\/\/atecordoba.org\/index.php?rest_route=\/wp\/v2\/media\/32442"}],"wp:attachment":[{"href":"https:\/\/atecordoba.org\/index.php?rest_route=%2Fwp%2Fv2%2Fmedia&parent=32440"}],"wp:term":[{"taxonomy":"category","embeddable":true,"href":"https:\/\/atecordoba.org\/index.php?rest_route=%2Fwp%2Fv2%2Fcategories&post=32440"},{"taxonomy":"post_tag","embeddable":true,"href":"https:\/\/atecordoba.org\/index.php?rest_route=%2Fwp%2Fv2%2Ftags&post=32440"}],"curies":[{"name":"wp","href":"https:\/\/api.w.org\/{rel}","templated":true}]}}