{"id":32429,"date":"2022-06-22T14:30:28","date_gmt":"2022-06-22T17:30:28","guid":{"rendered":"https:\/\/atecordoba.org\/?p=32429"},"modified":"2022-06-22T14:44:53","modified_gmt":"2022-06-22T17:44:53","slug":"fol-unidad-de-la-clase-unidad-en-la-calle","status":"publish","type":"post","link":"https:\/\/atecordoba.org\/?p=32429","title":{"rendered":"FOL: unidad de la clase, unidad en la calle"},"content":{"rendered":"\n<div class=\"wp-block-image\"><figure class=\"aligncenter size-large is-resized\"><img loading=\"lazy\" decoding=\"async\" src=\"https:\/\/atecordoba.org\/wp-content\/uploads\/2022\/06\/WhatsApp-Image-2022-06-22-at-1.18.29-PM-1-1024x683.jpeg\" alt=\"\" class=\"wp-image-32430\" width=\"768\" height=\"512\" srcset=\"https:\/\/atecordoba.org\/wp-content\/uploads\/2022\/06\/WhatsApp-Image-2022-06-22-at-1.18.29-PM-1-1024x683.jpeg 1024w, https:\/\/atecordoba.org\/wp-content\/uploads\/2022\/06\/WhatsApp-Image-2022-06-22-at-1.18.29-PM-1-300x200.jpeg 300w, https:\/\/atecordoba.org\/wp-content\/uploads\/2022\/06\/WhatsApp-Image-2022-06-22-at-1.18.29-PM-1-768x512.jpeg 768w, https:\/\/atecordoba.org\/wp-content\/uploads\/2022\/06\/WhatsApp-Image-2022-06-22-at-1.18.29-PM-1-750x500.jpeg 750w, https:\/\/atecordoba.org\/wp-content\/uploads\/2022\/06\/WhatsApp-Image-2022-06-22-at-1.18.29-PM-1-1140x761.jpeg 1140w, https:\/\/atecordoba.org\/wp-content\/uploads\/2022\/06\/WhatsApp-Image-2022-06-22-at-1.18.29-PM-1.jpeg 1349w\" sizes=\"auto, (max-width: 768px) 100vw, 768px\" \/><\/figure><\/div>\n\n\n\n<p>La movilizaci\u00f3n conjunta de ATE y CTA Aut\u00f3noma con organizaciones nucleadas alrededor de la Unidad Piquetera constituy\u00f3 la semana pasado un hito que conjuga al movimiento obrero organizado sindical con las organizaciones sociales, que ganaron fuerte presencia dentro del campo popular a partir de organizar las demandas territoriales all\u00ed donde los gremial se qued\u00f3 corto. <\/p>\n\n\n\n<p>Asi, la movilizaci\u00f3n llev\u00f3 a la Legislatura las demandas de trabajo digno y aumento de las prestaciones asistenciales que reciben las y los compa\u00f1eros desocupados, con la agenda de las y los estatales por aumento salarial y fin de la precarizaci\u00f3n laboral que el gobierno de Schiaretti impone al conjunto de los y las provinciales.<\/p>\n\n\n\n<p>En ese marco, el programa radial Entre Todos y Todas, que emite la Secretaria de Prensa de ATE C\u00f3rdoba cada martes en GEN FM 107.5, entrevist\u00f3 al referente del Frente de Organizaciones en Lucha (FOL) Maximiliano Maita para hacer un balance de la jornada de lucha. Maita habl\u00f3 tambi\u00e9n de la experiencia de lucha con trabajadores del sector privado como es el caso de la f\u00e1brica Bagley, donde confluyeron reclamos a partir de la movilizaci\u00f3n para pedir que ARCOR venda comidas al costo para los comedores populares de la ciudad. <\/p>\n\n\n\n<div class=\"wp-block-image\"><figure class=\"aligncenter size-large is-resized\"><img loading=\"lazy\" decoding=\"async\" src=\"https:\/\/atecordoba.org\/wp-content\/uploads\/2022\/06\/WhatsApp-Image-2022-06-22-at-1.18.46-PM-1024x768.jpeg\" alt=\"\" class=\"wp-image-32431\" width=\"768\" height=\"576\" srcset=\"https:\/\/atecordoba.org\/wp-content\/uploads\/2022\/06\/WhatsApp-Image-2022-06-22-at-1.18.46-PM-1024x768.jpeg 1024w, https:\/\/atecordoba.org\/wp-content\/uploads\/2022\/06\/WhatsApp-Image-2022-06-22-at-1.18.46-PM-300x225.jpeg 300w, https:\/\/atecordoba.org\/wp-content\/uploads\/2022\/06\/WhatsApp-Image-2022-06-22-at-1.18.46-PM-768x576.jpeg 768w, https:\/\/atecordoba.org\/wp-content\/uploads\/2022\/06\/WhatsApp-Image-2022-06-22-at-1.18.46-PM-750x563.jpeg 750w, https:\/\/atecordoba.org\/wp-content\/uploads\/2022\/06\/WhatsApp-Image-2022-06-22-at-1.18.46-PM-1140x855.jpeg 1140w, https:\/\/atecordoba.org\/wp-content\/uploads\/2022\/06\/WhatsApp-Image-2022-06-22-at-1.18.46-PM.jpeg 1280w\" sizes=\"auto, (max-width: 768px) 100vw, 768px\" \/><\/figure><\/div>\n\n\n\n<p>Consultado por su primera impresi\u00f3n, Maita dijo que &#8220;la marcha tuvo car\u00e1cter hist\u00f3rico porque efectivamente hace muchos a\u00f1os que el gobierno nacional y el provincial han logrado dividir a la clase trabajadora, sean ocupados o desocupados. Y esa divisi\u00f3n se tradujo en una importante atomizaci\u00f3n de la fuerza del conjunto del campo popular. Esto tiene su correlato en que el gobierno y las empresas desarrollan sus planes de ajuste, a veces por goteo, otras con fuertes avanzadas, sobre los derechos de los laburantes. Entendemos por eso que fue una jornada importante de laburantes unidos por un grito en com\u00fan: fuera el FMI y basta de ajuste del gobierno nacional y del gobierno de Schiaretti&#8221;.<\/p>\n\n\n\n<p>Para el dirigente del FOL actualmente &#8220;hay un sentir compartido entre amplios sectores de la comunidad trabajadora, de todos los segmentos, sobre el deterioro de nuestra calidad de vida. Vemos como se ataca los haberes de nuestros abuelos: la primera sesi\u00f3n de la Legislatura en pandemia fue para bajarle el sueldo a los jubilados&#8221;.<\/p>\n\n\n<p><iframe loading=\"lazy\" width=\"100%\" height=\"175px\" scrolling=\"no\" frameborder=\"no\" src=\"\/\/ar.radiocut.fm\/audiocut\/embed\/hori\/maximiliano-maita-del-fol-evalua-jornada-paro-provincial-y-movilizacion-del-16-junio\/\" ><\/iframe><\/p>\n\n\n\n<p>&#8220;Cada vez hay mas gente revolviendo la basura de los ricos para poder subsistir -a\u00f1adi\u00f3- y sin embargo hay un nivel de ausencia de las grandes centrales sindicales que ya no escapa a nadie. Todo el mundo lo est\u00e1 viendo e impugnando&#8221;.<\/p>\n\n\n\n<p>Por eso para el FOL la unidad frente a la Legislatura &#8220;marca un camino a seguir que va a resultar interesante para una amplia mayor\u00eda de los laburantes y los sectores populares. Por supuesto que est\u00e1 en agenda la construcci\u00f3n de mayor solidez de esta unidad con pliegos de reivindicaciones de contengan los intereses y necesidades de los sectores que estamos representando, para poder dar la batalla en todas la l\u00ednea contra el ajuste del gobierno provincial y nacional&#8221;. <\/p>\n\n\n\n<div class=\"wp-block-image\"><figure class=\"aligncenter size-large is-resized\"><img loading=\"lazy\" decoding=\"async\" src=\"https:\/\/atecordoba.org\/wp-content\/uploads\/2022\/06\/WhatsApp-Image-2022-06-22-at-1.18.26-PM-1024x683.jpeg\" alt=\"\" class=\"wp-image-32432\" width=\"768\" height=\"512\" srcset=\"https:\/\/atecordoba.org\/wp-content\/uploads\/2022\/06\/WhatsApp-Image-2022-06-22-at-1.18.26-PM-1024x683.jpeg 1024w, https:\/\/atecordoba.org\/wp-content\/uploads\/2022\/06\/WhatsApp-Image-2022-06-22-at-1.18.26-PM-300x200.jpeg 300w, https:\/\/atecordoba.org\/wp-content\/uploads\/2022\/06\/WhatsApp-Image-2022-06-22-at-1.18.26-PM-768x512.jpeg 768w, https:\/\/atecordoba.org\/wp-content\/uploads\/2022\/06\/WhatsApp-Image-2022-06-22-at-1.18.26-PM-750x500.jpeg 750w, https:\/\/atecordoba.org\/wp-content\/uploads\/2022\/06\/WhatsApp-Image-2022-06-22-at-1.18.26-PM-1140x761.jpeg 1140w, https:\/\/atecordoba.org\/wp-content\/uploads\/2022\/06\/WhatsApp-Image-2022-06-22-at-1.18.26-PM.jpeg 1349w\" sizes=\"auto, (max-width: 768px) 100vw, 768px\" \/><\/figure><\/div>\n\n\n\n<p>&#8220;Tan brutal es ese ajuste ac\u00e1 en C\u00f3rdoba que los movimientos sociales que conseguimos hace cuatro a\u00f1os un programa social de la econom\u00eda popular, que genere puestos de laburo y ventas al Estado de productos y servicios, no conseguimos m\u00e1s que dos o tres puestos de trabajo que duraron mes y medio. Y encima se nos arrebat\u00f3 una conquista hist\u00f3rica que son los \u00fatiles para nuestros hijos. Entonces, seguramente vamos a confluir en una agenda en com\u00fan&#8221;, se\u00f1al\u00f3.<\/p>\n\n\n\n<p><strong>La experiencia de Bagley<\/strong><\/p>\n\n\n\n<p>A fines de mayo el FOL se moviliz\u00f3 junto a otras expresiones sociales hasta la planta de la firma Bagley, ubiicada en camino a Jesus Mar\u00eda, sobre avenida Juan B Justo. All\u00ed traslad\u00f3 a la firma un petitorio donde plante\u00f3 la necesidad de que la corporaci\u00f3n ARCOR venda al costo mercader\u00eda a las organizaciones para sustentar la atenci\u00f3n en los comedores populares de la ciudad. <\/p>\n\n\n\n<p>La protesta lleg\u00f3 en el momento que, dentro de la planta, las y los trabajadores se encontraban amaneciendo un conflicto gremial ya que la patronal est\u00e1 atacando el convenio colectivo, imponiendo acuerdos individuales por encima del marco normativo laboral. El sindicato del sector est\u00e1 convocando a asambleas para rechazar la medida.<\/p>\n\n\n\n<div class=\"wp-block-image\"><figure class=\"aligncenter size-large is-resized\"><img loading=\"lazy\" decoding=\"async\" src=\"https:\/\/atecordoba.org\/wp-content\/uploads\/2022\/06\/bagley-1024x768.jpg\" alt=\"\" class=\"wp-image-32434\" width=\"768\" height=\"576\" srcset=\"https:\/\/atecordoba.org\/wp-content\/uploads\/2022\/06\/bagley-1024x768.jpg 1024w, https:\/\/atecordoba.org\/wp-content\/uploads\/2022\/06\/bagley-300x225.jpg 300w, https:\/\/atecordoba.org\/wp-content\/uploads\/2022\/06\/bagley-768x576.jpg 768w, https:\/\/atecordoba.org\/wp-content\/uploads\/2022\/06\/bagley-750x563.jpg 750w, https:\/\/atecordoba.org\/wp-content\/uploads\/2022\/06\/bagley-1140x855.jpg 1140w, https:\/\/atecordoba.org\/wp-content\/uploads\/2022\/06\/bagley.jpg 1280w\" sizes=\"auto, (max-width: 768px) 100vw, 768px\" \/><\/figure><\/div>\n\n\n\n<p>Maita explic\u00f3 la mirada de las organizaciones sociales ante dicho conflicto  y la posibilidad sumar agenda en com\u00fan con los trabajadores del sector privado. &#8220;Hay una relaci\u00f3n directa entre estas multinacionales que precarizan el trabajo y el hambre del conjunto del pueblo. Esta unidad se vive con mucho entusiasmo, acompa\u00f1amos solidariamente el conflicto de los trabajadores porque la patronal avanza sobre un conjunto de derechos que son conquistas hist\u00f3ricas, imponiendo por fetas su reforma, planta por planta, convenio por convenio&#8221;. <\/p>\n\n\n\n<p>Y asegur\u00f3 que &#8220;resulta que cuando nos encontramos en la calle se vive un momento de mucho entusiasmo.Este conflicto no solo tiene apoyo de organizaciones sociales. Hay un inter\u00e9s en com\u00fan: un pliego de reivindicaciones que tiene la potencialidad de unirse y funcionarse. Por ejemplo, los que venimos reclamando en la calle, frente a ARCOR, frente a la Asociaci\u00f3n Empresaria Argentina (AEA), para que bajen los precios porque nos est\u00e1n empobreciendo a todos, cada vez se nos hace m\u00e1s dif\u00edcil acceder a unas alimentaci\u00f3n completa. A los que tiene trabajo registrado les pasa igual porque con este nivel de precios no hay paritaria que aguante&#8221;.<\/p>\n\n\n\n<div class=\"wp-block-image\"><figure class=\"aligncenter size-large is-resized\"><img loading=\"lazy\" decoding=\"async\" src=\"https:\/\/atecordoba.org\/wp-content\/uploads\/2022\/06\/WhatsApp-Image-2022-06-22-at-1.18.27-PM-1024x683.jpeg\" alt=\"\" class=\"wp-image-32435\" width=\"768\" height=\"512\" srcset=\"https:\/\/atecordoba.org\/wp-content\/uploads\/2022\/06\/WhatsApp-Image-2022-06-22-at-1.18.27-PM-1024x683.jpeg 1024w, https:\/\/atecordoba.org\/wp-content\/uploads\/2022\/06\/WhatsApp-Image-2022-06-22-at-1.18.27-PM-300x200.jpeg 300w, https:\/\/atecordoba.org\/wp-content\/uploads\/2022\/06\/WhatsApp-Image-2022-06-22-at-1.18.27-PM-768x512.jpeg 768w, https:\/\/atecordoba.org\/wp-content\/uploads\/2022\/06\/WhatsApp-Image-2022-06-22-at-1.18.27-PM-750x500.jpeg 750w, https:\/\/atecordoba.org\/wp-content\/uploads\/2022\/06\/WhatsApp-Image-2022-06-22-at-1.18.27-PM-1140x761.jpeg 1140w, https:\/\/atecordoba.org\/wp-content\/uploads\/2022\/06\/WhatsApp-Image-2022-06-22-at-1.18.27-PM.jpeg 1349w\" sizes=\"auto, (max-width: 768px) 100vw, 768px\" \/><\/figure><\/div>\n\n\n\n<p>Para el dirigente &#8220;ah\u00ed hay un inter\u00e9s objetivo en com\u00fan que nos permite golpear en unidad. Sabemos que es muy dif\u00edcil que estas corporaciones bajen los precios, por m\u00e1s que tengamos grandes organizaciones se necesitan verdaderas puebladas para que eso suceda, y por eso planteamos que nos vendan al costo para sostener la atenci\u00f3n de los comedores populares. Los trabajadores lo levantan como parte de un pliego com\u00fan. Desde nuestro espacio venimos desarrollando esa perspectiva com\u00fan: con trabajadores de Minetti, del Geri\u00e1trico Hogar Plaza, de limpieza, pero esto es un paso adelante que aporta una potencialidad interesante&#8221;.<\/p>\n\n\n\n<p>Y concluy\u00f3: &#8220;Las empresas tiene que abrir los libros, como establece la Constituci\u00f3n a trav\u00e9s de la participaci\u00f3n de los trabajadores en las ganancias empresariales, porque si hay excedente tienen que subir los sueldos, tienen que generar m\u00e1s puestos de trabajo. Vivimos en un mundo altamente desarrollado que permite producir con mayores niveles de eficiencia y, sin embargo, el conjunto de los trabajadores se empobrece cada vez m\u00e1s frente a las patronales&#8221;.<\/p>\n","protected":false},"excerpt":{"rendered":"<p>La movilizaci\u00f3n conjunta de ATE y CTA Aut\u00f3noma con organizaciones nucleadas alrededor de la Unidad Piquetera constituy\u00f3 la semana pasado un hito que conjuga al movimiento obrero organizado sindical con las organizaciones sociales, que ganaron fuerte presencia dentro del campo popular a partir de organizar las demandas territoriales all\u00ed donde los gremial se qued\u00f3 corto. [&hellip;]<\/p>\n","protected":false},"author":7,"featured_media":32436,"comment_status":"open","ping_status":"open","sticky":false,"template":"","format":"standard","meta":{"_exactmetrics_skip_tracking":false,"_exactmetrics_sitenote_active":false,"_exactmetrics_sitenote_note":"","_exactmetrics_sitenote_category":0,"jnews-multi-image_gallery":[],"jnews_single_post":{"subtitle":"El dirigente del Frente de Organizaciones en Lucha Maximiliano Maita reivindic\u00f3 la unidad de organizaciones sociales y el movimiento sindical. ","format":"standard","video":"","gallery":"","source_name":"","source_url":"","via_name":"","via_url":"","override_template":"0","override":[{"template":"1","single_blog_custom":"","parallax":"1","fullscreen":"1","layout":"right-sidebar","sidebar":"default-sidebar","second_sidebar":"default-sidebar","sticky_sidebar":"1","share_position":"top","share_float_style":"share-monocrhome","show_share_counter":"1","show_view_counter":"1","show_featured":"1","show_post_meta":"1","show_post_author":"1","show_post_author_image":"1","show_post_date":"1","post_date_format":"default","post_date_format_custom":"Y\/m\/d","show_post_category":"1","show_post_reading_time":"0","post_reading_time_wpm":"300","show_zoom_button":"0","zoom_button_out_step":"2","zoom_button_in_step":"3","show_post_tag":"1","show_prev_next_post":"1","show_popup_post":"1","number_popup_post":"1","show_author_box":"0","show_post_related":"0","show_inline_post_related":"0"}],"override_image_size":"0","image_override":[{"single_post_thumbnail_size":"crop-500","single_post_gallery_size":"crop-500"}],"trending_post":"0","trending_post_position":"meta","trending_post_label":"Trending","sponsored_post":"0","sponsored_post_label":"Sponsored by","sponsored_post_name":"","sponsored_post_url":"","sponsored_post_logo_enable":"0","sponsored_post_logo":"","sponsored_post_desc":"","disable_ad":"0"},"jnews_primary_category":{"id":""},"jnews_social_meta":{"fb_title":"","fb_description":"","fb_image":"","twitter_title":"","twitter_description":"","twitter_image":""},"jnews_review":[],"enable_review":"0","type":"percentage","name":"","summary":"","brand":"","sku":"","good":[{"good_text":""}],"bad":[{"bad_text":""}],"score_override":"","override_value":"","rating":[{"rating_text":"","rating_number":"10"}],"price":[{"shop":"","price":"","link":"","icon":""}],"jnews_override_counter":{"override_view_counter":"0","view_counter_number":"0","override_share_counter":"0","share_counter_number":"0","override_like_counter":"0","like_counter_number":"0","override_dislike_counter":"0","dislike_counter_number":"0"},"jnews_post_split":{"enable_post_split":"0","post_split":[{"template":"1","tag":"h2","numbering":"asc","mode":"normal","first":"0","enable_toc":"0","toc_type":"normal"}]},"footnotes":""},"categories":[10],"tags":[],"class_list":["post-32429","post","type-post","status-publish","format-standard","has-post-thumbnail","hentry","category-accion-politica"],"jetpack_featured_media_url":"https:\/\/atecordoba.org\/wp-content\/uploads\/2022\/06\/portada-4-e1655918940163.jpeg","_links":{"self":[{"href":"https:\/\/atecordoba.org\/index.php?rest_route=\/wp\/v2\/posts\/32429","targetHints":{"allow":["GET"]}}],"collection":[{"href":"https:\/\/atecordoba.org\/index.php?rest_route=\/wp\/v2\/posts"}],"about":[{"href":"https:\/\/atecordoba.org\/index.php?rest_route=\/wp\/v2\/types\/post"}],"author":[{"embeddable":true,"href":"https:\/\/atecordoba.org\/index.php?rest_route=\/wp\/v2\/users\/7"}],"replies":[{"embeddable":true,"href":"https:\/\/atecordoba.org\/index.php?rest_route=%2Fwp%2Fv2%2Fcomments&post=32429"}],"version-history":[{"count":2,"href":"https:\/\/atecordoba.org\/index.php?rest_route=\/wp\/v2\/posts\/32429\/revisions"}],"predecessor-version":[{"id":32439,"href":"https:\/\/atecordoba.org\/index.php?rest_route=\/wp\/v2\/posts\/32429\/revisions\/32439"}],"wp:featuredmedia":[{"embeddable":true,"href":"https:\/\/atecordoba.org\/index.php?rest_route=\/wp\/v2\/media\/32436"}],"wp:attachment":[{"href":"https:\/\/atecordoba.org\/index.php?rest_route=%2Fwp%2Fv2%2Fmedia&parent=32429"}],"wp:term":[{"taxonomy":"category","embeddable":true,"href":"https:\/\/atecordoba.org\/index.php?rest_route=%2Fwp%2Fv2%2Fcategories&post=32429"},{"taxonomy":"post_tag","embeddable":true,"href":"https:\/\/atecordoba.org\/index.php?rest_route=%2Fwp%2Fv2%2Ftags&post=32429"}],"curies":[{"name":"wp","href":"https:\/\/api.w.org\/{rel}","templated":true}]}}