{"id":32415,"date":"2022-06-22T12:06:46","date_gmt":"2022-06-22T15:06:46","guid":{"rendered":"https:\/\/atecordoba.org\/?p=32415"},"modified":"2022-06-22T12:42:43","modified_gmt":"2022-06-22T15:42:43","slug":"plenario-de-provinciales-valoro-la-marcha-del-jueves-pasado-y-propuso-nuevas-medidas-de-fuerza","status":"publish","type":"post","link":"https:\/\/atecordoba.org\/?p=32415","title":{"rendered":"Plenario de provinciales valor\u00f3 la marcha del jueves pasado y propuso nuevas medidas de fuerza"},"content":{"rendered":"\n<div class=\"wp-block-image\"><figure class=\"aligncenter size-large is-resized\"><img loading=\"lazy\" decoding=\"async\" src=\"https:\/\/atecordoba.org\/wp-content\/uploads\/2022\/06\/IMG-20220621-WA0024-1024x576.jpg\" alt=\"\" class=\"wp-image-32419\" width=\"768\" height=\"432\" srcset=\"https:\/\/atecordoba.org\/wp-content\/uploads\/2022\/06\/IMG-20220621-WA0024-1024x576.jpg 1024w, https:\/\/atecordoba.org\/wp-content\/uploads\/2022\/06\/IMG-20220621-WA0024-300x169.jpg 300w, https:\/\/atecordoba.org\/wp-content\/uploads\/2022\/06\/IMG-20220621-WA0024-768x432.jpg 768w, https:\/\/atecordoba.org\/wp-content\/uploads\/2022\/06\/IMG-20220621-WA0024-1536x864.jpg 1536w, https:\/\/atecordoba.org\/wp-content\/uploads\/2022\/06\/IMG-20220621-WA0024-750x422.jpg 750w, https:\/\/atecordoba.org\/wp-content\/uploads\/2022\/06\/IMG-20220621-WA0024-1140x641.jpg 1140w, https:\/\/atecordoba.org\/wp-content\/uploads\/2022\/06\/IMG-20220621-WA0024.jpg 1600w\" sizes=\"auto, (max-width: 768px) 100vw, 768px\" \/><\/figure><\/div>\n\n\n\n<p>Ayer se reuni\u00f3 el cuerpo de delegados provinciales del circuito C\u00f3rdoba Capital para analizar el andar que viene teniendo el plan de lucha en el Estado provincial y proponer medidas de acci\u00f3n frente a la falta de respuestas del gobierno de Schiaretti a los justos reclamos de \u00edndole salarial, de condiciones de trabajo y frente a la ola de persecuciones de los funcionarios provinciales en diversos organismos. <\/p>\n\n\n\n<p>&#8220;Se toc\u00f3 el tema de la recuperaci\u00f3n salarial en el camino de organizar un proceso de medidas de fuerza que vaya in crecendo, para construir un nuevo paro provincial conjuntamente con los sectores piqueteros, sociales y pol\u00edticos que quieran participar&#8221;, destac\u00f3 el secretario de Formaci\u00f3n C\u00e9sar Theaux, que presidi\u00f3 el Plenario. <\/p>\n\n\n\n<div class=\"wp-block-image\"><figure class=\"aligncenter size-large is-resized\"><img loading=\"lazy\" decoding=\"async\" src=\"https:\/\/atecordoba.org\/wp-content\/uploads\/2022\/06\/IMG-20220621-WA0025-1024x545.jpg\" alt=\"\" class=\"wp-image-32418\" width=\"768\" height=\"409\" srcset=\"https:\/\/atecordoba.org\/wp-content\/uploads\/2022\/06\/IMG-20220621-WA0025-1024x545.jpg 1024w, https:\/\/atecordoba.org\/wp-content\/uploads\/2022\/06\/IMG-20220621-WA0025-300x160.jpg 300w, https:\/\/atecordoba.org\/wp-content\/uploads\/2022\/06\/IMG-20220621-WA0025-768x409.jpg 768w, https:\/\/atecordoba.org\/wp-content\/uploads\/2022\/06\/IMG-20220621-WA0025-1536x818.jpg 1536w, https:\/\/atecordoba.org\/wp-content\/uploads\/2022\/06\/IMG-20220621-WA0025-750x399.jpg 750w, https:\/\/atecordoba.org\/wp-content\/uploads\/2022\/06\/IMG-20220621-WA0025-1140x607.jpg 1140w, https:\/\/atecordoba.org\/wp-content\/uploads\/2022\/06\/IMG-20220621-WA0025.jpg 1600w\" sizes=\"auto, (max-width: 768px) 100vw, 768px\" \/><\/figure><\/div>\n\n\n\n<p>A su vez, el referente de ATE en la Secretaria de Ni\u00f1ez Adolescencia y Familia (SENAF), Humberto Cabral, agreg\u00f3 que &#8220;se valor\u00f3 la marcha multitudinaria del jueves pasado. Fijamos hacer asambleas por sector preparando as\u00ed la convocatoria a una nueva medida de fuerza&#8221;. <\/p>\n\n\n\n<p>&#8220;El objetivo de impulsar la reapertura de paritarias porque el nivel salarial es muy bajo. Por caso, las y los precarizados en SENAF cobran salarios miserables de 20 mil pesos por las becas y 40 mil las y los profesionales&#8221;, denunci\u00f3 el dirigente.<\/p>\n\n\n\n<p>A su vez, el Plenario rechaz\u00f3 los proyectos de ley promovidos por el Sindicato de Empleados P\u00fablicos, en la figura del legislador oficialista y mandam\u00e1s de esa organizaci\u00f3n Jos\u00e9 Pihen, que modifican las leyes 9361 y 7625, todas vez que &#8220;lo que los provinciales necesitamos es un convenio colectivo de trabajo y no m\u00e1s parches&#8221;, afirm\u00f3 Theaux.<\/p>\n\n\n\n<p>Qued\u00f3 fijada la convocatoria para un nuevo plenario para pr\u00f3ximo el 5 de julio, a las 10 horas, esta vez con compa\u00f1eros y compa\u00f1eras provinciales de todas las seccionales y delegaciones del interior. <\/p>\n\n\n\n<p><strong>Revertir el despido en SENAF<\/strong><\/p>\n\n\n\n<p>Cabral relat\u00f3 que durante el plenario &#8220;pudimos expresar el malestar que vivimos en SENAF, ante el despido de una compa\u00f1era socioeducadora precarizada del Complejo Esperanza . En el sector hay 25 monotriobutistas, mujeres que viene sufriendo maltratos sistem\u00e1ticos en un \u00e1mbito muy duro, donde el trabajo es complejo sin siquiera contar con ART cuando est\u00e1n en contacto directo con j\u00f3venes en conflicto con la ley penal&#8221;.<\/p>\n\n\n\n<p>El organismo est\u00e1 envuelto en un conflicto debido a las persecuciones que ejercen los funcionarios sobre afiliados y activistas de ATE y que deriv\u00f3 en el despido de una trabajadora socioeducadora en el Complejo Esperanza, espacio donde est\u00e1n alojados j\u00f3venes menores de edad en conflicto con la ley penal.<\/p>\n\n\n\n<p>En tal sentido, el plenario debati\u00f3 la construcci\u00f3n de un plan de lucha para reforzar a estas compa\u00f1eras y revertir este despido.<\/p>\n\n\n\n<div class=\"wp-block-image\"><figure class=\"aligncenter size-large is-resized\"><img loading=\"lazy\" decoding=\"async\" src=\"https:\/\/atecordoba.org\/wp-content\/uploads\/2022\/06\/IMG-20220621-WA0022-1024x576.jpg\" alt=\"\" class=\"wp-image-32420\" width=\"768\" height=\"432\" srcset=\"https:\/\/atecordoba.org\/wp-content\/uploads\/2022\/06\/IMG-20220621-WA0022-1024x576.jpg 1024w, https:\/\/atecordoba.org\/wp-content\/uploads\/2022\/06\/IMG-20220621-WA0022-300x169.jpg 300w, https:\/\/atecordoba.org\/wp-content\/uploads\/2022\/06\/IMG-20220621-WA0022-768x432.jpg 768w, https:\/\/atecordoba.org\/wp-content\/uploads\/2022\/06\/IMG-20220621-WA0022-1536x864.jpg 1536w, https:\/\/atecordoba.org\/wp-content\/uploads\/2022\/06\/IMG-20220621-WA0022-750x422.jpg 750w, https:\/\/atecordoba.org\/wp-content\/uploads\/2022\/06\/IMG-20220621-WA0022-1140x641.jpg 1140w, https:\/\/atecordoba.org\/wp-content\/uploads\/2022\/06\/IMG-20220621-WA0022.jpg 1600w\" sizes=\"auto, (max-width: 768px) 100vw, 768px\" \/><\/figure><\/div>\n\n\n\n<p>&#8220;En Senaf, la secretaria del organismo, Georgina Taravella, viene obstruyendo la actividad sindical imponiendo practicas persecutorias a los delegados y activistas de ATE. Estamos acostumbrados porque antes de ella lo hac\u00eda Pi\u00f1ero, con el benepl\u00e1cito del anterior ministro de Justicia Luis Angulo, ahora actualmente est\u00e1 Julian L\u00f3pez y la situaci\u00f3n sigue igual&#8221;, cont\u00f3 Cabral. <\/p>\n\n\n\n<p>Y agreg\u00f3: &#8220;as\u00ed y todo la organizaci\u00f3n dentro de SENAF creci\u00f3 mes tras mes, y la perspectiva es ocupar a distintos sectores que antes estaban restringidos. Quiz\u00e1s no nos dejan ingresar a algunos lugares, meten guardia de infanter\u00eda en el Complejo Esperanza, pero ATE va por dentro y en ese lugar ya son 15 las socioeducadoras afiliadas y 30 los celadores. La perspectiva es elegir delegados en el Complejo y contamos con el apoyo de los provinciales del sector salud que siempre nos acompa\u00f1an cuando la lucha est\u00e1 en la calle&#8221;.<\/p>\n\n\n\n<p>Y concluy\u00f3 Cabral que &#8220;la persecuci\u00f3n es una marca distinta de la administraci\u00f3n provincial porque el gobierno teme que se expanda la organizaci\u00f3n de ATE entre los estatales provinciales. Si bien en SENAF esto es m\u00e1s grave que en otras reparticiones, sucede que fuimos uno de los sectores fuera de salud donde el gremio comenz\u00f3 a hacer pie&#8221;.<\/p>\n","protected":false},"excerpt":{"rendered":"<p>Ayer se reuni\u00f3 el cuerpo de delegados provinciales del circuito C\u00f3rdoba Capital para analizar el andar que viene teniendo el plan de lucha en el Estado provincial y proponer medidas de acci\u00f3n frente a la falta de respuestas del gobierno de Schiaretti a los justos reclamos de \u00edndole salarial, de condiciones de trabajo y frente [&hellip;]<\/p>\n","protected":false},"author":7,"featured_media":32422,"comment_status":"open","ping_status":"open","sticky":false,"template":"","format":"standard","meta":{"_exactmetrics_skip_tracking":false,"_exactmetrics_sitenote_active":false,"_exactmetrics_sitenote_note":"","_exactmetrics_sitenote_category":0,"jnews-multi-image_gallery":[],"jnews_single_post":{"subtitle":"Ayer se reuni\u00f3 el cuerpo de delegados provinciales del circuito C\u00f3rdoba Capital para analizar el andar que viene teniendo el plan de lucha en el Estado provincial y proponer medidas de acci\u00f3n frente a la falta de respuestas del gobierno de Schiaretti a los justos reclamos de \u00edndole salarial, de condiciones de trabajo y frente a la ola de persecuciones de los funcionarios provinciales en diversos organismos.","format":"standard","video":"","gallery":"","source_name":"","source_url":"","via_name":"","via_url":"","override_template":"0","override":[{"template":"1","single_blog_custom":"","parallax":"1","fullscreen":"1","layout":"right-sidebar","sidebar":"default-sidebar","second_sidebar":"default-sidebar","sticky_sidebar":"1","share_position":"top","share_float_style":"share-monocrhome","show_share_counter":"1","show_view_counter":"1","show_featured":"1","show_post_meta":"1","show_post_author":"1","show_post_author_image":"1","show_post_date":"1","post_date_format":"default","post_date_format_custom":"Y\/m\/d","show_post_category":"1","show_post_reading_time":"0","post_reading_time_wpm":"300","show_zoom_button":"0","zoom_button_out_step":"2","zoom_button_in_step":"3","show_post_tag":"1","show_prev_next_post":"1","show_popup_post":"1","number_popup_post":"1","show_author_box":"0","show_post_related":"0","show_inline_post_related":"0"}],"override_image_size":"0","image_override":[{"single_post_thumbnail_size":"crop-500","single_post_gallery_size":"crop-500"}],"trending_post":"0","trending_post_position":"meta","trending_post_label":"Trending","sponsored_post":"0","sponsored_post_label":"Sponsored by","sponsored_post_name":"","sponsored_post_url":"","sponsored_post_logo_enable":"0","sponsored_post_logo":"","sponsored_post_desc":"","disable_ad":"0"},"jnews_primary_category":{"id":""},"jnews_social_meta":{"fb_title":"Provinciales: Plenario de provinciales valor\u00f3 la marcha del jueves pasado y propuso nuevas medidas de fuerza","fb_description":"","fb_image":"","twitter_title":"","twitter_description":"","twitter_image":""},"jnews_review":[],"enable_review":"0","type":"percentage","name":"","summary":"","brand":"","sku":"","good":[{"good_text":""}],"bad":[{"bad_text":""}],"score_override":"","override_value":"","rating":[{"rating_text":"","rating_number":"10"}],"price":[{"shop":"","price":"","link":"","icon":""}],"jnews_override_counter":{"override_view_counter":"0","view_counter_number":"0","override_share_counter":"0","share_counter_number":"0","override_like_counter":"0","like_counter_number":"0","override_dislike_counter":"0","dislike_counter_number":"0"},"jnews_post_split":{"enable_post_split":"0","post_split":[{"template":"1","tag":"h2","numbering":"asc","mode":"normal","first":"0","enable_toc":"0","toc_type":"normal"}]},"footnotes":""},"categories":[8],"tags":[],"class_list":["post-32415","post","type-post","status-publish","format-standard","has-post-thumbnail","hentry","category-provinciales"],"jetpack_featured_media_url":"https:\/\/atecordoba.org\/wp-content\/uploads\/2022\/06\/portada2-1-e1655910297964.jpg","_links":{"self":[{"href":"https:\/\/atecordoba.org\/index.php?rest_route=\/wp\/v2\/posts\/32415","targetHints":{"allow":["GET"]}}],"collection":[{"href":"https:\/\/atecordoba.org\/index.php?rest_route=\/wp\/v2\/posts"}],"about":[{"href":"https:\/\/atecordoba.org\/index.php?rest_route=\/wp\/v2\/types\/post"}],"author":[{"embeddable":true,"href":"https:\/\/atecordoba.org\/index.php?rest_route=\/wp\/v2\/users\/7"}],"replies":[{"embeddable":true,"href":"https:\/\/atecordoba.org\/index.php?rest_route=%2Fwp%2Fv2%2Fcomments&post=32415"}],"version-history":[{"count":5,"href":"https:\/\/atecordoba.org\/index.php?rest_route=\/wp\/v2\/posts\/32415\/revisions"}],"predecessor-version":[{"id":32428,"href":"https:\/\/atecordoba.org\/index.php?rest_route=\/wp\/v2\/posts\/32415\/revisions\/32428"}],"wp:featuredmedia":[{"embeddable":true,"href":"https:\/\/atecordoba.org\/index.php?rest_route=\/wp\/v2\/media\/32422"}],"wp:attachment":[{"href":"https:\/\/atecordoba.org\/index.php?rest_route=%2Fwp%2Fv2%2Fmedia&parent=32415"}],"wp:term":[{"taxonomy":"category","embeddable":true,"href":"https:\/\/atecordoba.org\/index.php?rest_route=%2Fwp%2Fv2%2Fcategories&post=32415"},{"taxonomy":"post_tag","embeddable":true,"href":"https:\/\/atecordoba.org\/index.php?rest_route=%2Fwp%2Fv2%2Ftags&post=32415"}],"curies":[{"name":"wp","href":"https:\/\/api.w.org\/{rel}","templated":true}]}}