{"id":3241,"date":"2013-09-12T18:11:28","date_gmt":"2013-09-12T21:11:28","guid":{"rendered":"http:\/\/www.atecordoba.org\/?p=3241"},"modified":"2013-09-12T18:11:28","modified_gmt":"2013-09-12T21:11:28","slug":"desde-ate-construimos-cta-en-los-barrios-de-cordoba","status":"publish","type":"post","link":"https:\/\/atecordoba.org\/?p=3241","title":{"rendered":"Desde ATE construimos CTA en los barrios de C\u00f3rdoba"},"content":{"rendered":"<p><em>Con la reciente apertura de una Copa de Leche en B\u00b0 Comercial, ATE promueve el desarrollo territorial de nuestra Central en una de las zonas m\u00e1s desfavorecidas de la capital provincial. Alrededor de 25 compa\u00f1eras tomaron la decisi\u00f3n en una asamblea barrial.<\/em><\/p>\n<p style=\"text-align: center;\"><a href=\"http:\/\/www.atecordoba.org\/wp-content\/uploads\/2013\/09\/b\u00b0-comercial-web-1.png\"><img loading=\"lazy\" decoding=\"async\" class=\" wp-image-3243 aligncenter\" alt=\"b\u00b0 comercial web 1\" src=\"http:\/\/www.atecordoba.org\/wp-content\/uploads\/2013\/09\/b\u00b0-comercial-web-1.png\" width=\"522\" height=\"392\" \/><\/a><\/p>\n<p>&#8220;Estamos ac\u00e1 para bancar la organizaci\u00f3n territorial y estamos muy felices que las compa\u00f1eras hayan resuelto sumarse a la CTA. Destacamos la gesta solidaria en el barrio, siendo uno de los sectores del sur de la ciudad m\u00e1s poblados y m\u00e1s empobrecidos. Esto marca el compromiso de la mujeres para buscar soluciones desde la solidaridad con los compa\u00f1eros m\u00e1s necesitados&#8221;, dijo Luis B\u00e1rcena, secretario de Interior de ATE, al inaugurarse el local que las compa\u00f1eras, en su mayor\u00eda madres, llevar\u00e1n adelante para brindar la copa de leche y apoyo escolar a numerosos ni\u00f1os que habitan el barrio.<\/p>\n<p>Fue la compa\u00f1era Mary Juncos quien asumi\u00f3 la iniciativa para llevar adelante el espacio, consciente que la organizaci\u00f3n popular es la base desde donde se deben construir alternativas a la dura realidad que afronta el barrio.<\/p>\n<p><a href=\"http:\/\/www.atecordoba.org\/wp-content\/uploads\/2013\/09\/b\u00b0-comercial-web-2.png\"><img loading=\"lazy\" decoding=\"async\" class=\"alignright  wp-image-3244\" alt=\"b\u00b0 comercial web 2\" src=\"http:\/\/www.atecordoba.org\/wp-content\/uploads\/2013\/09\/b\u00b0-comercial-web-2.png\" width=\"392\" height=\"294\" \/><\/a>En la oportunidad, junto con B\u00e1rcena, estuvieron presentes Alejandro Charra, secretario de Organizaci\u00f3n de ATE, mart\u00edn Stibel, prosecretario Gremial, y los vocales V\u00edctor Lecuona y Francisco Pavan. Adem\u00e1s, estuvieron dando su apoyo los compa\u00f1eros de CTA Alejandro Vazquez y Mat\u00edas Alarc\u00f3n, por la Juventud de la Central.<\/p>\n<p>&#8220;Remarcamos el coraje de las mujeres para tomar esta iniciativa para formar en el futuro una juventud m\u00e1s sana y digna. Es muy importante para el desarrollo territorial de la CTA, que tiene entre sus principales objetivos organizar los sectores populares ante la carencia de atenci\u00f3n de parte del Estado. Esto se hace en la casa de una compa\u00f1era, con el coraz\u00f3n grande para trabajar en el mejoramiento de las condiciones de vida de los m\u00e1s chicos &#8220;, sostuvo Alarc\u00f3n.<\/p>\n<p>As\u00ed se cumple uno de los compromisos de ATE, resueltos en el Congreso provincial de este a\u00f1o, de continuar profundizando la presencia territorial de CTA en C\u00f3rdoba.<\/p>\n<p style=\"text-align: center;\"><a href=\"http:\/\/www.atecordoba.org\/wp-content\/uploads\/2013\/09\/b\u00b0-comercial-web-4.png\"><img loading=\"lazy\" decoding=\"async\" class=\" wp-image-3245 aligncenter\" alt=\"b\u00b0 comercial web 4\" src=\"http:\/\/www.atecordoba.org\/wp-content\/uploads\/2013\/09\/b\u00b0-comercial-web-4.png\" width=\"392\" height=\"294\" \/><\/a><a href=\"http:\/\/www.atecordoba.org\/wp-content\/uploads\/2013\/09\/b\u00b0-comercial-web-5.png\"><img loading=\"lazy\" decoding=\"async\" class=\" wp-image-3246 aligncenter\" alt=\"b\u00b0 comercial web 5\" src=\"http:\/\/www.atecordoba.org\/wp-content\/uploads\/2013\/09\/b\u00b0-comercial-web-5.png\" width=\"392\" height=\"294\" \/><\/a><a href=\"http:\/\/www.atecordoba.org\/wp-content\/uploads\/2013\/09\/b\u00b0-comercial-web3.png\"><img loading=\"lazy\" decoding=\"async\" class=\" wp-image-3247 aligncenter\" alt=\"b\u00b0 comercial web3\" src=\"http:\/\/www.atecordoba.org\/wp-content\/uploads\/2013\/09\/b\u00b0-comercial-web3.png\" width=\"392\" height=\"294\" \/><\/a><\/p>\n","protected":false},"excerpt":{"rendered":"<p>Con la reciente apertura de una Copa de Leche en B\u00b0 Comercial, ATE promueve el desarrollo territorial de nuestra Central en una de las zonas m\u00e1s desfavorecidas de la capital provincial. Alrededor de 25 compa\u00f1eras tomaron la decisi\u00f3n en una asamblea barrial. &#8220;Estamos ac\u00e1 para bancar la organizaci\u00f3n territorial y estamos muy felices que las [&hellip;]<\/p>\n","protected":false},"author":1,"featured_media":19220,"comment_status":"open","ping_status":"open","sticky":false,"template":"","format":"standard","meta":{"_exactmetrics_skip_tracking":false,"_exactmetrics_sitenote_active":false,"_exactmetrics_sitenote_note":"","_exactmetrics_sitenote_category":0,"jnews-multi-image_gallery":[],"jnews_single_post":[],"jnews_primary_category":[],"jnews_social_meta":[],"jnews_review":[],"enable_review":"","type":"","name":"","summary":"","brand":"","sku":"","good":[],"bad":[],"score_override":"","override_value":"","rating":[],"price":[],"jnews_override_counter":[],"jnews_post_split":[],"footnotes":""},"categories":[1],"tags":[],"class_list":["post-3241","post","type-post","status-publish","format-standard","has-post-thumbnail","hentry","category-sin-categoria"],"jetpack_featured_media_url":"https:\/\/atecordoba.org\/wp-content\/uploads\/2020\/05\/logo-nuevochico-e1561581322808.png","_links":{"self":[{"href":"https:\/\/atecordoba.org\/index.php?rest_route=\/wp\/v2\/posts\/3241","targetHints":{"allow":["GET"]}}],"collection":[{"href":"https:\/\/atecordoba.org\/index.php?rest_route=\/wp\/v2\/posts"}],"about":[{"href":"https:\/\/atecordoba.org\/index.php?rest_route=\/wp\/v2\/types\/post"}],"author":[{"embeddable":true,"href":"https:\/\/atecordoba.org\/index.php?rest_route=\/wp\/v2\/users\/1"}],"replies":[{"embeddable":true,"href":"https:\/\/atecordoba.org\/index.php?rest_route=%2Fwp%2Fv2%2Fcomments&post=3241"}],"version-history":[{"count":0,"href":"https:\/\/atecordoba.org\/index.php?rest_route=\/wp\/v2\/posts\/3241\/revisions"}],"wp:featuredmedia":[{"embeddable":true,"href":"https:\/\/atecordoba.org\/index.php?rest_route=\/wp\/v2\/media\/19220"}],"wp:attachment":[{"href":"https:\/\/atecordoba.org\/index.php?rest_route=%2Fwp%2Fv2%2Fmedia&parent=3241"}],"wp:term":[{"taxonomy":"category","embeddable":true,"href":"https:\/\/atecordoba.org\/index.php?rest_route=%2Fwp%2Fv2%2Fcategories&post=3241"},{"taxonomy":"post_tag","embeddable":true,"href":"https:\/\/atecordoba.org\/index.php?rest_route=%2Fwp%2Fv2%2Ftags&post=3241"}],"curies":[{"name":"wp","href":"https:\/\/api.w.org\/{rel}","templated":true}]}}