{"id":32409,"date":"2022-06-21T12:33:31","date_gmt":"2022-06-21T15:33:31","guid":{"rendered":"https:\/\/atecordoba.org\/?p=32409"},"modified":"2022-06-21T12:33:34","modified_gmt":"2022-06-21T15:33:34","slug":"ate-reclama-a-la-unc-abrir-el-comedor-universitario-a-las-y-los-trabajadores-de-la-casa-de-estudios","status":"publish","type":"post","link":"https:\/\/atecordoba.org\/?p=32409","title":{"rendered":"ATE reclama a la UNC abrir el Comedor Universitario a las y los trabajadores de la casa de estudios"},"content":{"rendered":"\n<div class=\"wp-block-image\"><figure class=\"aligncenter size-large is-resized\"><img loading=\"lazy\" decoding=\"async\" src=\"https:\/\/atecordoba.org\/wp-content\/uploads\/2022\/06\/IMG-20220613-WA0025-724x1024.jpg\" alt=\"\" class=\"wp-image-32410\" width=\"543\" height=\"768\" srcset=\"https:\/\/atecordoba.org\/wp-content\/uploads\/2022\/06\/IMG-20220613-WA0025-724x1024.jpg 724w, https:\/\/atecordoba.org\/wp-content\/uploads\/2022\/06\/IMG-20220613-WA0025-212x300.jpg 212w, https:\/\/atecordoba.org\/wp-content\/uploads\/2022\/06\/IMG-20220613-WA0025-768x1086.jpg 768w, https:\/\/atecordoba.org\/wp-content\/uploads\/2022\/06\/IMG-20220613-WA0025-750x1060.jpg 750w, https:\/\/atecordoba.org\/wp-content\/uploads\/2022\/06\/IMG-20220613-WA0025.jpg 843w\" sizes=\"auto, (max-width: 543px) 100vw, 543px\" \/><\/figure><\/div>\n\n\n\n<p>Ante el cierre del acceso del Comedor Universitario para las y los docentes y no docentes desde que se retom\u00f3 la actividad pospandemia el cuerpo de delegados y delegadas de ATE en la Facultad de Matem\u00e1tica, Astronom\u00eda y F\u00edsica de la Universidad Nacional de C\u00f3rdoba (UNC) lanz\u00f3 una convocatoria p\u00fablica para que el rectorado de la casa de estudios revierta la medida <\/p>\n\n\n\n<p>El delegado de ATE FAMAF, Isidoro D\u00edaz, explic\u00f3 que &#8220;lanzamos esta campa\u00f1a porque creemos que es un\u00a0 derecho, una conquista, que las y los trabajadores de la universidad tengan la posibilidad de comer en el Comedor Universitario a precio subsidiado&#8221;.<\/p>\n\n\n\n<p>D\u00edaz apunt\u00f3 que &#8220;si bien en 2018 hubo un aumento importante del precio de las viandas en el marco de la escalada inflacionaria por parte de la gesti\u00f3n de Hugo Juri, no dejamos de acceder a alimentos frescos, en el marco del programa de comida sin gluten para compa\u00f1eros con la enfermedad cel\u00edaca. Pero al comienzo de la pandemia de Covid 19, con la cuarentena, el rectorado directamente cerr\u00f3 el Comedor, se mantuvo una peque\u00f1a l\u00ednea de viandas para estudiantes \u00fanicamente y hasta principios de este a\u00f1o se mantuvo en esta condici\u00f3n&#8221;.<\/p>\n\n\n\n<div class=\"wp-block-image\"><figure class=\"aligncenter size-large is-resized\"><img loading=\"lazy\" decoding=\"async\" src=\"https:\/\/atecordoba.org\/wp-content\/uploads\/2022\/06\/IMG-20220613-WA0024-1024x1024.jpg\" alt=\"\" class=\"wp-image-32412\" width=\"768\" height=\"768\" srcset=\"https:\/\/atecordoba.org\/wp-content\/uploads\/2022\/06\/IMG-20220613-WA0024-1024x1024.jpg 1024w, https:\/\/atecordoba.org\/wp-content\/uploads\/2022\/06\/IMG-20220613-WA0024-300x300.jpg 300w, https:\/\/atecordoba.org\/wp-content\/uploads\/2022\/06\/IMG-20220613-WA0024-150x150.jpg 150w, https:\/\/atecordoba.org\/wp-content\/uploads\/2022\/06\/IMG-20220613-WA0024-768x768.jpg 768w, https:\/\/atecordoba.org\/wp-content\/uploads\/2022\/06\/IMG-20220613-WA0024-560x560.jpg 560w, https:\/\/atecordoba.org\/wp-content\/uploads\/2022\/06\/IMG-20220613-WA0024-75x75.jpg 75w, https:\/\/atecordoba.org\/wp-content\/uploads\/2022\/06\/IMG-20220613-WA0024-350x350.jpg 350w, https:\/\/atecordoba.org\/wp-content\/uploads\/2022\/06\/IMG-20220613-WA0024-750x750.jpg 750w, https:\/\/atecordoba.org\/wp-content\/uploads\/2022\/06\/IMG-20220613-WA0024.jpg 1081w\" sizes=\"auto, (max-width: 768px) 100vw, 768px\" \/><\/figure><\/div>\n\n\n\n<p>Con la reapertura, el Rectorado resolvi\u00f3  solo dar raciones a estudiantes, que acceden con determinadas condiciones. La justificaci\u00f3n es que no se cuenta con suficientes raciones ante la mayor demanda, y que por ese motivo se estableci\u00f3 un cupo. &#8220;No nos parece mal -agrega el compa\u00f1ero- pero el problema es que con el aumento del costo de la vida las y los trabajadores estamos perdiendo un conquista, un lugar accesible en precio y calidad, y cercano a nuestro espacio de trabajo&#8221;.\u00a0<\/p>\n\n\n\n<p><strong>M\u00e1s presupuesto<\/strong><\/p>\n\n\n\n<p>Para revertir esa medida, desde ATE &#8220;estamos pidiendo que se ampl\u00ede el presupuesto porque hay un ajuste, a partir de un reconducido del prespuesto 2021 por el correspondiente al presente a\u00f1o no se aprob\u00f3 por el rechazo de la oposici\u00f3n conservadora. Pero el aumento por inflaci\u00f3n que se est\u00e1 aplicando es a partir de un c\u00e1lculo ficticio, que en la pr\u00e1ctica implica un recorte en los salarios de las y los trabajadores, como es el caso de la pauta salarial: 41% en varias cuotas, ni siquiera alcanza el 60% que el gobierno estableci\u00f3 para la Administraci\u00f3n Central&#8221;, denunci\u00f3 el delegado.<\/p>\n\n\n\n<p>&#8220;Las y los compa\u00f1eros no docentes de la FAMAF estamos haciendo trabajo presencial y no nos permiten acceder a un derecho como era el Comedor&#8221;, dijo.<\/p>\n\n\n\n<p>&#8220;Tambi\u00e9n sumamos el reclamo sobre las condiciones de trabajo de los compa\u00f1eros del comedor, muchos de ellos precarizados, sin formar parte de la planta de los trabajadores de la universidad, y por un aumento del presupuesto ya que el argumento del rectorado es que no hay financiamiento&#8221;.<\/p>\n\n\n\n<p>&#8220;Por eso lanzamos esta campa\u00f1a. Es una propuesta al conjunto a las y los trabajadores de la UNC, para que el rectorado no descargue sobre el personal el recorte presupuestario, afectando nuestras condiciones de trabajo&#8221;, concluy\u00f3 D\u00edaz.<\/p>\n\n\n\n<p><\/p>\n","protected":false},"excerpt":{"rendered":"<p>Ante el cierre del acceso del Comedor Universitario para las y los docentes y no docentes desde que se retom\u00f3 la actividad pospandemia el cuerpo de delegados y delegadas de ATE en la Facultad de Matem\u00e1tica, Astronom\u00eda y F\u00edsica de la Universidad Nacional de C\u00f3rdoba (UNC) lanz\u00f3 una convocatoria p\u00fablica para que el rectorado de [&hellip;]<\/p>\n","protected":false},"author":7,"featured_media":32413,"comment_status":"open","ping_status":"open","sticky":false,"template":"","format":"standard","meta":{"_exactmetrics_skip_tracking":false,"_exactmetrics_sitenote_active":false,"_exactmetrics_sitenote_note":"","_exactmetrics_sitenote_category":0,"jnews-multi-image_gallery":[],"jnews_single_post":{"subtitle":"La pandemia y la falta de un presupuesto para 2022 est\u00e1n siendo utilizadas por el Rectorado para imponer un ajuste.","format":"standard","video":"","gallery":"","source_name":"","source_url":"","via_name":"","via_url":"","override_template":"0","override":[{"template":"1","single_blog_custom":"","parallax":"1","fullscreen":"1","layout":"right-sidebar","sidebar":"default-sidebar","second_sidebar":"default-sidebar","sticky_sidebar":"1","share_position":"top","share_float_style":"share-monocrhome","show_share_counter":"1","show_view_counter":"1","show_featured":"1","show_post_meta":"1","show_post_author":"1","show_post_author_image":"1","show_post_date":"1","post_date_format":"default","post_date_format_custom":"Y\/m\/d","show_post_category":"1","show_post_reading_time":"0","post_reading_time_wpm":"300","show_zoom_button":"0","zoom_button_out_step":"2","zoom_button_in_step":"3","show_post_tag":"1","show_prev_next_post":"1","show_popup_post":"1","number_popup_post":"1","show_author_box":"0","show_post_related":"0","show_inline_post_related":"0"}],"override_image_size":"0","image_override":[{"single_post_thumbnail_size":"crop-500","single_post_gallery_size":"crop-500"}],"trending_post":"0","trending_post_position":"meta","trending_post_label":"Trending","sponsored_post":"0","sponsored_post_label":"Sponsored by","sponsored_post_name":"","sponsored_post_url":"","sponsored_post_logo_enable":"0","sponsored_post_logo":"","sponsored_post_desc":"","disable_ad":"0"},"jnews_primary_category":{"id":""},"jnews_social_meta":{"fb_title":"","fb_description":"","fb_image":"","twitter_title":"","twitter_description":"","twitter_image":""},"jnews_review":[],"enable_review":"0","type":"percentage","name":"","summary":"","brand":"","sku":"","good":[{"good_text":""}],"bad":[{"bad_text":""}],"score_override":"","override_value":"","rating":[{"rating_text":"","rating_number":"10"}],"price":[{"shop":"","price":"","link":"","icon":""}],"jnews_override_counter":{"override_view_counter":"0","view_counter_number":"0","override_share_counter":"0","share_counter_number":"0","override_like_counter":"0","like_counter_number":"0","override_dislike_counter":"0","dislike_counter_number":"0"},"jnews_post_split":{"enable_post_split":"0","post_split":[{"template":"1","tag":"h2","numbering":"asc","mode":"normal","first":"0","enable_toc":"0","toc_type":"normal"}]},"footnotes":""},"categories":[18],"tags":[1145,63],"class_list":["post-32409","post","type-post","status-publish","format-standard","has-post-thumbnail","hentry","category-nacionales","tag-comedor-universitario","tag-unc"],"jetpack_featured_media_url":"https:\/\/atecordoba.org\/wp-content\/uploads\/2022\/06\/portada-1-e1655825596710.jpg","_links":{"self":[{"href":"https:\/\/atecordoba.org\/index.php?rest_route=\/wp\/v2\/posts\/32409","targetHints":{"allow":["GET"]}}],"collection":[{"href":"https:\/\/atecordoba.org\/index.php?rest_route=\/wp\/v2\/posts"}],"about":[{"href":"https:\/\/atecordoba.org\/index.php?rest_route=\/wp\/v2\/types\/post"}],"author":[{"embeddable":true,"href":"https:\/\/atecordoba.org\/index.php?rest_route=\/wp\/v2\/users\/7"}],"replies":[{"embeddable":true,"href":"https:\/\/atecordoba.org\/index.php?rest_route=%2Fwp%2Fv2%2Fcomments&post=32409"}],"version-history":[{"count":1,"href":"https:\/\/atecordoba.org\/index.php?rest_route=\/wp\/v2\/posts\/32409\/revisions"}],"predecessor-version":[{"id":32414,"href":"https:\/\/atecordoba.org\/index.php?rest_route=\/wp\/v2\/posts\/32409\/revisions\/32414"}],"wp:featuredmedia":[{"embeddable":true,"href":"https:\/\/atecordoba.org\/index.php?rest_route=\/wp\/v2\/media\/32413"}],"wp:attachment":[{"href":"https:\/\/atecordoba.org\/index.php?rest_route=%2Fwp%2Fv2%2Fmedia&parent=32409"}],"wp:term":[{"taxonomy":"category","embeddable":true,"href":"https:\/\/atecordoba.org\/index.php?rest_route=%2Fwp%2Fv2%2Fcategories&post=32409"},{"taxonomy":"post_tag","embeddable":true,"href":"https:\/\/atecordoba.org\/index.php?rest_route=%2Fwp%2Fv2%2Ftags&post=32409"}],"curies":[{"name":"wp","href":"https:\/\/api.w.org\/{rel}","templated":true}]}}