{"id":32393,"date":"2022-06-15T15:27:27","date_gmt":"2022-06-15T18:27:27","guid":{"rendered":"https:\/\/atecordoba.org\/?p=32393"},"modified":"2022-06-15T15:27:32","modified_gmt":"2022-06-15T18:27:32","slug":"en-conferencia-de-prensa-ate-junto-a-las-organizaciones-piqueteras-ambientales-de-pueblos-originarios-y-feministas-anunciaron-la-marcha-de-manana-a-la-legislatura","status":"publish","type":"post","link":"https:\/\/atecordoba.org\/?p=32393","title":{"rendered":"En conferencia de prensa ATE junto a las organizaciones piqueteras, ambientales, de pueblos originarios  y feministas anunciaron la marcha de ma\u00f1ana a la Legislatura"},"content":{"rendered":"\n<div class=\"wp-block-image\"><figure class=\"aligncenter size-large is-resized\"><img loading=\"lazy\" decoding=\"async\" src=\"https:\/\/atecordoba.org\/wp-content\/uploads\/2022\/06\/WhatsApp-Image-2022-06-15-at-10.17.52-AM-1024x576.jpeg\" alt=\"\" class=\"wp-image-32394\" width=\"768\" height=\"432\" srcset=\"https:\/\/atecordoba.org\/wp-content\/uploads\/2022\/06\/WhatsApp-Image-2022-06-15-at-10.17.52-AM-1024x576.jpeg 1024w, https:\/\/atecordoba.org\/wp-content\/uploads\/2022\/06\/WhatsApp-Image-2022-06-15-at-10.17.52-AM-300x169.jpeg 300w, https:\/\/atecordoba.org\/wp-content\/uploads\/2022\/06\/WhatsApp-Image-2022-06-15-at-10.17.52-AM-768x432.jpeg 768w, https:\/\/atecordoba.org\/wp-content\/uploads\/2022\/06\/WhatsApp-Image-2022-06-15-at-10.17.52-AM-1536x864.jpeg 1536w, https:\/\/atecordoba.org\/wp-content\/uploads\/2022\/06\/WhatsApp-Image-2022-06-15-at-10.17.52-AM-750x422.jpeg 750w, https:\/\/atecordoba.org\/wp-content\/uploads\/2022\/06\/WhatsApp-Image-2022-06-15-at-10.17.52-AM-1140x641.jpeg 1140w, https:\/\/atecordoba.org\/wp-content\/uploads\/2022\/06\/WhatsApp-Image-2022-06-15-at-10.17.52-AM.jpeg 1600w\" sizes=\"auto, (max-width: 768px) 100vw, 768px\" \/><\/figure><\/div>\n\n\n\n<p>En una rueda de prensa convocada esta ma\u00f1ana en el bar Art Dec\u00f3, el conjunto de organizaciones integrantes del Plenario de Organizaciones en Lucha anunciaron la marcha que ma\u00f1ana se realizar\u00e1 a la Legislatura en rechazo al ajuste, por trabajo genuino, aumento salarial y de los montos de las asignaciones asistenciales estatales.<\/p>\n\n\n\n<p>En la oportunidad ATE y CTA Aut\u00f3noma estuvieron presentes, con la participaci\u00f3n del secretario General Federico Giuliani, junto a integrantes de Unidad Piquetera (Polo Obrero, Frente de Organizaciones en Lucha, Asamblea por Trabajo y Vivienda) Asamblea Ambiental Punilla, Fenat CTAA, la concejal Cintia Frencia y la legisladora Soledad Diaz, entre otros. <\/p>\n\n\n\n<p>ATE convocada para ma\u00f1ana a las 10 horas, concentrando en sede del CDP, Entre R\u00edos 450.<\/p>\n\n\n\n<p>A la hora de las declaraciones, Emanuel Berardo de Polo Obrero dijo: &#8220;esta acci\u00f3n que fue convocada por la unidad piquetera a nivel nacional, en C\u00f3rdoba van a estar los compa\u00f1eros de ATE y de la CTA, demostrando que este es el camino de la unidad en la lucha para poder enfrentar este ajuste. Estamos reclamando un paro general a las centrales sindicales para desarrollar un plan de lucha contra el gobierno nacional, que funciona conjuntamente con la oposici\u00f3n patronal en el pago de la deuda fraudulenta con el FMI y en favor de la ganancia de los banqueros y los sojeros. Si esa situaci\u00f3n se sigue empeorando y no hay una generaci\u00f3n de puestos de trabajo genuinos, ni una universalizaci\u00f3n de la asistencia social, un aumento de los montos que reciben los programas sociales, sumando a una asistencia integral a los comedores escolares y un aumento generalizado de salarios vamos a seguir profundizando el plan de lucha&#8221;.<\/p>\n\n\n\n<div class=\"wp-block-image\"><figure class=\"aligncenter size-large is-resized\"><img loading=\"lazy\" decoding=\"async\" src=\"https:\/\/atecordoba.org\/wp-content\/uploads\/2022\/06\/WhatsApp-Image-2022-06-15-at-10.17.53-AM-1024x576.jpeg\" alt=\"\" class=\"wp-image-32395\" width=\"768\" height=\"432\" srcset=\"https:\/\/atecordoba.org\/wp-content\/uploads\/2022\/06\/WhatsApp-Image-2022-06-15-at-10.17.53-AM-1024x576.jpeg 1024w, https:\/\/atecordoba.org\/wp-content\/uploads\/2022\/06\/WhatsApp-Image-2022-06-15-at-10.17.53-AM-300x169.jpeg 300w, https:\/\/atecordoba.org\/wp-content\/uploads\/2022\/06\/WhatsApp-Image-2022-06-15-at-10.17.53-AM-768x432.jpeg 768w, https:\/\/atecordoba.org\/wp-content\/uploads\/2022\/06\/WhatsApp-Image-2022-06-15-at-10.17.53-AM-1536x864.jpeg 1536w, https:\/\/atecordoba.org\/wp-content\/uploads\/2022\/06\/WhatsApp-Image-2022-06-15-at-10.17.53-AM-750x422.jpeg 750w, https:\/\/atecordoba.org\/wp-content\/uploads\/2022\/06\/WhatsApp-Image-2022-06-15-at-10.17.53-AM-1140x641.jpeg 1140w, https:\/\/atecordoba.org\/wp-content\/uploads\/2022\/06\/WhatsApp-Image-2022-06-15-at-10.17.53-AM.jpeg 1600w\" sizes=\"auto, (max-width: 768px) 100vw, 768px\" \/><\/figure><\/div>\n\n\n\n<p>Adem\u00e1s se\u00f1al\u00f3 que &#8220;en las provincias\u00a0y los municipios se aplica el mismo ajuste que a nivel nacional. Tienen ingresos r\u00e9cord de coparticipaci\u00f3n por la inflaci\u00f3n a partir de recaudaci\u00f3n de impuestos como el IVA y esos fondos no se derivan al aumentos salarial para los compa\u00f1eros estatales ni en aumentar la asistencia a las familias que lo necesitan. A los comedores barriales no solo van los desocupados sino de trabajadores ocupados cuyos salarios est\u00e1n por debajo de la l\u00ednea de la pobreza&#8221;.<\/p>\n\n\n\n<p>A su turno, Federico Giuliani afirm\u00f3: &#8220;ma\u00f1ana emerge una unidad estrat\u00e9gica entre el movimiento piquetero, las organizaciones sociales y ambientales, y el movimiento sindical combativo en nuestra C\u00f3rdoba. Desde abajo para arriba, desde las provincias al puerto, desde la periferia, al centro va naciendo \u00a0esta unidad necesaria para alcanzar acciones en conjunto a nivel nacional que ponga de nuevo en la agenda p\u00fablica un pliego en com\u00fan que supere el rechazo al pago al FMI&#8221;.<\/p>\n\n\n\n<div class=\"wp-block-image\"><figure class=\"alignright size-large is-resized\"><img loading=\"lazy\" decoding=\"async\" src=\"https:\/\/atecordoba.org\/wp-content\/uploads\/2022\/06\/WhatsApp-Image-2022-06-15-at-2.32.22-PM-1024x1024.jpeg\" alt=\"\" class=\"wp-image-32398\" width=\"512\" height=\"512\" srcset=\"https:\/\/atecordoba.org\/wp-content\/uploads\/2022\/06\/WhatsApp-Image-2022-06-15-at-2.32.22-PM-1024x1024.jpeg 1024w, https:\/\/atecordoba.org\/wp-content\/uploads\/2022\/06\/WhatsApp-Image-2022-06-15-at-2.32.22-PM-300x300.jpeg 300w, https:\/\/atecordoba.org\/wp-content\/uploads\/2022\/06\/WhatsApp-Image-2022-06-15-at-2.32.22-PM-150x150.jpeg 150w, https:\/\/atecordoba.org\/wp-content\/uploads\/2022\/06\/WhatsApp-Image-2022-06-15-at-2.32.22-PM-768x768.jpeg 768w, https:\/\/atecordoba.org\/wp-content\/uploads\/2022\/06\/WhatsApp-Image-2022-06-15-at-2.32.22-PM-560x560.jpeg 560w, https:\/\/atecordoba.org\/wp-content\/uploads\/2022\/06\/WhatsApp-Image-2022-06-15-at-2.32.22-PM-75x75.jpeg 75w, https:\/\/atecordoba.org\/wp-content\/uploads\/2022\/06\/WhatsApp-Image-2022-06-15-at-2.32.22-PM-350x350.jpeg 350w, https:\/\/atecordoba.org\/wp-content\/uploads\/2022\/06\/WhatsApp-Image-2022-06-15-at-2.32.22-PM-750x750.jpeg 750w, https:\/\/atecordoba.org\/wp-content\/uploads\/2022\/06\/WhatsApp-Image-2022-06-15-at-2.32.22-PM.jpeg 1081w\" sizes=\"auto, (max-width: 512px) 100vw, 512px\" \/><\/figure><\/div>\n\n\n\n<p>&#8220;A nosotros nos toca representar a un sindicato de estatales donde el 90% de nuestros compa\u00f1eros y compa\u00f1eras trabajan para ser pobres. Hoy seg\u00fan el INDEC, para no ser pobres, hay que cobrar 105 mil pesos. En ese marco, unificar que ning\u00fan trabajador est\u00e9 por debajo de la l\u00ednea de la pobreza, que las paritarias no est\u00e9n por debajo de la inflaci\u00f3n. Decimos que el hambre es un crimen y entendemos que atender las necesidades en las barriadas populares implica empezar a apuntar que en esos sectores viven nuestros compa\u00f1eros asalariados&#8221;.<\/p>\n\n\n\n<p>&#8220;Nos parece importante esta convocatoria que incluye a decenas de organizaciones con el \u00fanico objetivo de apuntalar en la calle la unidad en la acci\u00f3n para derrotar este ajuste. El dato pol\u00edtico tiene que ver con simb\u00f3lico. Que ma\u00f1ana la movilizaci\u00f3n termine en la Legislatura provincial no es causalidad e implkica que al ajuste del gobierno nacional nosotros tambi\u00e9n decimos no al ajuste de Schiaretti en C\u00f3rdoba, que lamentablemente nos ubica como la peor provincia argentina respecto a la pobreza, desigualdad social y precarizaci\u00f3n laboral. Este gobierno tiene la agenda del G6, que son los grupos de poder econ\u00f3mico concentrado de la provincia: la Bolsa de Comercio, la Bolsa de Cereales, Urquia, Pagani, Roggio, Bulgheroni y la Fundaci\u00f3n Mediterr\u00e1nea&#8221;, a\u00f1adi\u00f3.<\/p>\n\n\n\n<p>Y concluy\u00f3 diciendo que &#8220;esto es el puntapi\u00e9 para que las organizaciones de C\u00f3rdoba comencemos a desarrollar un plan de lucha de menor a mayor, intensific\u00e1ndolo en contra de la pol\u00edtica de ajuste de Schiaretti&#8221;.<\/p>\n\n\n\n<p>Seguidamente, la concejal Cintia Frencia destac\u00f3: &#8220;la ciudad de C\u00f3rdoba est\u00e1 intensamente movilizada. Los trabajadores municipales est\u00e1n en lucha por el problema del salario, los trabajadores del Luz y Fuerza por el vaciamiento de Epec, las y los jubilados por la reforma previsional que impuso Schiaretti en plena pandemia\u00a0 y sin duda las luchas que se congregan en la jornada de ma\u00f1ana. La importancia de la movilizaci\u00f3n es que viene a marcar un rumbo&#8221;.<\/p>\n\n\n\n<p>La dirigente denunci\u00f3 que &#8220;los gobiernos provinciales se amoldaron en toda la l\u00ednea a este plan de ajuste. Ahora conocimos la inflaci\u00f3n de mayo del 5.1%, que constituye un acumulado del a\u00f1o del 29% y la verdad es que ning\u00fan salario ni plan social aument\u00f3 en esos porcentajes en estos meses, loq ue significa que cada vez son m\u00e1s los trabajadores en bajo la l\u00ednea de la pobreza&#8221;.<\/p>\n\n\n\n<p>Tambi\u00e9n se expres\u00f3 Soledad D\u00edaz. La legisladora dijo que &#8220;las mujeres somos uno de los sectores que est\u00e1 en la calle, con independencia de los gobiernos y estamentos que intentan evitar la movilizaci\u00f3n. No solo paleando el hambre con ollas populares, merenderos y comedores, sino que son las que engrosan los \u00edndices de la precarizaci\u00f3n laboral, de desempleo y la feminizaci\u00f3n de la pobreza&#8221;.<\/p>\n\n\n\n<div class=\"wp-block-image\"><figure class=\"alignleft size-large is-resized\"><img loading=\"lazy\" decoding=\"async\" src=\"https:\/\/atecordoba.org\/wp-content\/uploads\/2022\/06\/WhatsApp-Image-2022-06-15-at-2.32.22-PM-1-1024x1024.jpeg\" alt=\"\" class=\"wp-image-32399\" width=\"382\" height=\"382\" srcset=\"https:\/\/atecordoba.org\/wp-content\/uploads\/2022\/06\/WhatsApp-Image-2022-06-15-at-2.32.22-PM-1-1024x1024.jpeg 1024w, https:\/\/atecordoba.org\/wp-content\/uploads\/2022\/06\/WhatsApp-Image-2022-06-15-at-2.32.22-PM-1-300x300.jpeg 300w, https:\/\/atecordoba.org\/wp-content\/uploads\/2022\/06\/WhatsApp-Image-2022-06-15-at-2.32.22-PM-1-150x150.jpeg 150w, https:\/\/atecordoba.org\/wp-content\/uploads\/2022\/06\/WhatsApp-Image-2022-06-15-at-2.32.22-PM-1-768x768.jpeg 768w, https:\/\/atecordoba.org\/wp-content\/uploads\/2022\/06\/WhatsApp-Image-2022-06-15-at-2.32.22-PM-1-560x560.jpeg 560w, https:\/\/atecordoba.org\/wp-content\/uploads\/2022\/06\/WhatsApp-Image-2022-06-15-at-2.32.22-PM-1-75x75.jpeg 75w, https:\/\/atecordoba.org\/wp-content\/uploads\/2022\/06\/WhatsApp-Image-2022-06-15-at-2.32.22-PM-1-350x350.jpeg 350w, https:\/\/atecordoba.org\/wp-content\/uploads\/2022\/06\/WhatsApp-Image-2022-06-15-at-2.32.22-PM-1-750x750.jpeg 750w, https:\/\/atecordoba.org\/wp-content\/uploads\/2022\/06\/WhatsApp-Image-2022-06-15-at-2.32.22-PM-1.jpeg 1081w\" sizes=\"auto, (max-width: 382px) 100vw, 382px\" \/><\/figure><\/div>\n\n\n\n<p>&#8220;Entendemos que la responsabilidad es estatal pero tambi\u00e9n, hay una responsabilidad importante en las burocracias sindicales de la CGT, que en lugar de buscar una salida para el conjunto de la poblaci\u00f3n trabajadora, establecen\u00a0 un planteo de defensa de los gobiernos, de respaldo a las pol\u00edticas de ajuste, de respaldo nefasto al acuerdo con el FMI. No paramos en la calle el 8 de marzo, lo volvimos a hacer el 3 de junio&#8221;, apunt\u00f3.<\/p>\n\n\n\n<p>Tambi\u00e9n dio su parecer un representantes de las comunidades originarias de C\u00f3rdoba: &#8220;venimos trabajando con la CTA y estamos preocupados por la seguridad jur\u00eddica de los pueblos originarios, ante la falta de aplicaci\u00f3n de la ley 26160 de territorios, que est\u00e1n siendo atropellados por una gran autov\u00eda, hay comunidades presionadas como \u2018Pluma Blanca\u2019 en Candonga por intereses mineros para sacar la granza para la construcci\u00f3n de esa autov\u00eda, la falta aplicaci\u00f3n de los tratados internacionales con el Convenio de la OIT de la consulta previa libre e informada a las comunidades. En defensa de los suelos no contaminados, del aire libre de agrot\u00f3xicos, en rechazo al desastre en el lago San Roque que se va a incrementar con la autov\u00eda, vamos a caminar juntos ma\u00f1ana&#8221;.<\/p>\n\n\n\n<p><\/p>\n","protected":false},"excerpt":{"rendered":"<p>En una rueda de prensa convocada esta ma\u00f1ana en el bar Art Dec\u00f3, el conjunto de organizaciones integrantes del Plenario de Organizaciones en Lucha anunciaron la marcha que ma\u00f1ana se realizar\u00e1 a la Legislatura en rechazo al ajuste, por trabajo genuino, aumento salarial y de los montos de las asignaciones asistenciales estatales. En la oportunidad [&hellip;]<\/p>\n","protected":false},"author":7,"featured_media":32397,"comment_status":"open","ping_status":"open","sticky":false,"template":"","format":"standard","meta":{"_exactmetrics_skip_tracking":false,"_exactmetrics_sitenote_active":false,"_exactmetrics_sitenote_note":"","_exactmetrics_sitenote_category":0,"jnews-multi-image_gallery":[],"jnews_single_post":{"subtitle":"\"Ma\u00f1ana emerge una unidad estrat\u00e9gica entre el movimiento piquetero, las organizaciones sociales y ambientales, y el movimiento sindical combativo en nuestra C\u00f3rdoba. Desde abajo para arriba, desde las provincias al puerto, desde la periferia, al centro va naciendo \u00a0esta unidad necesaria para alcanzar acciones en conjunto a nivel nacional que ponga de nuevo en la agenda p\u00fablica un pliego en com\u00fan que supere el rechazo al pago al FMI\", dijo Federico Giuliani.","format":"standard","video":"","gallery":"","source_name":"","source_url":"","via_name":"","via_url":"","override_template":"0","override":[{"template":"1","single_blog_custom":"","parallax":"1","fullscreen":"1","layout":"right-sidebar","sidebar":"default-sidebar","second_sidebar":"default-sidebar","sticky_sidebar":"1","share_position":"top","share_float_style":"share-monocrhome","show_share_counter":"1","show_view_counter":"1","show_featured":"1","show_post_meta":"1","show_post_author":"1","show_post_author_image":"1","show_post_date":"1","post_date_format":"default","post_date_format_custom":"Y\/m\/d","show_post_category":"1","show_post_reading_time":"0","post_reading_time_wpm":"300","show_zoom_button":"0","zoom_button_out_step":"2","zoom_button_in_step":"3","show_post_tag":"1","show_prev_next_post":"1","show_popup_post":"1","number_popup_post":"1","show_author_box":"0","show_post_related":"0","show_inline_post_related":"0"}],"override_image_size":"0","image_override":[{"single_post_thumbnail_size":"crop-500","single_post_gallery_size":"crop-500"}],"trending_post":"0","trending_post_position":"meta","trending_post_label":"Trending","sponsored_post":"0","sponsored_post_label":"Sponsored by","sponsored_post_name":"","sponsored_post_url":"","sponsored_post_logo_enable":"0","sponsored_post_logo":"","sponsored_post_desc":"","disable_ad":"0"},"jnews_primary_category":{"id":""},"jnews_social_meta":{"fb_title":"","fb_description":"","fb_image":"","twitter_title":"","twitter_description":"","twitter_image":""},"jnews_review":[],"enable_review":"0","type":"percentage","name":"","summary":"","brand":"","sku":"","good":[{"good_text":""}],"bad":[{"bad_text":""}],"score_override":"","override_value":"","rating":[{"rating_text":"","rating_number":"10"}],"price":[{"shop":"","price":"","link":"","icon":""}],"jnews_override_counter":{"override_view_counter":"0","view_counter_number":"0","override_share_counter":"0","share_counter_number":"0","override_like_counter":"0","like_counter_number":"0","override_dislike_counter":"0","dislike_counter_number":"0"},"jnews_post_split":{"enable_post_split":"0","post_split":[{"template":"1","tag":"h2","numbering":"asc","mode":"normal","first":"0","enable_toc":"0","toc_type":"normal"}]},"footnotes":""},"categories":[341],"tags":[1143,656,1144],"class_list":["post-32393","post","type-post","status-publish","format-standard","has-post-thumbnail","hentry","category-cdp","tag-marcha-a-la-legislatura-de-cordoba","tag-paro-provincial","tag-unidad-piquetera"],"jetpack_featured_media_url":"https:\/\/atecordoba.org\/wp-content\/uploads\/2022\/06\/portada-3-e1655317525311.jpeg","_links":{"self":[{"href":"https:\/\/atecordoba.org\/index.php?rest_route=\/wp\/v2\/posts\/32393","targetHints":{"allow":["GET"]}}],"collection":[{"href":"https:\/\/atecordoba.org\/index.php?rest_route=\/wp\/v2\/posts"}],"about":[{"href":"https:\/\/atecordoba.org\/index.php?rest_route=\/wp\/v2\/types\/post"}],"author":[{"embeddable":true,"href":"https:\/\/atecordoba.org\/index.php?rest_route=\/wp\/v2\/users\/7"}],"replies":[{"embeddable":true,"href":"https:\/\/atecordoba.org\/index.php?rest_route=%2Fwp%2Fv2%2Fcomments&post=32393"}],"version-history":[{"count":1,"href":"https:\/\/atecordoba.org\/index.php?rest_route=\/wp\/v2\/posts\/32393\/revisions"}],"predecessor-version":[{"id":32400,"href":"https:\/\/atecordoba.org\/index.php?rest_route=\/wp\/v2\/posts\/32393\/revisions\/32400"}],"wp:featuredmedia":[{"embeddable":true,"href":"https:\/\/atecordoba.org\/index.php?rest_route=\/wp\/v2\/media\/32397"}],"wp:attachment":[{"href":"https:\/\/atecordoba.org\/index.php?rest_route=%2Fwp%2Fv2%2Fmedia&parent=32393"}],"wp:term":[{"taxonomy":"category","embeddable":true,"href":"https:\/\/atecordoba.org\/index.php?rest_route=%2Fwp%2Fv2%2Fcategories&post=32393"},{"taxonomy":"post_tag","embeddable":true,"href":"https:\/\/atecordoba.org\/index.php?rest_route=%2Fwp%2Fv2%2Ftags&post=32393"}],"curies":[{"name":"wp","href":"https:\/\/api.w.org\/{rel}","templated":true}]}}