{"id":32374,"date":"2022-06-15T12:53:51","date_gmt":"2022-06-15T15:53:51","guid":{"rendered":"https:\/\/atecordoba.org\/?p=32374"},"modified":"2022-06-15T12:53:56","modified_gmt":"2022-06-15T15:53:56","slug":"movilizacion-al-ministerio-de-trabajo-por-los-despidos-en-la-srt","status":"publish","type":"post","link":"https:\/\/atecordoba.org\/?p=32374","title":{"rendered":"Movilizaci\u00f3n al Ministerio de Trabajo por los despidos en la SRT"},"content":{"rendered":"\n<div class=\"wp-block-image\"><figure class=\"aligncenter size-large is-resized\"><img loading=\"lazy\" decoding=\"async\" src=\"https:\/\/atecordoba.org\/wp-content\/uploads\/2022\/06\/WhatsApp-Image-2022-06-15-at-10.50.34-AM-1024x576.jpeg\" alt=\"\" class=\"wp-image-32375\" width=\"768\" height=\"432\" srcset=\"https:\/\/atecordoba.org\/wp-content\/uploads\/2022\/06\/WhatsApp-Image-2022-06-15-at-10.50.34-AM-1024x576.jpeg 1024w, https:\/\/atecordoba.org\/wp-content\/uploads\/2022\/06\/WhatsApp-Image-2022-06-15-at-10.50.34-AM-300x169.jpeg 300w, https:\/\/atecordoba.org\/wp-content\/uploads\/2022\/06\/WhatsApp-Image-2022-06-15-at-10.50.34-AM-768x432.jpeg 768w, https:\/\/atecordoba.org\/wp-content\/uploads\/2022\/06\/WhatsApp-Image-2022-06-15-at-10.50.34-AM-1536x864.jpeg 1536w, https:\/\/atecordoba.org\/wp-content\/uploads\/2022\/06\/WhatsApp-Image-2022-06-15-at-10.50.34-AM-750x422.jpeg 750w, https:\/\/atecordoba.org\/wp-content\/uploads\/2022\/06\/WhatsApp-Image-2022-06-15-at-10.50.34-AM-1140x641.jpeg 1140w, https:\/\/atecordoba.org\/wp-content\/uploads\/2022\/06\/WhatsApp-Image-2022-06-15-at-10.50.34-AM.jpeg 1600w\" sizes=\"auto, (max-width: 768px) 100vw, 768px\" \/><\/figure><\/div>\n\n\n\n<p>ATE C\u00f3rdoba llev\u00f3 a la sede local del Ministerio de Trabajo el conflicto de la Superintendencia de Riesgos de Trabajo (SRT) para reclamar que el orgnismo intervenga frente a los despidos de cinco m\u00e9dicas de la delegaci\u00f3n C\u00f3rdoba que se notificaron el 30 de mayo. En la oportunidad, estuvo presente el secretario General de ATE C\u00f3rdoba, Federico Giuliani.<\/p>\n\n\n\n<p>ATE viene realizando asambleas con quite de colaboraci\u00f3n exigiendo que se revierta la medida pero hasta el momento no hubo respuesta al planteo, por lo que el conflicto escala a otras instancias, frente a la falta de voluntad de los funcionarios de la SRT para detener dar marcha atr\u00e1s con el ajuste en el delegaci\u00f3n cordobesa.<\/p>\n\n\n\n<div class=\"wp-block-image\"><figure class=\"aligncenter size-large is-resized\"><img loading=\"lazy\" decoding=\"async\" src=\"https:\/\/atecordoba.org\/wp-content\/uploads\/2022\/06\/WhatsApp-Image-2022-06-15-at-10.50.36-AM-1-1024x576.jpeg\" alt=\"\" class=\"wp-image-32376\" width=\"768\" height=\"432\" srcset=\"https:\/\/atecordoba.org\/wp-content\/uploads\/2022\/06\/WhatsApp-Image-2022-06-15-at-10.50.36-AM-1-1024x576.jpeg 1024w, https:\/\/atecordoba.org\/wp-content\/uploads\/2022\/06\/WhatsApp-Image-2022-06-15-at-10.50.36-AM-1-300x169.jpeg 300w, https:\/\/atecordoba.org\/wp-content\/uploads\/2022\/06\/WhatsApp-Image-2022-06-15-at-10.50.36-AM-1-768x432.jpeg 768w, https:\/\/atecordoba.org\/wp-content\/uploads\/2022\/06\/WhatsApp-Image-2022-06-15-at-10.50.36-AM-1-1536x864.jpeg 1536w, https:\/\/atecordoba.org\/wp-content\/uploads\/2022\/06\/WhatsApp-Image-2022-06-15-at-10.50.36-AM-1-750x422.jpeg 750w, https:\/\/atecordoba.org\/wp-content\/uploads\/2022\/06\/WhatsApp-Image-2022-06-15-at-10.50.36-AM-1-1140x641.jpeg 1140w, https:\/\/atecordoba.org\/wp-content\/uploads\/2022\/06\/WhatsApp-Image-2022-06-15-at-10.50.36-AM-1.jpeg 1600w\" sizes=\"auto, (max-width: 768px) 100vw, 768px\" \/><\/figure><\/div>\n\n\n\n<p>Para peor, esta semana ATE agreg\u00f3 la denuncia p\u00fablica por aprietes a la asamblea de parte de funcionarios, frente al masivo apoyo de toda las dependencia por la continuidad laborla de estas cinco compa\u00f1eras.<\/p>\n\n\n\n<p>En tal sentido, una de las profesionales afectadas, Marisel, dijo que \u201csomos cinco m\u00e9dicas que no notificaron en 30 de mayo de la extinsi\u00f3n del contrato a fin de este mes. No hubo un motivo sino que adujeron que somos muchos profesionales. Todas somos sost\u00e9n de familia y superamos el a\u00f1o de antig\u00fcedad. Dejamos otros trabajos convocadas por la SRT y ahora nos dicen que no renuevan los contratos cuando estamos en condici\u00f3n de pertenecer a la planta\u201d.<\/p>\n\n\n\n<p>Por su parte, Federico Giuliani dijo a la prensa que se hizo presente en el lugar que \u201chace 10 d\u00edas que estamos en este conflicto que desencadena la patronal de la SRT, organismo que depende del Ministerio de Trabajo, que tiene por ministro a Claudio Moroni. Las deja cesantes a estas cinco compa\u00f1eras sin motivo alguno. En ese marco venimos realizando asambleas con quite de colaboraci\u00f3n en las sedes de la SRT de calle Tablada como en Rivadavia\u201d.<\/p>\n\n\n\n<div class=\"wp-block-image\"><figure class=\"aligncenter size-large is-resized\"><img loading=\"lazy\" decoding=\"async\" src=\"https:\/\/atecordoba.org\/wp-content\/uploads\/2022\/06\/WhatsApp-Image-2022-06-15-at-10.50.37-AM-1024x576.jpeg\" alt=\"\" class=\"wp-image-32378\" width=\"768\" height=\"432\" srcset=\"https:\/\/atecordoba.org\/wp-content\/uploads\/2022\/06\/WhatsApp-Image-2022-06-15-at-10.50.37-AM-1024x576.jpeg 1024w, https:\/\/atecordoba.org\/wp-content\/uploads\/2022\/06\/WhatsApp-Image-2022-06-15-at-10.50.37-AM-300x169.jpeg 300w, https:\/\/atecordoba.org\/wp-content\/uploads\/2022\/06\/WhatsApp-Image-2022-06-15-at-10.50.37-AM-768x432.jpeg 768w, https:\/\/atecordoba.org\/wp-content\/uploads\/2022\/06\/WhatsApp-Image-2022-06-15-at-10.50.37-AM-1536x864.jpeg 1536w, https:\/\/atecordoba.org\/wp-content\/uploads\/2022\/06\/WhatsApp-Image-2022-06-15-at-10.50.37-AM-750x422.jpeg 750w, https:\/\/atecordoba.org\/wp-content\/uploads\/2022\/06\/WhatsApp-Image-2022-06-15-at-10.50.37-AM-1140x641.jpeg 1140w, https:\/\/atecordoba.org\/wp-content\/uploads\/2022\/06\/WhatsApp-Image-2022-06-15-at-10.50.37-AM.jpeg 1600w\" sizes=\"auto, (max-width: 768px) 100vw, 768px\" \/><\/figure><\/div>\n\n\n\n<p>El dirigente denunci\u00f3 \u201clos aprietes al conjunto del personal, tanto por parte de funcionarios locales como desde la sede central de Buenos Aires. Por eso vinimos a la Agencia Territorial del Ministerio de Trabajo, para que nos atienda el titular de la dependencia, Ignacio Baselica Nebreda. Como no lo encontramos, le dejamos un petitorio insistiendo en que convoque a las partes, como ya hizo ATE oportunamente, para conciliar y que logre sentar a laguna autoridad de la SRT que d\u00e9 la cara. Porque hasta ahora nadie explic\u00f3 estos despidos\u201d.<\/p>\n\n\n\n<p>Y agreg\u00f3: \u201cadem\u00e1s planteamos a Baselica para que busque una puerta d esalida a este conflicto que lamentablemente deja cinco familias sin ingresos, familias a cargo de mujeres por lo que entendemos que hay un claro sesgo de persecusi\u00f3n de g\u00e9nero\u201d.<\/p>\n\n\n\n<p>Posteriormente, se llev\u00f3 a cabo otra asamblea en las oficinas de la SRT de calle Rivadavia para evaluar los pasos a seguir.<\/p>\n\n\n\n<figure class=\"wp-block-gallery has-nested-images columns-default is-cropped wp-block-gallery-1 is-layout-flex wp-block-gallery-is-layout-flex\">\n<figure class=\"wp-block-image size-large\"><img loading=\"lazy\" decoding=\"async\" width=\"1024\" height=\"576\" data-id=\"32379\" src=\"https:\/\/atecordoba.org\/wp-content\/uploads\/2022\/06\/WhatsApp-Image-2022-06-15-at-11.50.00-AM-1024x576.jpeg\" alt=\"\" class=\"wp-image-32379\" srcset=\"https:\/\/atecordoba.org\/wp-content\/uploads\/2022\/06\/WhatsApp-Image-2022-06-15-at-11.50.00-AM-1024x576.jpeg 1024w, https:\/\/atecordoba.org\/wp-content\/uploads\/2022\/06\/WhatsApp-Image-2022-06-15-at-11.50.00-AM-300x169.jpeg 300w, https:\/\/atecordoba.org\/wp-content\/uploads\/2022\/06\/WhatsApp-Image-2022-06-15-at-11.50.00-AM-768x432.jpeg 768w, https:\/\/atecordoba.org\/wp-content\/uploads\/2022\/06\/WhatsApp-Image-2022-06-15-at-11.50.00-AM-1536x864.jpeg 1536w, https:\/\/atecordoba.org\/wp-content\/uploads\/2022\/06\/WhatsApp-Image-2022-06-15-at-11.50.00-AM-750x422.jpeg 750w, https:\/\/atecordoba.org\/wp-content\/uploads\/2022\/06\/WhatsApp-Image-2022-06-15-at-11.50.00-AM-1140x641.jpeg 1140w, https:\/\/atecordoba.org\/wp-content\/uploads\/2022\/06\/WhatsApp-Image-2022-06-15-at-11.50.00-AM.jpeg 1600w\" sizes=\"auto, (max-width: 1024px) 100vw, 1024px\" \/><\/figure>\n\n\n\n<figure class=\"wp-block-image size-large\"><img loading=\"lazy\" decoding=\"async\" width=\"1024\" height=\"576\" data-id=\"32383\" src=\"https:\/\/atecordoba.org\/wp-content\/uploads\/2022\/06\/WhatsApp-Image-2022-06-15-at-11.50.01-AM-1024x576.jpeg\" alt=\"\" class=\"wp-image-32383\" srcset=\"https:\/\/atecordoba.org\/wp-content\/uploads\/2022\/06\/WhatsApp-Image-2022-06-15-at-11.50.01-AM-1024x576.jpeg 1024w, https:\/\/atecordoba.org\/wp-content\/uploads\/2022\/06\/WhatsApp-Image-2022-06-15-at-11.50.01-AM-300x169.jpeg 300w, https:\/\/atecordoba.org\/wp-content\/uploads\/2022\/06\/WhatsApp-Image-2022-06-15-at-11.50.01-AM-768x432.jpeg 768w, https:\/\/atecordoba.org\/wp-content\/uploads\/2022\/06\/WhatsApp-Image-2022-06-15-at-11.50.01-AM-1536x864.jpeg 1536w, https:\/\/atecordoba.org\/wp-content\/uploads\/2022\/06\/WhatsApp-Image-2022-06-15-at-11.50.01-AM-750x422.jpeg 750w, https:\/\/atecordoba.org\/wp-content\/uploads\/2022\/06\/WhatsApp-Image-2022-06-15-at-11.50.01-AM-1140x641.jpeg 1140w, https:\/\/atecordoba.org\/wp-content\/uploads\/2022\/06\/WhatsApp-Image-2022-06-15-at-11.50.01-AM.jpeg 1600w\" sizes=\"auto, (max-width: 1024px) 100vw, 1024px\" \/><\/figure>\n\n\n\n<figure class=\"wp-block-image size-large\"><img loading=\"lazy\" decoding=\"async\" width=\"1024\" height=\"576\" data-id=\"32380\" src=\"https:\/\/atecordoba.org\/wp-content\/uploads\/2022\/06\/WhatsApp-Image-2022-06-15-at-11.50.03-AM-1-1024x576.jpeg\" alt=\"\" class=\"wp-image-32380\" srcset=\"https:\/\/atecordoba.org\/wp-content\/uploads\/2022\/06\/WhatsApp-Image-2022-06-15-at-11.50.03-AM-1-1024x576.jpeg 1024w, https:\/\/atecordoba.org\/wp-content\/uploads\/2022\/06\/WhatsApp-Image-2022-06-15-at-11.50.03-AM-1-300x169.jpeg 300w, https:\/\/atecordoba.org\/wp-content\/uploads\/2022\/06\/WhatsApp-Image-2022-06-15-at-11.50.03-AM-1-768x432.jpeg 768w, https:\/\/atecordoba.org\/wp-content\/uploads\/2022\/06\/WhatsApp-Image-2022-06-15-at-11.50.03-AM-1-1536x864.jpeg 1536w, https:\/\/atecordoba.org\/wp-content\/uploads\/2022\/06\/WhatsApp-Image-2022-06-15-at-11.50.03-AM-1-750x422.jpeg 750w, https:\/\/atecordoba.org\/wp-content\/uploads\/2022\/06\/WhatsApp-Image-2022-06-15-at-11.50.03-AM-1-1140x641.jpeg 1140w, https:\/\/atecordoba.org\/wp-content\/uploads\/2022\/06\/WhatsApp-Image-2022-06-15-at-11.50.03-AM-1.jpeg 1600w\" sizes=\"auto, (max-width: 1024px) 100vw, 1024px\" \/><\/figure>\n\n\n\n<figure class=\"wp-block-image size-large\"><img loading=\"lazy\" decoding=\"async\" width=\"1024\" height=\"576\" data-id=\"32384\" src=\"https:\/\/atecordoba.org\/wp-content\/uploads\/2022\/06\/WhatsApp-Image-2022-06-15-at-11.50.03-AM-1024x576.jpeg\" alt=\"\" class=\"wp-image-32384\" srcset=\"https:\/\/atecordoba.org\/wp-content\/uploads\/2022\/06\/WhatsApp-Image-2022-06-15-at-11.50.03-AM-1024x576.jpeg 1024w, https:\/\/atecordoba.org\/wp-content\/uploads\/2022\/06\/WhatsApp-Image-2022-06-15-at-11.50.03-AM-300x169.jpeg 300w, https:\/\/atecordoba.org\/wp-content\/uploads\/2022\/06\/WhatsApp-Image-2022-06-15-at-11.50.03-AM-768x432.jpeg 768w, https:\/\/atecordoba.org\/wp-content\/uploads\/2022\/06\/WhatsApp-Image-2022-06-15-at-11.50.03-AM-1536x864.jpeg 1536w, https:\/\/atecordoba.org\/wp-content\/uploads\/2022\/06\/WhatsApp-Image-2022-06-15-at-11.50.03-AM-750x422.jpeg 750w, https:\/\/atecordoba.org\/wp-content\/uploads\/2022\/06\/WhatsApp-Image-2022-06-15-at-11.50.03-AM-1140x641.jpeg 1140w, https:\/\/atecordoba.org\/wp-content\/uploads\/2022\/06\/WhatsApp-Image-2022-06-15-at-11.50.03-AM.jpeg 1600w\" sizes=\"auto, (max-width: 1024px) 100vw, 1024px\" \/><\/figure>\n\n\n\n<figure class=\"wp-block-image size-large\"><img loading=\"lazy\" decoding=\"async\" width=\"1024\" height=\"576\" data-id=\"32381\" src=\"https:\/\/atecordoba.org\/wp-content\/uploads\/2022\/06\/WhatsApp-Image-2022-06-15-at-11.49.57-AM-1024x576.jpeg\" alt=\"\" class=\"wp-image-32381\" srcset=\"https:\/\/atecordoba.org\/wp-content\/uploads\/2022\/06\/WhatsApp-Image-2022-06-15-at-11.49.57-AM-1024x576.jpeg 1024w, https:\/\/atecordoba.org\/wp-content\/uploads\/2022\/06\/WhatsApp-Image-2022-06-15-at-11.49.57-AM-300x169.jpeg 300w, https:\/\/atecordoba.org\/wp-content\/uploads\/2022\/06\/WhatsApp-Image-2022-06-15-at-11.49.57-AM-768x432.jpeg 768w, https:\/\/atecordoba.org\/wp-content\/uploads\/2022\/06\/WhatsApp-Image-2022-06-15-at-11.49.57-AM-1536x864.jpeg 1536w, https:\/\/atecordoba.org\/wp-content\/uploads\/2022\/06\/WhatsApp-Image-2022-06-15-at-11.49.57-AM-750x422.jpeg 750w, https:\/\/atecordoba.org\/wp-content\/uploads\/2022\/06\/WhatsApp-Image-2022-06-15-at-11.49.57-AM-1140x641.jpeg 1140w, https:\/\/atecordoba.org\/wp-content\/uploads\/2022\/06\/WhatsApp-Image-2022-06-15-at-11.49.57-AM.jpeg 1600w\" sizes=\"auto, (max-width: 1024px) 100vw, 1024px\" \/><\/figure>\n\n\n\n<figure class=\"wp-block-image size-large\"><img loading=\"lazy\" decoding=\"async\" width=\"1024\" height=\"576\" data-id=\"32386\" src=\"https:\/\/atecordoba.org\/wp-content\/uploads\/2022\/06\/WhatsApp-Image-2022-06-15-at-11.49.58-AM-1-1024x576.jpeg\" alt=\"\" class=\"wp-image-32386\" srcset=\"https:\/\/atecordoba.org\/wp-content\/uploads\/2022\/06\/WhatsApp-Image-2022-06-15-at-11.49.58-AM-1-1024x576.jpeg 1024w, https:\/\/atecordoba.org\/wp-content\/uploads\/2022\/06\/WhatsApp-Image-2022-06-15-at-11.49.58-AM-1-300x169.jpeg 300w, https:\/\/atecordoba.org\/wp-content\/uploads\/2022\/06\/WhatsApp-Image-2022-06-15-at-11.49.58-AM-1-768x432.jpeg 768w, https:\/\/atecordoba.org\/wp-content\/uploads\/2022\/06\/WhatsApp-Image-2022-06-15-at-11.49.58-AM-1-1536x864.jpeg 1536w, https:\/\/atecordoba.org\/wp-content\/uploads\/2022\/06\/WhatsApp-Image-2022-06-15-at-11.49.58-AM-1-750x422.jpeg 750w, https:\/\/atecordoba.org\/wp-content\/uploads\/2022\/06\/WhatsApp-Image-2022-06-15-at-11.49.58-AM-1-1140x641.jpeg 1140w, https:\/\/atecordoba.org\/wp-content\/uploads\/2022\/06\/WhatsApp-Image-2022-06-15-at-11.49.58-AM-1.jpeg 1600w\" sizes=\"auto, (max-width: 1024px) 100vw, 1024px\" \/><\/figure>\n\n\n\n<figure class=\"wp-block-image size-large\"><img loading=\"lazy\" decoding=\"async\" width=\"1024\" height=\"576\" data-id=\"32389\" src=\"https:\/\/atecordoba.org\/wp-content\/uploads\/2022\/06\/WhatsApp-Image-2022-06-15-at-11.49.58-AM-1024x576.jpeg\" alt=\"\" class=\"wp-image-32389\" srcset=\"https:\/\/atecordoba.org\/wp-content\/uploads\/2022\/06\/WhatsApp-Image-2022-06-15-at-11.49.58-AM-1024x576.jpeg 1024w, https:\/\/atecordoba.org\/wp-content\/uploads\/2022\/06\/WhatsApp-Image-2022-06-15-at-11.49.58-AM-300x169.jpeg 300w, https:\/\/atecordoba.org\/wp-content\/uploads\/2022\/06\/WhatsApp-Image-2022-06-15-at-11.49.58-AM-768x432.jpeg 768w, https:\/\/atecordoba.org\/wp-content\/uploads\/2022\/06\/WhatsApp-Image-2022-06-15-at-11.49.58-AM-1536x864.jpeg 1536w, https:\/\/atecordoba.org\/wp-content\/uploads\/2022\/06\/WhatsApp-Image-2022-06-15-at-11.49.58-AM-750x422.jpeg 750w, https:\/\/atecordoba.org\/wp-content\/uploads\/2022\/06\/WhatsApp-Image-2022-06-15-at-11.49.58-AM-1140x641.jpeg 1140w, https:\/\/atecordoba.org\/wp-content\/uploads\/2022\/06\/WhatsApp-Image-2022-06-15-at-11.49.58-AM.jpeg 1600w\" sizes=\"auto, (max-width: 1024px) 100vw, 1024px\" \/><\/figure>\n\n\n\n<figure class=\"wp-block-image size-large\"><img loading=\"lazy\" decoding=\"async\" width=\"1024\" height=\"576\" data-id=\"32382\" src=\"https:\/\/atecordoba.org\/wp-content\/uploads\/2022\/06\/WhatsApp-Image-2022-06-15-at-11.49.59-AM-1-1024x576.jpeg\" alt=\"\" class=\"wp-image-32382\" srcset=\"https:\/\/atecordoba.org\/wp-content\/uploads\/2022\/06\/WhatsApp-Image-2022-06-15-at-11.49.59-AM-1-1024x576.jpeg 1024w, https:\/\/atecordoba.org\/wp-content\/uploads\/2022\/06\/WhatsApp-Image-2022-06-15-at-11.49.59-AM-1-300x169.jpeg 300w, https:\/\/atecordoba.org\/wp-content\/uploads\/2022\/06\/WhatsApp-Image-2022-06-15-at-11.49.59-AM-1-768x432.jpeg 768w, https:\/\/atecordoba.org\/wp-content\/uploads\/2022\/06\/WhatsApp-Image-2022-06-15-at-11.49.59-AM-1-1536x864.jpeg 1536w, https:\/\/atecordoba.org\/wp-content\/uploads\/2022\/06\/WhatsApp-Image-2022-06-15-at-11.49.59-AM-1-750x422.jpeg 750w, https:\/\/atecordoba.org\/wp-content\/uploads\/2022\/06\/WhatsApp-Image-2022-06-15-at-11.49.59-AM-1-1140x641.jpeg 1140w, https:\/\/atecordoba.org\/wp-content\/uploads\/2022\/06\/WhatsApp-Image-2022-06-15-at-11.49.59-AM-1.jpeg 1600w\" sizes=\"auto, (max-width: 1024px) 100vw, 1024px\" \/><\/figure>\n\n\n\n<figure class=\"wp-block-image size-large\"><img loading=\"lazy\" decoding=\"async\" width=\"1024\" height=\"576\" data-id=\"32385\" src=\"https:\/\/atecordoba.org\/wp-content\/uploads\/2022\/06\/WhatsApp-Image-2022-06-15-at-11.49.59-AM-2-1024x576.jpeg\" alt=\"\" class=\"wp-image-32385\" srcset=\"https:\/\/atecordoba.org\/wp-content\/uploads\/2022\/06\/WhatsApp-Image-2022-06-15-at-11.49.59-AM-2-1024x576.jpeg 1024w, https:\/\/atecordoba.org\/wp-content\/uploads\/2022\/06\/WhatsApp-Image-2022-06-15-at-11.49.59-AM-2-300x169.jpeg 300w, https:\/\/atecordoba.org\/wp-content\/uploads\/2022\/06\/WhatsApp-Image-2022-06-15-at-11.49.59-AM-2-768x432.jpeg 768w, https:\/\/atecordoba.org\/wp-content\/uploads\/2022\/06\/WhatsApp-Image-2022-06-15-at-11.49.59-AM-2-1536x864.jpeg 1536w, https:\/\/atecordoba.org\/wp-content\/uploads\/2022\/06\/WhatsApp-Image-2022-06-15-at-11.49.59-AM-2-750x422.jpeg 750w, https:\/\/atecordoba.org\/wp-content\/uploads\/2022\/06\/WhatsApp-Image-2022-06-15-at-11.49.59-AM-2-1140x641.jpeg 1140w, https:\/\/atecordoba.org\/wp-content\/uploads\/2022\/06\/WhatsApp-Image-2022-06-15-at-11.49.59-AM-2.jpeg 1600w\" sizes=\"auto, (max-width: 1024px) 100vw, 1024px\" \/><\/figure>\n\n\n\n<figure class=\"wp-block-image size-large\"><img loading=\"lazy\" decoding=\"async\" width=\"1024\" height=\"576\" data-id=\"32390\" src=\"https:\/\/atecordoba.org\/wp-content\/uploads\/2022\/06\/WhatsApp-Image-2022-06-15-at-11.49.59-AM-1024x576.jpeg\" alt=\"\" class=\"wp-image-32390\" srcset=\"https:\/\/atecordoba.org\/wp-content\/uploads\/2022\/06\/WhatsApp-Image-2022-06-15-at-11.49.59-AM-1024x576.jpeg 1024w, https:\/\/atecordoba.org\/wp-content\/uploads\/2022\/06\/WhatsApp-Image-2022-06-15-at-11.49.59-AM-300x169.jpeg 300w, https:\/\/atecordoba.org\/wp-content\/uploads\/2022\/06\/WhatsApp-Image-2022-06-15-at-11.49.59-AM-768x432.jpeg 768w, https:\/\/atecordoba.org\/wp-content\/uploads\/2022\/06\/WhatsApp-Image-2022-06-15-at-11.49.59-AM-1536x864.jpeg 1536w, https:\/\/atecordoba.org\/wp-content\/uploads\/2022\/06\/WhatsApp-Image-2022-06-15-at-11.49.59-AM-750x422.jpeg 750w, https:\/\/atecordoba.org\/wp-content\/uploads\/2022\/06\/WhatsApp-Image-2022-06-15-at-11.49.59-AM-1140x641.jpeg 1140w, https:\/\/atecordoba.org\/wp-content\/uploads\/2022\/06\/WhatsApp-Image-2022-06-15-at-11.49.59-AM.jpeg 1600w\" sizes=\"auto, (max-width: 1024px) 100vw, 1024px\" \/><\/figure>\n\n\n\n<figure class=\"wp-block-image size-large\"><img loading=\"lazy\" decoding=\"async\" width=\"1024\" height=\"576\" data-id=\"32388\" src=\"https:\/\/atecordoba.org\/wp-content\/uploads\/2022\/06\/WhatsApp-Image-2022-06-15-at-11.50.00-AM-1-1024x576.jpeg\" alt=\"\" class=\"wp-image-32388\" srcset=\"https:\/\/atecordoba.org\/wp-content\/uploads\/2022\/06\/WhatsApp-Image-2022-06-15-at-11.50.00-AM-1-1024x576.jpeg 1024w, https:\/\/atecordoba.org\/wp-content\/uploads\/2022\/06\/WhatsApp-Image-2022-06-15-at-11.50.00-AM-1-300x169.jpeg 300w, https:\/\/atecordoba.org\/wp-content\/uploads\/2022\/06\/WhatsApp-Image-2022-06-15-at-11.50.00-AM-1-768x432.jpeg 768w, https:\/\/atecordoba.org\/wp-content\/uploads\/2022\/06\/WhatsApp-Image-2022-06-15-at-11.50.00-AM-1-1536x864.jpeg 1536w, https:\/\/atecordoba.org\/wp-content\/uploads\/2022\/06\/WhatsApp-Image-2022-06-15-at-11.50.00-AM-1-750x422.jpeg 750w, https:\/\/atecordoba.org\/wp-content\/uploads\/2022\/06\/WhatsApp-Image-2022-06-15-at-11.50.00-AM-1-1140x641.jpeg 1140w, https:\/\/atecordoba.org\/wp-content\/uploads\/2022\/06\/WhatsApp-Image-2022-06-15-at-11.50.00-AM-1.jpeg 1600w\" sizes=\"auto, (max-width: 1024px) 100vw, 1024px\" \/><\/figure>\n\n\n\n<figure class=\"wp-block-image size-large\"><img loading=\"lazy\" decoding=\"async\" width=\"1024\" height=\"576\" data-id=\"32387\" src=\"https:\/\/atecordoba.org\/wp-content\/uploads\/2022\/06\/WhatsApp-Image-2022-06-15-at-11.50.00-AM-2-1024x576.jpeg\" alt=\"\" class=\"wp-image-32387\" srcset=\"https:\/\/atecordoba.org\/wp-content\/uploads\/2022\/06\/WhatsApp-Image-2022-06-15-at-11.50.00-AM-2-1024x576.jpeg 1024w, https:\/\/atecordoba.org\/wp-content\/uploads\/2022\/06\/WhatsApp-Image-2022-06-15-at-11.50.00-AM-2-300x169.jpeg 300w, https:\/\/atecordoba.org\/wp-content\/uploads\/2022\/06\/WhatsApp-Image-2022-06-15-at-11.50.00-AM-2-768x432.jpeg 768w, https:\/\/atecordoba.org\/wp-content\/uploads\/2022\/06\/WhatsApp-Image-2022-06-15-at-11.50.00-AM-2-1536x864.jpeg 1536w, https:\/\/atecordoba.org\/wp-content\/uploads\/2022\/06\/WhatsApp-Image-2022-06-15-at-11.50.00-AM-2-750x422.jpeg 750w, https:\/\/atecordoba.org\/wp-content\/uploads\/2022\/06\/WhatsApp-Image-2022-06-15-at-11.50.00-AM-2-1140x641.jpeg 1140w, https:\/\/atecordoba.org\/wp-content\/uploads\/2022\/06\/WhatsApp-Image-2022-06-15-at-11.50.00-AM-2.jpeg 1600w\" sizes=\"auto, (max-width: 1024px) 100vw, 1024px\" \/><\/figure>\n<\/figure>\n","protected":false},"excerpt":{"rendered":"<p>ATE C\u00f3rdoba llev\u00f3 a la sede local del Ministerio de Trabajo el conflicto de la Superintendencia de Riesgos de Trabajo (SRT) para reclamar que el orgnismo intervenga frente a los despidos de cinco m\u00e9dicas de la delegaci\u00f3n C\u00f3rdoba que se notificaron el 30 de mayo. En la oportunidad, estuvo presente el secretario General de ATE [&hellip;]<\/p>\n","protected":false},"author":7,"featured_media":32391,"comment_status":"open","ping_status":"open","sticky":false,"template":"","format":"standard","meta":{"_exactmetrics_skip_tracking":false,"_exactmetrics_sitenote_active":false,"_exactmetrics_sitenote_note":"","_exactmetrics_sitenote_category":0,"jnews-multi-image_gallery":[],"jnews_single_post":{"subtitle":"\u201cHace 10 d\u00edas que estamos en este conflicto que desencadena la patronal\", explic\u00f3 Federico Giuliani. Contin\u00faan las asambleas con quite de colaboraci\u00f3n.","format":"standard","video":"","gallery":"","source_name":"","source_url":"","via_name":"","via_url":"","override_template":"0","override":[{"template":"1","single_blog_custom":"","parallax":"1","fullscreen":"1","layout":"right-sidebar","sidebar":"default-sidebar","second_sidebar":"default-sidebar","sticky_sidebar":"1","share_position":"top","share_float_style":"share-monocrhome","show_share_counter":"1","show_view_counter":"1","show_featured":"1","show_post_meta":"1","show_post_author":"1","show_post_author_image":"1","show_post_date":"1","post_date_format":"default","post_date_format_custom":"Y\/m\/d","show_post_category":"1","show_post_reading_time":"0","post_reading_time_wpm":"300","show_zoom_button":"0","zoom_button_out_step":"2","zoom_button_in_step":"3","show_post_tag":"1","show_prev_next_post":"1","show_popup_post":"1","number_popup_post":"1","show_author_box":"0","show_post_related":"0","show_inline_post_related":"0"}],"override_image_size":"0","image_override":[{"single_post_thumbnail_size":"crop-500","single_post_gallery_size":"crop-500"}],"trending_post":"0","trending_post_position":"meta","trending_post_label":"Trending","sponsored_post":"0","sponsored_post_label":"Sponsored by","sponsored_post_name":"","sponsored_post_url":"","sponsored_post_logo_enable":"0","sponsored_post_logo":"","sponsored_post_desc":"","disable_ad":"0"},"jnews_primary_category":{"id":""},"jnews_social_meta":{"fb_title":"Nacionales: Movilizaci\u00f3n al Ministerio de Trabajo por los despidos en la SRT ","fb_description":"","fb_image":"","twitter_title":"","twitter_description":"","twitter_image":""},"jnews_review":[],"enable_review":"0","type":"percentage","name":"","summary":"","brand":"","sku":"","good":[{"good_text":""}],"bad":[{"bad_text":""}],"score_override":"","override_value":"","rating":[{"rating_text":"","rating_number":"10"}],"price":[{"shop":"","price":"","link":"","icon":""}],"jnews_override_counter":{"override_view_counter":"0","view_counter_number":"0","override_share_counter":"0","share_counter_number":"0","override_like_counter":"0","like_counter_number":"0","override_dislike_counter":"0","dislike_counter_number":"0"},"jnews_post_split":{"enable_post_split":"0","post_split":[{"template":"1","tag":"h2","numbering":"asc","mode":"normal","first":"0","enable_toc":"0","toc_type":"normal"}]},"footnotes":""},"categories":[18],"tags":[1134],"class_list":["post-32374","post","type-post","status-publish","format-standard","has-post-thumbnail","hentry","category-nacionales","tag-super-intendencia-de-riesgos-de-trabajo"],"jetpack_featured_media_url":"https:\/\/atecordoba.org\/wp-content\/uploads\/2022\/06\/portada-2-e1655308299423.jpeg","_links":{"self":[{"href":"https:\/\/atecordoba.org\/index.php?rest_route=\/wp\/v2\/posts\/32374","targetHints":{"allow":["GET"]}}],"collection":[{"href":"https:\/\/atecordoba.org\/index.php?rest_route=\/wp\/v2\/posts"}],"about":[{"href":"https:\/\/atecordoba.org\/index.php?rest_route=\/wp\/v2\/types\/post"}],"author":[{"embeddable":true,"href":"https:\/\/atecordoba.org\/index.php?rest_route=\/wp\/v2\/users\/7"}],"replies":[{"embeddable":true,"href":"https:\/\/atecordoba.org\/index.php?rest_route=%2Fwp%2Fv2%2Fcomments&post=32374"}],"version-history":[{"count":1,"href":"https:\/\/atecordoba.org\/index.php?rest_route=\/wp\/v2\/posts\/32374\/revisions"}],"predecessor-version":[{"id":32392,"href":"https:\/\/atecordoba.org\/index.php?rest_route=\/wp\/v2\/posts\/32374\/revisions\/32392"}],"wp:featuredmedia":[{"embeddable":true,"href":"https:\/\/atecordoba.org\/index.php?rest_route=\/wp\/v2\/media\/32391"}],"wp:attachment":[{"href":"https:\/\/atecordoba.org\/index.php?rest_route=%2Fwp%2Fv2%2Fmedia&parent=32374"}],"wp:term":[{"taxonomy":"category","embeddable":true,"href":"https:\/\/atecordoba.org\/index.php?rest_route=%2Fwp%2Fv2%2Fcategories&post=32374"},{"taxonomy":"post_tag","embeddable":true,"href":"https:\/\/atecordoba.org\/index.php?rest_route=%2Fwp%2Fv2%2Ftags&post=32374"}],"curies":[{"name":"wp","href":"https:\/\/api.w.org\/{rel}","templated":true}]}}