{"id":32367,"date":"2022-06-14T14:39:52","date_gmt":"2022-06-14T17:39:52","guid":{"rendered":"https:\/\/atecordoba.org\/?p=32367"},"modified":"2022-06-15T09:24:11","modified_gmt":"2022-06-15T12:24:11","slug":"personal-civil-cierra-su-paritaria-sectorial-con-fuerte-aumento-para-docentes-y-en-unidades-remunerativas","status":"publish","type":"post","link":"https:\/\/atecordoba.org\/?p=32367","title":{"rendered":"Personal Civil cierra su paritaria sectorial con fuerte aumento para docentes y unidades remunerativas"},"content":{"rendered":"\n<p><\/p>\n\n\n\n<div class=\"wp-block-image\"><figure class=\"aligncenter size-full is-resized\"><img loading=\"lazy\" decoding=\"async\" src=\"https:\/\/atecordoba.org\/wp-content\/uploads\/2022\/06\/personal-civil.jpg\" alt=\"\" class=\"wp-image-32368\" width=\"750\" height=\"500\" srcset=\"https:\/\/atecordoba.org\/wp-content\/uploads\/2022\/06\/personal-civil.jpg 1000w, https:\/\/atecordoba.org\/wp-content\/uploads\/2022\/06\/personal-civil-300x200.jpg 300w, https:\/\/atecordoba.org\/wp-content\/uploads\/2022\/06\/personal-civil-768x512.jpg 768w, https:\/\/atecordoba.org\/wp-content\/uploads\/2022\/06\/personal-civil-750x500.jpg 750w\" sizes=\"auto, (max-width: 750px) 100vw, 750px\" \/><figcaption>Imagen de archivo.<\/figcaption><\/figure><\/div>\n\n\n\n<p>El sectorial del personal civil de las fuerzas armadas y de seguridad, alcanz\u00f3 importantes aumentos salariales en las paritaria concluida recientemente. Seg\u00fan explic\u00f3 la delegada paritaria por ATE, Marcela Ch\u00e1vez, en el programa radial Entre Todos y Todas que emite la Secretaria de Prensa de ATE C\u00f3rdoba, la recomposici\u00f3n para los docentes llega al 80% de su salario, en tanto a nivel general se estableci\u00f3 un aumento del 10% en las unidades remunerativas -medida que establece los salarios- que tendr\u00e1n un impacto general del 76%. A esto se suma el pago generalizado de 4 mil pesos para el personal que gane menos de 60 mil pesos. <\/p>\n\n\n\n<p>Cabe se\u00f1alar que los altos porcentajes implican una recuperaci\u00f3n del salario pero que impactan sobre las remuneraciones m\u00e1s bajas de la Administraci\u00f3n Publica Nacional.<\/p>\n\n\n\n<p>&#8220;Las y los compa\u00f1eros deben saber que se har\u00e1 una reuni\u00f3n para tratar el decreto 55\/92 a los efectos que siga vigente porque su plazo vence el 30 de junio. Adem\u00e1s, se plante\u00f3 la eliminaci\u00f3n del presentismo para las personas que tengan a su cargo tareas de cuidado, lo que es un modificaci\u00f3n del actual r\u00e9gimen de licencias, bonificaciones y franquicias que est\u00e1 vigente desde 1979, reemplaz\u00e1ndolo por un acuerdo de licencias con perspectiva de g\u00e9nero&#8221;, explic\u00f3 Marcela Ch\u00e1vez.<\/p>\n\n\n\n<p>En un acta complementaria ATE agreg\u00f3, entre otros puntos, que:<\/p>\n\n\n\n<ul class=\"wp-block-list\"><li>Aun persisten trabajadores por debajo de la l\u00ednea de la pobreza<\/li><li>Instrumentar los mecanismos para lograr ascensos verticales<\/li><li>Aumentar el valor de los suplementos por titulaci\u00f3n, armonizando los distintos sectores en funci\u00f3n del decreto 214<\/li><li>Cumplimento del pase a planta comprometido por el estado<\/li><li>Abrir vacantes para el sectorial y cubrir vacantes vegetativas<\/li><li>Pago de los suplementos no implementados<\/li><li>Pago de los suplementos de enfermer\u00eda y por funci\u00f3n sanitaria espec\u00edfica al conjunto de trabajaodres del equipo de salud<\/li><li>Apertura de la comisi\u00f3n t\u00e9cnica de la carrera del personal docente y civil<\/li><\/ul>\n","protected":false},"excerpt":{"rendered":"<p>El sectorial del personal civil de las fuerzas armadas y de seguridad, alcanz\u00f3 importantes aumentos salariales en las paritaria concluida recientemente. Seg\u00fan explic\u00f3 la delegada paritaria por ATE, Marcela Ch\u00e1vez, en el programa radial Entre Todos y Todas que emite la Secretaria de Prensa de ATE C\u00f3rdoba, la recomposici\u00f3n para los docentes llega al 80% [&hellip;]<\/p>\n","protected":false},"author":7,"featured_media":32373,"comment_status":"open","ping_status":"open","sticky":false,"template":"","format":"standard","meta":{"_exactmetrics_skip_tracking":false,"_exactmetrics_sitenote_active":false,"_exactmetrics_sitenote_note":"","_exactmetrics_sitenote_category":0,"jnews-multi-image_gallery":[],"jnews_single_post":{"subtitle":"Los docentes del sector reciben un aumento del 80%, y en general la recomposici\u00f3n ser\u00e1 del 76% por el impacto del aumento en las unidades remunerativas. ","format":"standard","video":"","gallery":"","source_name":"","source_url":"","via_name":"","via_url":"","override_template":"0","override":[{"template":"1","single_blog_custom":"","parallax":"1","fullscreen":"1","layout":"right-sidebar","sidebar":"default-sidebar","second_sidebar":"default-sidebar","sticky_sidebar":"1","share_position":"top","share_float_style":"share-monocrhome","show_share_counter":"1","show_view_counter":"1","show_featured":"1","show_post_meta":"1","show_post_author":"1","show_post_author_image":"1","show_post_date":"1","post_date_format":"default","post_date_format_custom":"Y\/m\/d","show_post_category":"1","show_post_reading_time":"0","post_reading_time_wpm":"300","show_zoom_button":"0","zoom_button_out_step":"2","zoom_button_in_step":"3","show_post_tag":"1","show_prev_next_post":"1","show_popup_post":"1","number_popup_post":"1","show_author_box":"0","show_post_related":"0","show_inline_post_related":"0"}],"override_image_size":"0","image_override":[{"single_post_thumbnail_size":"crop-500","single_post_gallery_size":"crop-500"}],"trending_post":"0","trending_post_position":"meta","trending_post_label":"Trending","sponsored_post":"0","sponsored_post_label":"Sponsored by","sponsored_post_name":"","sponsored_post_url":"","sponsored_post_logo_enable":"0","sponsored_post_logo":"","sponsored_post_desc":"","disable_ad":"0"},"jnews_primary_category":{"id":""},"jnews_social_meta":{"fb_title":"Nacionales: Personal Civil cierra su paritaria sectorial con fuerte aumento para docentes y unidades remunerativas","fb_description":"","fb_image":"","twitter_title":"","twitter_description":"","twitter_image":""},"jnews_review":[],"enable_review":"0","type":"percentage","name":"","summary":"","brand":"","sku":"","good":[{"good_text":""}],"bad":[{"bad_text":""}],"score_override":"","override_value":"","rating":[{"rating_text":"","rating_number":"10"}],"price":[{"shop":"","price":"","link":"","icon":""}],"jnews_override_counter":{"override_view_counter":"0","view_counter_number":"0","override_share_counter":"0","share_counter_number":"0","override_like_counter":"0","like_counter_number":"0","override_dislike_counter":"0","dislike_counter_number":"0"},"jnews_post_split":{"enable_post_split":"0","post_split":[{"template":"1","tag":"h2","numbering":"asc","mode":"normal","first":"0","enable_toc":"0","toc_type":"normal"}]},"footnotes":""},"categories":[18],"tags":[383,392],"class_list":["post-32367","post","type-post","status-publish","format-standard","has-post-thumbnail","hentry","category-nacionales","tag-paritarias","tag-personal-civil-ff-aa"],"jetpack_featured_media_url":"https:\/\/atecordoba.org\/wp-content\/uploads\/2022\/06\/personalcivil-e1655295845368.jpg","_links":{"self":[{"href":"https:\/\/atecordoba.org\/index.php?rest_route=\/wp\/v2\/posts\/32367","targetHints":{"allow":["GET"]}}],"collection":[{"href":"https:\/\/atecordoba.org\/index.php?rest_route=\/wp\/v2\/posts"}],"about":[{"href":"https:\/\/atecordoba.org\/index.php?rest_route=\/wp\/v2\/types\/post"}],"author":[{"embeddable":true,"href":"https:\/\/atecordoba.org\/index.php?rest_route=\/wp\/v2\/users\/7"}],"replies":[{"embeddable":true,"href":"https:\/\/atecordoba.org\/index.php?rest_route=%2Fwp%2Fv2%2Fcomments&post=32367"}],"version-history":[{"count":3,"href":"https:\/\/atecordoba.org\/index.php?rest_route=\/wp\/v2\/posts\/32367\/revisions"}],"predecessor-version":[{"id":32372,"href":"https:\/\/atecordoba.org\/index.php?rest_route=\/wp\/v2\/posts\/32367\/revisions\/32372"}],"wp:featuredmedia":[{"embeddable":true,"href":"https:\/\/atecordoba.org\/index.php?rest_route=\/wp\/v2\/media\/32373"}],"wp:attachment":[{"href":"https:\/\/atecordoba.org\/index.php?rest_route=%2Fwp%2Fv2%2Fmedia&parent=32367"}],"wp:term":[{"taxonomy":"category","embeddable":true,"href":"https:\/\/atecordoba.org\/index.php?rest_route=%2Fwp%2Fv2%2Fcategories&post=32367"},{"taxonomy":"post_tag","embeddable":true,"href":"https:\/\/atecordoba.org\/index.php?rest_route=%2Fwp%2Fv2%2Ftags&post=32367"}],"curies":[{"name":"wp","href":"https:\/\/api.w.org\/{rel}","templated":true}]}}