{"id":32361,"date":"2022-06-14T12:17:24","date_gmt":"2022-06-14T15:17:24","guid":{"rendered":"https:\/\/atecordoba.org\/?p=32361"},"modified":"2022-06-14T12:17:28","modified_gmt":"2022-06-14T15:17:28","slug":"nueva-etapa-en-el-colegio-de-psicologues-de-la-mano-de-nora-galan","status":"publish","type":"post","link":"https:\/\/atecordoba.org\/?p=32361","title":{"rendered":"Nueva etapa en el Colegio de Psic\u00f3logues de la mano de Nora Gal\u00e1n"},"content":{"rendered":"\n<div class=\"wp-block-image\"><figure class=\"aligncenter size-large is-resized\"><img loading=\"lazy\" decoding=\"async\" src=\"https:\/\/atecordoba.org\/wp-content\/uploads\/2022\/06\/WhatsApp-Image-2022-06-14-at-12.13.53-PM-1024x575.jpeg\" alt=\"\" class=\"wp-image-32362\" width=\"768\" height=\"431\" srcset=\"https:\/\/atecordoba.org\/wp-content\/uploads\/2022\/06\/WhatsApp-Image-2022-06-14-at-12.13.53-PM-1024x575.jpeg 1024w, https:\/\/atecordoba.org\/wp-content\/uploads\/2022\/06\/WhatsApp-Image-2022-06-14-at-12.13.53-PM-300x169.jpeg 300w, https:\/\/atecordoba.org\/wp-content\/uploads\/2022\/06\/WhatsApp-Image-2022-06-14-at-12.13.53-PM-768x431.jpeg 768w, https:\/\/atecordoba.org\/wp-content\/uploads\/2022\/06\/WhatsApp-Image-2022-06-14-at-12.13.53-PM-750x421.jpeg 750w, https:\/\/atecordoba.org\/wp-content\/uploads\/2022\/06\/WhatsApp-Image-2022-06-14-at-12.13.53-PM-1140x640.jpeg 1140w, https:\/\/atecordoba.org\/wp-content\/uploads\/2022\/06\/WhatsApp-Image-2022-06-14-at-12.13.53-PM.jpeg 1280w\" sizes=\"auto, (max-width: 768px) 100vw, 768px\" \/><\/figure><\/div>\n\n\n\n<p>La \u00faltima edici\u00f3n del programa radial Entre Todos y Todas, que la Secretar\u00eda de Prensa emite cada martes en GEN FM 107.5 de 18 a 20 horas, tuvo el gusto de entrevistar a la nuevo presidenta del Colegio de Psic\u00f3logues de la Provincia, Nora Gal\u00e1n, quien es trabajadora del Estado provincial, y afiliada de ATE, con larga trayectoria en el campo de la salud mental. <\/p>\n\n\n\n<p>En el espacio de la emisi\u00f3n a cargo de la Asociaci\u00f3n Abracadabra, el director del Departamento de Culturas del Consejo Directivo Provincial (CDP), Mart\u00edn Cargnani, propuso un di\u00e1logo con Nora sobre el estado de aplicaci\u00f3n de la ley de salud mental en la provincia, uno de los puntos de conflicto y la deuda que C\u00f3rdoba tiene con las y los usuarios del sistema de salud mental. <\/p>\n\n\n\n<p>En tal sentido, Gal\u00e1n apunt\u00f3 que &#8220;estamos muy preocupadas sobre el estado de la salud mental en C\u00f3rdoba porque, a 11 a\u00f1os de aprobada la ley, no se hicieron aun los dispositivos sustitutivos que prev\u00e9 la norma, por lo tanto siguen haci\u00e9ndose internaciones en hospitales monovalentes. Se cierran servicios en los hospitales generales pero no se abren alternativas, tampoco se incrementaron las casas de &#8216;mediocamino&#8217;, los talleres sociolaborales, todo lo que la ley ordena como forma de atenci\u00f3n de salud mental en comunidad&#8221;.<\/p>\n\n\n\n<p>Y afirm\u00f3 que se trata de medidas que tiene un objetivo &#8220;respetar los derechos de las personas para que vivan en libertad y en comunidad, y que la internaci\u00f3n sea el \u00faltimo paso de un camino, en una situaci\u00f3n que lo amerite, evaluado por profesionales id\u00f3neos. Todo lo dem\u00e1s deber\u00eda existir antes de que el paciente llegue a un hospital monovalente. Es lo que la ley establece&#8221;.<\/p>\n\n\n\n<p>Respecto a los casos de crisis psiqui\u00e1tricas que se tronaron esc\u00e1ndalos medi\u00e1ticos (en referencia al caso de cantante Chano o el hijo del animador televisivo Roberto Pettinato) donde el argumento es que la culpa es de la ley, generando un ataque a la norma, Gal\u00e1n dijo que &#8220;la ley precisamente prev\u00e9 la internaci\u00f3n cuando se intenta instalar que no lo permite. Pero todo lo contrario, la norma entiende ala internaci\u00f3n como el \u00faltimo recurso, pero est\u00e1 totalmente estipulado de qu\u00e9 forma se hace una internaci\u00f3n involuntaria, como los casos medi\u00e1ticos comentados, precisando claramente c\u00f3mo se eval\u00faa, c\u00f3mo se interna, c\u00f3mo se pide autorizaci\u00f3n. No es verdad que no se pueda internar una persona en situaci\u00f3n de crisis y se est\u00e1 usando el latiguillo de que \u2018la ley no sirve\u2019 para instalar l\u00f3gica comerciales, porque hay un gran negocio alrededor de la salud mental y de las instituciones monovalentes, por tanto en vez de exigir que se cumpla la ley, que haya recursos humanos y materiales, se ataca la norma. \u00a0Y se saca un r\u00e9dito econ\u00f3mico para quienes instalan estos temas en los medios&#8221;.<\/p>\n\n\n\n<p>En esa linea Cagnani coment\u00f3 que &#8220;resulta atacar los mecanismo dispuestos en la ley para los casos de crisis donde, fundamentalmente, exige que haya disponibilidad de equipos interdisciplinarios. \u00bfQui\u00e9n debe proveerlos?&#8221;.<\/p>\n\n\n\n<p>&#8220;El Estado y garantizar que los sistemas privados tambi\u00e9n los tengan. Para llevar tranquilidad a la poblaci\u00f3n est\u00e1 bueno transmitir que la ley es buena y despu\u00e9s trabajar con los usuarios, para poder abordar cada caso en su territorio para que puedan exigir sus derechos&#8221;, asegur\u00f3 Gal\u00e1n.<\/p>\n\n\n\n<p><strong>Condiciones de trabajo<\/strong><\/p>\n\n\n\n<p>Respecto a c\u00f3mo est\u00e1 trabajando el sector de los profesionales de la psicolog\u00eda, la nueva presidenta del Colegio lament\u00f3 que &#8220;\u201chay mucho j\u00f3venes que se reciben todos los a\u00f1os y cada vez est\u00e1n m\u00e1s precarizades. Mucho monotributo y pocos acceden a contratos, por caso en el Estado provincial, donde la ley 7625 ordenaba realizar concursos anuales y eso no existe desde hace muchos a\u00f1os. Entonces son monotributistas que tienen que pagar su propia obra social y aportes jubilatorios\u201d.<\/p>\n\n\n\n<p>Adem\u00e1s, dijo que las y los profesionales est\u00e1n poniendo mucho empe\u00f1o en abordar &#8220;la pospandemia y no tan pos&#8230; Estamos trabajando mucho porque todos quedamos muy afectados pero, sobre todo, los segmentos de adolescentes y adultos mayores sufrieron el impacto. Est\u00e1 costando salir de esta situaci\u00f3n de \u2018pandemizaci\u00f3n\u2019, de lo que produjo la pandemia subjetivamente&#8221;.<\/p>\n","protected":false},"excerpt":{"rendered":"<p>La \u00faltima edici\u00f3n del programa radial Entre Todos y Todas, que la Secretar\u00eda de Prensa emite cada martes en GEN FM 107.5 de 18 a 20 horas, tuvo el gusto de entrevistar a la nuevo presidenta del Colegio de Psic\u00f3logues de la Provincia, Nora Gal\u00e1n, quien es trabajadora del Estado provincial, y afiliada de ATE, [&hellip;]<\/p>\n","protected":false},"author":7,"featured_media":32365,"comment_status":"open","ping_status":"open","sticky":false,"template":"","format":"standard","meta":{"_exactmetrics_skip_tracking":false,"_exactmetrics_sitenote_active":false,"_exactmetrics_sitenote_note":"","_exactmetrics_sitenote_category":0,"jnews-multi-image_gallery":[],"jnews_single_post":{"subtitle":"La entidad se muestra muy preocupada por la falta de recursos para aplicaci\u00f3n de la ley de salud mental. ","format":"standard","video":"","gallery":"","source_name":"","source_url":"","via_name":"","via_url":"","override_template":"0","override":[{"template":"1","single_blog_custom":"","parallax":"1","fullscreen":"1","layout":"right-sidebar","sidebar":"default-sidebar","second_sidebar":"default-sidebar","sticky_sidebar":"1","share_position":"top","share_float_style":"share-monocrhome","show_share_counter":"1","show_view_counter":"1","show_featured":"1","show_post_meta":"1","show_post_author":"1","show_post_author_image":"1","show_post_date":"1","post_date_format":"default","post_date_format_custom":"Y\/m\/d","show_post_category":"1","show_post_reading_time":"0","post_reading_time_wpm":"300","show_zoom_button":"0","zoom_button_out_step":"2","zoom_button_in_step":"3","show_post_tag":"1","show_prev_next_post":"1","show_popup_post":"1","number_popup_post":"1","show_author_box":"0","show_post_related":"0","show_inline_post_related":"0"}],"override_image_size":"0","image_override":[{"single_post_thumbnail_size":"crop-500","single_post_gallery_size":"crop-500"}],"trending_post":"0","trending_post_position":"meta","trending_post_label":"Trending","sponsored_post":"0","sponsored_post_label":"Sponsored by","sponsored_post_name":"","sponsored_post_url":"","sponsored_post_logo_enable":"0","sponsored_post_logo":"","sponsored_post_desc":"","disable_ad":"0"},"jnews_primary_category":{"id":""},"jnews_social_meta":{"fb_title":"","fb_description":"","fb_image":"","twitter_title":"","twitter_description":"","twitter_image":""},"jnews_review":[],"enable_review":"0","type":"percentage","name":"","summary":"","brand":"","sku":"","good":[{"good_text":""}],"bad":[{"bad_text":""}],"score_override":"","override_value":"","rating":[{"rating_text":"","rating_number":"10"}],"price":[{"shop":"","price":"","link":"","icon":""}],"jnews_override_counter":{"override_view_counter":"0","view_counter_number":"0","override_share_counter":"0","share_counter_number":"0","override_like_counter":"0","like_counter_number":"0","override_dislike_counter":"0","dislike_counter_number":"0"},"jnews_post_split":{"enable_post_split":"0","post_split":[{"template":"1","tag":"h2","numbering":"asc","mode":"normal","first":"0","enable_toc":"0","toc_type":"normal"}]},"footnotes":""},"categories":[346],"tags":[1142],"class_list":["post-32361","post","type-post","status-publish","format-standard","has-post-thumbnail","hentry","category-prensa-y-comunicacion","tag-colegio-de-psicologos"],"jetpack_featured_media_url":"https:\/\/atecordoba.org\/wp-content\/uploads\/2022\/06\/portadapsi-e1655219776422.jpeg","_links":{"self":[{"href":"https:\/\/atecordoba.org\/index.php?rest_route=\/wp\/v2\/posts\/32361","targetHints":{"allow":["GET"]}}],"collection":[{"href":"https:\/\/atecordoba.org\/index.php?rest_route=\/wp\/v2\/posts"}],"about":[{"href":"https:\/\/atecordoba.org\/index.php?rest_route=\/wp\/v2\/types\/post"}],"author":[{"embeddable":true,"href":"https:\/\/atecordoba.org\/index.php?rest_route=\/wp\/v2\/users\/7"}],"replies":[{"embeddable":true,"href":"https:\/\/atecordoba.org\/index.php?rest_route=%2Fwp%2Fv2%2Fcomments&post=32361"}],"version-history":[{"count":1,"href":"https:\/\/atecordoba.org\/index.php?rest_route=\/wp\/v2\/posts\/32361\/revisions"}],"predecessor-version":[{"id":32366,"href":"https:\/\/atecordoba.org\/index.php?rest_route=\/wp\/v2\/posts\/32361\/revisions\/32366"}],"wp:featuredmedia":[{"embeddable":true,"href":"https:\/\/atecordoba.org\/index.php?rest_route=\/wp\/v2\/media\/32365"}],"wp:attachment":[{"href":"https:\/\/atecordoba.org\/index.php?rest_route=%2Fwp%2Fv2%2Fmedia&parent=32361"}],"wp:term":[{"taxonomy":"category","embeddable":true,"href":"https:\/\/atecordoba.org\/index.php?rest_route=%2Fwp%2Fv2%2Fcategories&post=32361"},{"taxonomy":"post_tag","embeddable":true,"href":"https:\/\/atecordoba.org\/index.php?rest_route=%2Fwp%2Fv2%2Ftags&post=32361"}],"curies":[{"name":"wp","href":"https:\/\/api.w.org\/{rel}","templated":true}]}}