{"id":3236,"date":"2013-09-12T17:33:59","date_gmt":"2013-09-12T20:33:59","guid":{"rendered":"http:\/\/www.atecordoba.org\/?p=3236"},"modified":"2013-09-12T17:33:59","modified_gmt":"2013-09-12T20:33:59","slug":"unc-no-docentes-de-psicologia-rechazan-sancion-a-un-companero-del-sector","status":"publish","type":"post","link":"https:\/\/atecordoba.org\/?p=3236","title":{"rendered":"UNC: no docentes de Psicolog\u00eda rechazan sanci\u00f3n a un compa\u00f1ero del sector"},"content":{"rendered":"<p><em>En asamblea de esa unidad acad\u00e9mica, los trabajadores no docentes resolvieron el estado de &#8220;alerta, movilizaci\u00f3n, asamblea y paros sorpresivos&#8221;, hasta que se resuelva la situaci\u00f3n de un trabajador que fue sancionado recientemente. Se trata del compa\u00f1ero Agust\u00edn Peressin, que fue injustamente acusado de ser el responsable de la desaparici\u00f3n de un proyector. La asamblea sostuvo que se aplic\u00f3 una \u00a0sanci\u00f3n sin que el sumario estableciera su responsabilidad. A continuaci\u00f3n, la resoluci\u00f3n completa de la asamblea.<\/em><\/p>\n<p><a href=\"http:\/\/www.atecordoba.org\/wp-content\/uploads\/2013\/09\/presentacion-Min-trabajo-12-9.png\"><img loading=\"lazy\" decoding=\"async\" class=\"alignright  wp-image-3237\" alt=\"presentacion Min trabajo 12-9\" src=\"http:\/\/www.atecordoba.org\/wp-content\/uploads\/2013\/09\/presentacion-Min-trabajo-12-9.png\" width=\"433\" height=\"508\" \/><\/a><\/p>\n<p>Los trabajadores no docentes de esta Facultad de Psicolog\u00eda nos reunimos en asamblea a fin de tratar la situaci\u00f3n generada a partir de la publicaci\u00f3n y notificaci\u00f3n de la RR 1958\/13 por la que se aplicara sanci\u00f3n disciplinaria y pecuniaria al compa\u00f1ero Agust\u00edn Peressini.<\/p>\n<p>Entendemos que las sanciones mencionadas se refieren a la responsabilidad que le habr\u00edan atribuido al compa\u00f1ero Peressini con respecto al cuidado de bienes que desaparecieron \/ faltaron de la Facultad.<\/p>\n<p>El Sr. Peressini revistaba en una categor\u00eda 6 (tramo inicial CCT) del Agrupamiento Servicios Generales en el horario de la tarde (13 a 20) en la \u00e9poca de los acontecimientos que dieron lugar a la resoluci\u00f3n mencionada. En esos tiempos, por falta de personal (situaci\u00f3n cr\u00f3nica en esta Facultad y denunciada en muchas oportunidades) se encontraba f\u00e1cticamente a cargo de la apertura y cierre de aulas y entrega de equipos de dos m\u00f3dulos de esta Facultad, distantes f\u00edsicamente entre s\u00ed. Es obvio que esto gener\u00f3 dificultades en la atenci\u00f3n correcta de ambos m\u00f3dulos ya que ni el mencionado compa\u00f1ero, ni el resto de los trabajadores no docentes de esta Facultad est\u00e1n dotados del don de la ubicuidad, a pesar de toda la buena voluntad que se pone diariamente para solucionar las dificultades de trabajo.<\/p>\n<p>Era por todos conocido, y en particular por las autoridades, que en dicho horario, era m\u00e1s sencillo que hubiera sustracciones de equipos, aprovechando la dificultad de control de dos m\u00f3dulos en simult\u00e1neo.<\/p>\n<p>Est\u00e1 claro por el CCT que el personal del tramo inicial no puede tener a cargo funciones de tanta responsabilidad y mayor jerarqu\u00eda, como las que, en apariencia, se esperaban del Sr Peressini, y que ni siquiera estaban formalmente establecidas por Resoluci\u00f3n Decanal. Entonces, cumpl\u00eda mayores responsabilidades y funciones, no le era reconocido eso mediante ning\u00fan suplemento salarial pero s\u00ed se lo considera responsable a punto de serle aplicada una sanci\u00f3n que no admite precedentes en esta Facultad o similares. Al respecto, podr\u00e1 el personal acercar otras resoluciones en casos de mayor envergadura, que sin embargo, no tuvieron el mismo nivel de sanci\u00f3n o no tuvieron sanci\u00f3n.<\/p>\n<p>No est\u00e1 de m\u00e1s, en este momento, se\u00f1alar que el Sr Agust\u00edn Peressini, es por todos conocido en esta Facultad, como persona de bien, como trabajador aplicado y honesto, habi\u00e9ndose elegido adem\u00e1s como Delegado Gremial, Consejero No docente y candidato (Secretar\u00eda de Deportes, Lista Naranja) en las \u00faltimas elecciones de la Gremial San Mart\u00edn.<\/p>\n<p>Consideramos que la RR 1958\/13 resulta poco fundamentada, s\u00f3lo tiene Visto, carece de considerandos y la parte resolutiva resulta algo inconsistente en tanto que, por ejemplo, por un lado no se atribuye responsabilidad administrativa, por otro se aplica una sanci\u00f3n sever\u00edsima, con impacto salarial y en legajo, para carrera no docente, y le aplican adem\u00e1s una sanci\u00f3n pecuniaria, que no se explica como se obtuvo o calcul\u00f3 dicho monto.<\/p>\n<p>Asimismo se entiende que al tomar esta decisi\u00f3n se ha omitido el contexto en el que ha desaparecido el bien, como ya indicamos ut supra.<\/p>\n<p>Esta es una prueba m\u00e1s de c\u00f3mo la precarizaci\u00f3n laboral, largamente denunciada, pueden generar dificultades serias al personal. Numerosos fueron los expedientes que diversos compa\u00f1eros, tambi\u00e9n de Servicios generales, han elevado a las autoridades de la Facultad, advirtiendo situaciones cr\u00edticas similares, y que no pod\u00edan responsabilizarse por falta de equipamiento en esas condiciones.<\/p>\n<p>Tildar de incumplimiento deliberado y no grave de las obligaciones y prohibiciones del r\u00e9gimen de empleo (Art. 142 inciso c CCT)\u00a0 en esta Facultad, a este compa\u00f1ero, con las condiciones que trabajaba \u2013 y muchos trabajamos aun \u2013 implica un peligro en ciernes y una preocupaci\u00f3n para todos los trabajadores de la Facultad.<\/p>\n<p>Es por todo ello que, sum\u00e1ndose compa\u00f1eros de otras Facultades y acompa\u00f1ados por la Asociaci\u00f3n de Trabajadores del Estado (ATE), decidimos autoconvocarnos en asamblea, e ir al Rectorado para escuchar del Secretario General de la UNC cu\u00e1les hab\u00edan sido las razones de esta decisi\u00f3n. Nos entrevistamos as\u00ed con el Dr. Alberto Le\u00f3n, quien escuch\u00f3 nuestra posici\u00f3n y se comprometi\u00f3 a revisar la medida. Tambi\u00e9n aprovechamos para ponerlo al tanto de los allanamientos sufridos por trabajadores de Servicios Generales hace tres a\u00f1os, situaci\u00f3n que aun no fue debidamente explicada. Le reiteramos la necesidad de personal y de la necesidad de tener mayor claridad en las tareas que le competen seg\u00fan su cargo y nivel de jerarqu\u00eda. \u00a0Le informamos asimismo que continuar\u00edamos en estado de asamblea.<\/p>\n<p>En funci\u00f3n de lo expresado, los trabajadores no docentes reunidos en asamblea resolvimos lo siguiente:<\/p>\n<ul>\n<li>Hacer presentaci\u00f3n al Ministerio de Trabajo de la Naci\u00f3n, a trav\u00e9s de la ATE, informando nuestras decisiones.<\/li>\n<li>Declarar estado de alerta, movilizaci\u00f3n, asamblea y paros sorpresivos por el t\u00e9rmino de quince d\u00edas h\u00e1biles.<\/li>\n<li>Exigir cese de sanciones arbitrarias y persecuci\u00f3n contra el compa\u00f1ero Agust\u00edn Peressini, el personal de servicios generales y al resto del personal no docente.<\/li>\n<li>Reclamar al Decanato un posicionamiento sobre esta situaci\u00f3n y que informe las acciones que est\u00e9 llevando al respecto.<\/li>\n<li>Solicitar al Decanato que suspenda los plazos legales administrativos durante los d\u00edas en que el claustro se mantenga en estado de asamblea, movilizaci\u00f3n y \/o retensi\u00f3n de servicios.<\/li>\n<li>Reforzar los lazos con el personal no docente de otras facultades, adem\u00e1s del de FFyH, Arte, Famaf, con el objeto de que se sumen a las medidas que se adopten.<\/li>\n<li>Invitar a estudiantes y docentes de la Facultad para que se solidaricen y participen de nuestro reclamo.<\/li>\n<li>Poner en cuesti\u00f3n y reflexionar en la UNC sobre el rol del personal de Servicios Generales que suele ser sobre exigido en cuanto a su responsabilidad y sobre el rol que cumplen en las distintas dependencias la seguridad privada.<\/li>\n<li>Exigimos conocer alcances y funciones de la empresa de vigilancia que funciona en nuestra Facultad y que responsabilidad le cabe a los docentes en cuanto a las llaves y equipos.<\/li>\n<li>Reivindicar que las tareas de limpieza y seguridad son claramente tareas no docentes seg\u00fan lo establece el CCT.<\/li>\n<li>Comunicar a las autoridades de la Facultad que ante la eventual sustracci\u00f3n de equipos el personal de esta Facultad, no concurrir\u00e1 individualmente como hasta ahora, a dependencia policial a los efectos de realizar la denuncia correspondiente, sino que informar\u00e1 por escrito a las autoridades para que \u00e9stas act\u00faen en consecuencia y realicen las acciones pertinentes, debido a que las autoridades son las responsables patrimoniales.<\/li>\n<li>Efectuar abandono de tareas a partir de las 14 hs del d\u00eda de la fecha y convocar a asamblea no docente para el viernes 13\/09\/2013 a partir de las 11 hs con abandono de tareas.<\/li>\n<\/ul>\n<p>&nbsp;<\/p>\n","protected":false},"excerpt":{"rendered":"<p>En asamblea de esa unidad acad\u00e9mica, los trabajadores no docentes resolvieron el estado de &#8220;alerta, movilizaci\u00f3n, asamblea y paros sorpresivos&#8221;, hasta que se resuelva la situaci\u00f3n de un trabajador que fue sancionado recientemente. Se trata del compa\u00f1ero Agust\u00edn Peressin, que fue injustamente acusado de ser el responsable de la desaparici\u00f3n de un proyector. La asamblea [&hellip;]<\/p>\n","protected":false},"author":1,"featured_media":19220,"comment_status":"open","ping_status":"open","sticky":false,"template":"","format":"standard","meta":{"_exactmetrics_skip_tracking":false,"_exactmetrics_sitenote_active":false,"_exactmetrics_sitenote_note":"","_exactmetrics_sitenote_category":0,"jnews-multi-image_gallery":[],"jnews_single_post":[],"jnews_primary_category":[],"jnews_social_meta":[],"jnews_review":[],"enable_review":"","type":"","name":"","summary":"","brand":"","sku":"","good":[],"bad":[],"score_override":"","override_value":"","rating":[],"price":[],"jnews_override_counter":[],"jnews_post_split":[],"footnotes":""},"categories":[18,89],"tags":[],"class_list":["post-3236","post","type-post","status-publish","format-standard","has-post-thumbnail","hentry","category-nacionales","category-unc"],"jetpack_featured_media_url":"https:\/\/atecordoba.org\/wp-content\/uploads\/2020\/05\/logo-nuevochico-e1561581322808.png","_links":{"self":[{"href":"https:\/\/atecordoba.org\/index.php?rest_route=\/wp\/v2\/posts\/3236","targetHints":{"allow":["GET"]}}],"collection":[{"href":"https:\/\/atecordoba.org\/index.php?rest_route=\/wp\/v2\/posts"}],"about":[{"href":"https:\/\/atecordoba.org\/index.php?rest_route=\/wp\/v2\/types\/post"}],"author":[{"embeddable":true,"href":"https:\/\/atecordoba.org\/index.php?rest_route=\/wp\/v2\/users\/1"}],"replies":[{"embeddable":true,"href":"https:\/\/atecordoba.org\/index.php?rest_route=%2Fwp%2Fv2%2Fcomments&post=3236"}],"version-history":[{"count":0,"href":"https:\/\/atecordoba.org\/index.php?rest_route=\/wp\/v2\/posts\/3236\/revisions"}],"wp:featuredmedia":[{"embeddable":true,"href":"https:\/\/atecordoba.org\/index.php?rest_route=\/wp\/v2\/media\/19220"}],"wp:attachment":[{"href":"https:\/\/atecordoba.org\/index.php?rest_route=%2Fwp%2Fv2%2Fmedia&parent=3236"}],"wp:term":[{"taxonomy":"category","embeddable":true,"href":"https:\/\/atecordoba.org\/index.php?rest_route=%2Fwp%2Fv2%2Fcategories&post=3236"},{"taxonomy":"post_tag","embeddable":true,"href":"https:\/\/atecordoba.org\/index.php?rest_route=%2Fwp%2Fv2%2Ftags&post=3236"}],"curies":[{"name":"wp","href":"https:\/\/api.w.org\/{rel}","templated":true}]}}