{"id":32350,"date":"2022-06-14T09:40:38","date_gmt":"2022-06-14T12:40:38","guid":{"rendered":"https:\/\/atecordoba.org\/?p=32350"},"modified":"2022-06-14T09:41:52","modified_gmt":"2022-06-14T12:41:52","slug":"basta-de-hostigamiento-en-la-superintendencia-de-riesgos-de-trabajo-de-la-nacion","status":"publish","type":"post","link":"https:\/\/atecordoba.org\/?p=32350","title":{"rendered":"\u00a1Basta de hostigamiento en la Superintendencia de Riesgos de Trabajo de la Naci\u00f3n!"},"content":{"rendered":"\n<div class=\"wp-block-image\"><figure class=\"aligncenter size-large is-resized\"><img loading=\"lazy\" decoding=\"async\" src=\"https:\/\/atecordoba.org\/wp-content\/uploads\/2022\/06\/IMG-20220608-WA0031-1-1024x576.jpg\" alt=\"\" class=\"wp-image-32352\" width=\"768\" height=\"432\" srcset=\"https:\/\/atecordoba.org\/wp-content\/uploads\/2022\/06\/IMG-20220608-WA0031-1-1024x576.jpg 1024w, https:\/\/atecordoba.org\/wp-content\/uploads\/2022\/06\/IMG-20220608-WA0031-1-300x169.jpg 300w, https:\/\/atecordoba.org\/wp-content\/uploads\/2022\/06\/IMG-20220608-WA0031-1-768x432.jpg 768w, https:\/\/atecordoba.org\/wp-content\/uploads\/2022\/06\/IMG-20220608-WA0031-1-1536x864.jpg 1536w, https:\/\/atecordoba.org\/wp-content\/uploads\/2022\/06\/IMG-20220608-WA0031-1-750x422.jpg 750w, https:\/\/atecordoba.org\/wp-content\/uploads\/2022\/06\/IMG-20220608-WA0031-1-1140x641.jpg 1140w, https:\/\/atecordoba.org\/wp-content\/uploads\/2022\/06\/IMG-20220608-WA0031-1.jpg 1600w\" sizes=\"auto, (max-width: 768px) 100vw, 768px\" \/><\/figure><\/div>\n\n\n\n<p>Hoy, nuevamente la <strong>patronal de la Superintendencia de Riesgos de Trabajo de la Naci\u00f3n &#8211; Delegaci\u00f3n Regional C\u00f3rdoba (SRT-C\u00f3rdoba)<\/strong> se convierte en ejemplo de c\u00f3mo se comporta cierta jerarqu\u00eda pol\u00edtica insensible y autoritaria cuando sus trabajadoras y trabajadores defienden sus derechos. No conformes con haber llevado adelante el <strong>despido de 5 trabajadoras m\u00e9dicas<\/strong> sin ning\u00fan tipo de justificaci\u00f3n v\u00e1lida, <strong>estos funcionarios hostigan y amenazan CON REALIZAR DESCUENTOS SALARIALES y MANCHAR LEGAJOS al colectivo de trabajadoras y trabajadores del organismo que se han solidarizado ante esta situaci\u00f3n de injusticia y se han organizado<\/strong> -desde hace ya casi dos semanas- <strong>en Asambleas<\/strong> a modo de reclamo por la reincorporaci\u00f3n de estas compa\u00f1eras y por mejores condiciones de trabajo para el conjunto de las y los trabajadores.<\/p>\n\n\n\n<p><strong>Las compa\u00f1eras despedidas son todas mujeres m\u00e9dicas de impecable legajo<\/strong> que hab\u00edan ingresado por concurso al organismo, especializ\u00e1ndose y <strong>dejando otros trabajos para evitar incompatibilidades en base a las exigencias que la propia SRT realiza<\/strong> al personal que desempe\u00f1a las funciones que llevan adelante estas trabajadoras. Estas profesionales han quedado, hoy, <strong>sin su trabajo en la SRT ni en los lugares que debieron abandonar por los condicionantes que la patronal que las despide les impuso al momento de contratarlas.<\/strong><\/p>\n\n\n\n<p><strong>Las Asambleas continuar\u00e1n porque es la forma de protesta y expresi\u00f3n que han elegido las y los trabajadores de la SRT C\u00f3rdoba.<\/strong> Tanto la protesta como la expresi\u00f3n son derechos fundamentales conculcados en nuestra Constituci\u00f3n Nacional y en toda la legislaci\u00f3n laboral nacional e internacional vigentes en la vida social de nuestro pa\u00eds.<\/p>\n\n\n\n<p>Por ello, <strong>ratificamos el cronograma de medidas gremiales<\/strong> -oportunamente comunicadas a la patronal y al Ministerio de Trabajo de la Naci\u00f3n- que el colectivo de trabajadoras\/es de la SRT han decidido en Asamblea y que implica para esta semana:<\/p>\n\n\n\n<ul class=\"wp-block-list\"><li>Hoy martes 14 y jueves 16 de junio, <strong>Asambleas de 11 a 13<\/strong><\/li><li>Mi\u00e9rcoles 15 de junio, <strong>concentraci\u00f3n con movilizaci\u00f3n<\/strong> al Ministerio de Trabajo de la Naci\u00f3n <strong>de 9 a 13 hs.<\/strong><\/li><\/ul>\n\n\n\n<p>De igual manera, instamos al <strong>Gerente de Comisiones M\u00e9dicas, Ignacio Subizar y a la Delegada Regional SRT C\u00f3rdoba, Patricia Carbonell, a cejar con los hostigamientos y las actitudes antisindicales<\/strong> llevadas adelante por s\u00ed mismos\/as o por intermedio de terceras personas a sus \u00f3rdenes.<\/p>\n\n\n\n<p>Pretender que con acoso y persecuci\u00f3n pueden ocultarse los problemas de la precarizaci\u00f3n laboral que sufren colectivamente quienes trabajan en la SRT es pretender tapar el sol con la mano. Por ello, convocamos a quienes dirigen el organismo a que desestimen estos intentos vacuos fundamentados en la violencia y trabajen en pos de resolver verdaderamente las situaciones que hacen al origen del reclamo: <strong>la reincorporaci\u00f3n de las 5 m\u00e9dicas despedidas y el fin de la precarizaci\u00f3n en la SRT.<\/strong><\/p>\n\n\n\n<p class=\"has-text-align-center\"><strong>\u00a1Reincorporaci\u00f3n de las cinco m\u00e9dicas despedidas!<\/strong><\/p>\n\n\n<a href=\"https:\/\/atecordoba.org\/wp-content\/uploads\/2022\/06\/13-06-Repudio-Agresiones-SRT-ATE-Cordoba.pdf\" class=\"pdfemb-viewer\" style=\"\" data-width=\"max\" data-height=\"max\" data-toolbar=\"bottom\" data-toolbar-fixed=\"off\">13-06-Repudio-Agresiones-SRT-ATE-Cordoba<\/a>\n<p class=\"wp-block-pdfemb-pdf-embedder-viewer\"><\/p>\n","protected":false},"excerpt":{"rendered":"<p>Hoy, nuevamente la patronal de la Superintendencia de Riesgos de Trabajo de la Naci\u00f3n &#8211; Delegaci\u00f3n Regional C\u00f3rdoba (SRT-C\u00f3rdoba) se convierte en ejemplo de c\u00f3mo se comporta cierta jerarqu\u00eda pol\u00edtica insensible y autoritaria cuando sus trabajadoras y trabajadores defienden sus derechos. No conformes con haber llevado adelante el despido de 5 trabajadoras m\u00e9dicas sin ning\u00fan [&hellip;]<\/p>\n","protected":false},"author":7,"featured_media":32353,"comment_status":"open","ping_status":"open","sticky":false,"template":"","format":"standard","meta":{"_exactmetrics_skip_tracking":false,"_exactmetrics_sitenote_active":false,"_exactmetrics_sitenote_note":"","_exactmetrics_sitenote_category":0,"jnews-multi-image_gallery":[],"jnews_single_post":{"subtitle":"Funcionarios del organismo comenten a diario acciones antisindicales, persecutorias y de claro hostigamiento contra el personal, que viene realizando asambleas en reclamo de la reincorporaci\u00f3n de cinco trabajadoras m\u00e9dicas despedidas este mes. Ma\u00f1ana se realizar\u00e1 una movilizaci\u00f3n al Ministerio de Trabajo de la Naci\u00f3n. Hoy y el jueves, asamblea de 11 a 13 horas.  ","format":"standard","video":"","gallery":"","source_name":"","source_url":"","via_name":"","via_url":"","override_template":"0","override":[{"template":"1","single_blog_custom":"","parallax":"1","fullscreen":"1","layout":"right-sidebar","sidebar":"default-sidebar","second_sidebar":"default-sidebar","sticky_sidebar":"1","share_position":"top","share_float_style":"share-monocrhome","show_share_counter":"1","show_view_counter":"1","show_featured":"1","show_post_meta":"1","show_post_author":"1","show_post_author_image":"1","show_post_date":"1","post_date_format":"default","post_date_format_custom":"Y\/m\/d","show_post_category":"1","show_post_reading_time":"0","post_reading_time_wpm":"300","show_zoom_button":"0","zoom_button_out_step":"2","zoom_button_in_step":"3","show_post_tag":"1","show_prev_next_post":"1","show_popup_post":"1","number_popup_post":"1","show_author_box":"0","show_post_related":"0","show_inline_post_related":"0"}],"override_image_size":"0","image_override":[{"single_post_thumbnail_size":"crop-500","single_post_gallery_size":"crop-500"}],"trending_post":"0","trending_post_position":"meta","trending_post_label":"Trending","sponsored_post":"0","sponsored_post_label":"Sponsored by","sponsored_post_name":"","sponsored_post_url":"","sponsored_post_logo_enable":"0","sponsored_post_logo":"","sponsored_post_desc":"","disable_ad":"0"},"jnews_primary_category":{"id":""},"jnews_social_meta":{"fb_title":"Nacionales: \u00a1Basta de hostigamiento en la Superintendencia de Riesgos de Trabajo de la Naci\u00f3n!","fb_description":"","fb_image":"","twitter_title":"","twitter_description":"","twitter_image":""},"jnews_review":[],"enable_review":"0","type":"percentage","name":"","summary":"","brand":"","sku":"","good":[{"good_text":""}],"bad":[{"bad_text":""}],"score_override":"","override_value":"","rating":[{"rating_text":"","rating_number":"10"}],"price":[{"shop":"","price":"","link":"","icon":""}],"jnews_override_counter":{"override_view_counter":"0","view_counter_number":"0","override_share_counter":"0","share_counter_number":"0","override_like_counter":"0","like_counter_number":"0","override_dislike_counter":"0","dislike_counter_number":"0"},"jnews_post_split":{"enable_post_split":"0","post_split":[{"template":"1","tag":"h2","numbering":"asc","mode":"normal","first":"0","enable_toc":"0","toc_type":"normal"}]},"footnotes":""},"categories":[18],"tags":[164,1134],"class_list":["post-32350","post","type-post","status-publish","format-standard","has-post-thumbnail","hentry","category-nacionales","tag-despidos","tag-super-intendencia-de-riesgos-de-trabajo"],"jetpack_featured_media_url":"https:\/\/atecordoba.org\/wp-content\/uploads\/2022\/06\/portada2-e1655210431900.jpg","_links":{"self":[{"href":"https:\/\/atecordoba.org\/index.php?rest_route=\/wp\/v2\/posts\/32350","targetHints":{"allow":["GET"]}}],"collection":[{"href":"https:\/\/atecordoba.org\/index.php?rest_route=\/wp\/v2\/posts"}],"about":[{"href":"https:\/\/atecordoba.org\/index.php?rest_route=\/wp\/v2\/types\/post"}],"author":[{"embeddable":true,"href":"https:\/\/atecordoba.org\/index.php?rest_route=\/wp\/v2\/users\/7"}],"replies":[{"embeddable":true,"href":"https:\/\/atecordoba.org\/index.php?rest_route=%2Fwp%2Fv2%2Fcomments&post=32350"}],"version-history":[{"count":1,"href":"https:\/\/atecordoba.org\/index.php?rest_route=\/wp\/v2\/posts\/32350\/revisions"}],"predecessor-version":[{"id":32354,"href":"https:\/\/atecordoba.org\/index.php?rest_route=\/wp\/v2\/posts\/32350\/revisions\/32354"}],"wp:featuredmedia":[{"embeddable":true,"href":"https:\/\/atecordoba.org\/index.php?rest_route=\/wp\/v2\/media\/32353"}],"wp:attachment":[{"href":"https:\/\/atecordoba.org\/index.php?rest_route=%2Fwp%2Fv2%2Fmedia&parent=32350"}],"wp:term":[{"taxonomy":"category","embeddable":true,"href":"https:\/\/atecordoba.org\/index.php?rest_route=%2Fwp%2Fv2%2Fcategories&post=32350"},{"taxonomy":"post_tag","embeddable":true,"href":"https:\/\/atecordoba.org\/index.php?rest_route=%2Fwp%2Fv2%2Ftags&post=32350"}],"curies":[{"name":"wp","href":"https:\/\/api.w.org\/{rel}","templated":true}]}}