{"id":32342,"date":"2022-06-13T15:02:02","date_gmt":"2022-06-13T18:02:02","guid":{"rendered":"https:\/\/atecordoba.org\/?p=32342"},"modified":"2022-06-13T15:03:25","modified_gmt":"2022-06-13T18:03:25","slug":"traslasierra-se-dicto-un-taller-de-ordenamiento-ambiental-del-bosque-nativo-para-estatales-en-sede-de-ate","status":"publish","type":"post","link":"https:\/\/atecordoba.org\/?p=32342","title":{"rendered":"Traslasierra: se dict\u00f3 un taller de ordenamiento ambiental del bosque nativo para estatales en sede de ATE"},"content":{"rendered":"\n<div class=\"wp-block-image\"><figure class=\"aligncenter size-large is-resized\"><img loading=\"lazy\" decoding=\"async\" src=\"https:\/\/atecordoba.org\/wp-content\/uploads\/2022\/06\/06_10_Bosques_Trasla4-1024x576.jpeg\" alt=\"\" class=\"wp-image-32345\" width=\"768\" height=\"432\" \/><\/figure><\/div>\n\n\n\n<p>En el marco de la pol\u00edtica de formaci\u00f3n para las y los estatales de C\u00f3rdoba, de los \u00e1mbitos nacional, provincial y municipal, el pasado viernes 10 de junio se realiz\u00f3 en sede de la Casa de ATE Traslasierra (Italia 345, Villa Dolores) un taller participativo de capacitaci\u00f3n sobre &#8220;Ordenamiento de Bosque Nativo y Zonas urbano-rurales&#8221;, dictado por la trabajadora de INTA Villa Dolores, Mar\u00eda Lujan Ahumada, investigadora de Conicet, y la doctora en biolog\u00eda Laura Cavallero.<\/p>\n\n\n\n<div class=\"wp-block-image\"><figure class=\"alignleft size-large is-resized\"><img loading=\"lazy\" decoding=\"async\" src=\"https:\/\/atecordoba.org\/wp-content\/uploads\/2022\/06\/Jornada-INTA-Dolores-1024x1024.jpg\" alt=\"\" class=\"wp-image-32346\" width=\"414\" height=\"414\" srcset=\"https:\/\/atecordoba.org\/wp-content\/uploads\/2022\/06\/Jornada-INTA-Dolores-1024x1024.jpg 1024w, https:\/\/atecordoba.org\/wp-content\/uploads\/2022\/06\/Jornada-INTA-Dolores-300x300.jpg 300w, https:\/\/atecordoba.org\/wp-content\/uploads\/2022\/06\/Jornada-INTA-Dolores-150x150.jpg 150w, https:\/\/atecordoba.org\/wp-content\/uploads\/2022\/06\/Jornada-INTA-Dolores-768x768.jpg 768w, https:\/\/atecordoba.org\/wp-content\/uploads\/2022\/06\/Jornada-INTA-Dolores-560x560.jpg 560w, https:\/\/atecordoba.org\/wp-content\/uploads\/2022\/06\/Jornada-INTA-Dolores-75x75.jpg 75w, https:\/\/atecordoba.org\/wp-content\/uploads\/2022\/06\/Jornada-INTA-Dolores-350x350.jpg 350w, https:\/\/atecordoba.org\/wp-content\/uploads\/2022\/06\/Jornada-INTA-Dolores-750x750.jpg 750w, https:\/\/atecordoba.org\/wp-content\/uploads\/2022\/06\/Jornada-INTA-Dolores.jpg 1081w\" sizes=\"auto, (max-width: 414px) 100vw, 414px\" \/><\/figure><\/div>\n\n\n\n<p>La actividad se realiz\u00f3 para dotar a las y los compa\u00f1eros de la regi\u00f3n de herramientas fiables para abordar la grave problem\u00e1tica de extinci\u00f3n del bosque natural cordob\u00e9s en el interior provincial. <\/p>\n\n\n\n<p>En tal sentido, Ahumada explic\u00f3 que &#8220;charlamos sobre de qu\u00e9 se trata la Ley de Bosques y abordando los criterios de sustentabilidad que se utilizan para definir las categor\u00edas de conservaci\u00f3n de los bosques _rojo, verde y amarillo-. A lo cual, seguidamente, los participantes valoraron los criterios y  adaptaron los conceptos a su propio entorno&#8221;.<\/p>\n\n\n\n<p>Desde ATE agradecemos la propuesta de las compa\u00f1eras de INTA, que vienen capacitando organizaciones, instituciones y estamos de gobierno en todo el Valle de Traslasierra, generando conciencia sobre el estado del medio ambiente cordob\u00e9s, y facilitando criterios a las y los estatales para defender un ambiente sustentable. <\/p>\n\n\n\n<p>\u201cFrente a un escenario donde los territorios son espacios de disputa que visibilizan disputas de poder en materia social, ambiental y econ\u00f3mica es importante que trabajadoras y trabajadores organizados cuenten con herramientas para el debate y la planificaci\u00f3n de los territorios y los bienes naturales. Nos encontramos ante una crisis ambiental que demanda que todos los sectores organizados est\u00e9n capacitados para dar lugar a estas discusiones en torno a la distribuci\u00f3n equitativa del uso de los bienes comunes\u201d, explica Ahumada.<\/p>\n","protected":false},"excerpt":{"rendered":"<p>En el marco de la pol\u00edtica de formaci\u00f3n para las y los estatales de C\u00f3rdoba, de los \u00e1mbitos nacional, provincial y municipal, el pasado viernes 10 de junio se realiz\u00f3 en sede de la Casa de ATE Traslasierra (Italia 345, Villa Dolores) un taller participativo de capacitaci\u00f3n sobre &#8220;Ordenamiento de Bosque Nativo y Zonas urbano-rurales&#8221;, [&hellip;]<\/p>\n","protected":false},"author":7,"featured_media":32345,"comment_status":"open","ping_status":"open","sticky":false,"template":"","format":"standard","meta":{"_exactmetrics_skip_tracking":false,"_exactmetrics_sitenote_active":false,"_exactmetrics_sitenote_note":"","_exactmetrics_sitenote_category":0,"jnews-multi-image_gallery":[],"jnews_single_post":{"subtitle":"La actividad se realiz\u00f3 para dotar a las y los compa\u00f1eros de la regi\u00f3n de herramientas fiables para abordar la grave problem\u00e1tica de extinci\u00f3n del bosque natural cordob\u00e9s en el interior provincial. ","format":"standard","video":"","gallery":"","source_name":"","source_url":"","via_name":"","via_url":"","override_template":"0","override":[{"template":"1","single_blog_custom":"","parallax":"1","fullscreen":"1","layout":"right-sidebar","sidebar":"default-sidebar","second_sidebar":"default-sidebar","sticky_sidebar":"1","share_position":"top","share_float_style":"share-monocrhome","show_share_counter":"1","show_view_counter":"1","show_featured":"1","show_post_meta":"1","show_post_author":"1","show_post_author_image":"1","show_post_date":"1","post_date_format":"default","post_date_format_custom":"Y\/m\/d","show_post_category":"1","show_post_reading_time":"0","post_reading_time_wpm":"300","show_zoom_button":"0","zoom_button_out_step":"2","zoom_button_in_step":"3","show_post_tag":"1","show_prev_next_post":"1","show_popup_post":"1","number_popup_post":"1","show_author_box":"0","show_post_related":"0","show_inline_post_related":"0"}],"override_image_size":"0","image_override":[{"single_post_thumbnail_size":"crop-500","single_post_gallery_size":"crop-500"}],"trending_post":"0","trending_post_position":"meta","trending_post_label":"Trending","sponsored_post":"0","sponsored_post_label":"Sponsored by","sponsored_post_name":"","sponsored_post_url":"","sponsored_post_logo_enable":"0","sponsored_post_logo":"","sponsored_post_desc":"","disable_ad":"0"},"jnews_primary_category":{"id":""},"jnews_social_meta":{"fb_title":"","fb_description":"","fb_image":"","twitter_title":"","twitter_description":"","twitter_image":""},"jnews_review":[],"enable_review":"0","type":"percentage","name":"","summary":"","brand":"","sku":"","good":[{"good_text":""}],"bad":[{"bad_text":""}],"score_override":"","override_value":"","rating":[{"rating_text":"","rating_number":"10"}],"price":[{"shop":"","price":"","link":"","icon":""}],"jnews_override_counter":{"override_view_counter":"0","view_counter_number":"0","override_share_counter":"0","share_counter_number":"0","override_like_counter":"0","like_counter_number":"0","override_dislike_counter":"0","dislike_counter_number":"0"},"jnews_post_split":{"enable_post_split":"0","post_split":[{"template":"1","tag":"h2","numbering":"asc","mode":"normal","first":"0","enable_toc":"0","toc_type":"normal"}]},"footnotes":""},"categories":[1056,88],"tags":[1117],"class_list":["post-32342","post","type-post","status-publish","format-standard","has-post-thumbnail","hentry","category-traslasierra","category-formacion","tag-bosque-nativo"],"jetpack_featured_media_url":"https:\/\/atecordoba.org\/wp-content\/uploads\/2022\/06\/06_10_Bosques_Trasla4-e1655143312843.jpeg","_links":{"self":[{"href":"https:\/\/atecordoba.org\/index.php?rest_route=\/wp\/v2\/posts\/32342","targetHints":{"allow":["GET"]}}],"collection":[{"href":"https:\/\/atecordoba.org\/index.php?rest_route=\/wp\/v2\/posts"}],"about":[{"href":"https:\/\/atecordoba.org\/index.php?rest_route=\/wp\/v2\/types\/post"}],"author":[{"embeddable":true,"href":"https:\/\/atecordoba.org\/index.php?rest_route=\/wp\/v2\/users\/7"}],"replies":[{"embeddable":true,"href":"https:\/\/atecordoba.org\/index.php?rest_route=%2Fwp%2Fv2%2Fcomments&post=32342"}],"version-history":[{"count":2,"href":"https:\/\/atecordoba.org\/index.php?rest_route=\/wp\/v2\/posts\/32342\/revisions"}],"predecessor-version":[{"id":32348,"href":"https:\/\/atecordoba.org\/index.php?rest_route=\/wp\/v2\/posts\/32342\/revisions\/32348"}],"wp:featuredmedia":[{"embeddable":true,"href":"https:\/\/atecordoba.org\/index.php?rest_route=\/wp\/v2\/media\/32345"}],"wp:attachment":[{"href":"https:\/\/atecordoba.org\/index.php?rest_route=%2Fwp%2Fv2%2Fmedia&parent=32342"}],"wp:term":[{"taxonomy":"category","embeddable":true,"href":"https:\/\/atecordoba.org\/index.php?rest_route=%2Fwp%2Fv2%2Fcategories&post=32342"},{"taxonomy":"post_tag","embeddable":true,"href":"https:\/\/atecordoba.org\/index.php?rest_route=%2Fwp%2Fv2%2Ftags&post=32342"}],"curies":[{"name":"wp","href":"https:\/\/api.w.org\/{rel}","templated":true}]}}