{"id":32334,"date":"2022-06-13T13:36:24","date_gmt":"2022-06-13T16:36:24","guid":{"rendered":"https:\/\/atecordoba.org\/?p=32334"},"modified":"2022-06-13T13:44:06","modified_gmt":"2022-06-13T16:44:06","slug":"la-cta-autonoma-junto-a-las-trabajadoras-de-paicor-en-la-legislatura-y-le-ministerio-de-la-mujer","status":"publish","type":"post","link":"https:\/\/atecordoba.org\/?p=32334","title":{"rendered":"La CTA Aut\u00f3noma junto a las trabajadoras de PAICOR en la Legislatura y el Ministerio de la Mujer"},"content":{"rendered":"\n<div class=\"wp-block-image\"><figure class=\"aligncenter size-large is-resized\"><img loading=\"lazy\" decoding=\"async\" src=\"https:\/\/atecordoba.org\/wp-content\/uploads\/2022\/06\/PAICOR-1024x576.jpeg\" alt=\"\" class=\"wp-image-32337\" width=\"768\" height=\"432\" \/><\/figure><\/div>\n\n\n\n<p>Esta ma\u00f1ana una delegaci\u00f3n de trabajadoras del PAICOR se present\u00f3 junto a dirigentes de la CTA Aut\u00f3noma en la Legislatura provincial para mantener una reuni\u00f3n con representantes de la oposici\u00f3n a los fines de trasladar la urgente problem\u00e1tica de las trabajadoras del sector, que alcanzan las 6 mil compa\u00f1eras en toda la provincia de C\u00f3rdoba.<\/p>\n\n\n\n<p>Se trata de dependientas del programa social m\u00e1s importante del Gobierno cordob\u00e9s, que a trav\u00e9s de una dieta escolar da de comer a 350 mil chicos y chicas de los establecimientos educativos estatales de las provincia.<\/p>\n\n\n\n<p>En la oportunidad, la reuni\u00f3n se llev\u00f3 a cabo con la legisladora de Izquierda Socialista -FIT, Noelia Arg\u00fcello, y su par de la Uni\u00f3n C\u00edvica Radical, Dante Rossi, junto a representantes de otros partidos pol\u00edticos, todos alarmados por la grave situaci\u00f3n que atraviesa estas trabajadoras que cumplen un rol primordial en la contenci\u00f3n de nuestras infancias y juventudes.<\/p>\n\n\n\n<figure class=\"wp-block-gallery has-nested-images columns-default is-cropped wp-block-gallery-1 is-layout-flex wp-block-gallery-is-layout-flex\">\n<figure class=\"wp-block-image size-large\"><img loading=\"lazy\" decoding=\"async\" width=\"1024\" height=\"576\" data-id=\"32338\" src=\"https:\/\/atecordoba.org\/wp-content\/uploads\/2022\/06\/PAICOR3-1024x576.jpeg\" alt=\"\" class=\"wp-image-32338\" srcset=\"https:\/\/atecordoba.org\/wp-content\/uploads\/2022\/06\/PAICOR3-1024x576.jpeg 1024w, https:\/\/atecordoba.org\/wp-content\/uploads\/2022\/06\/PAICOR3-300x169.jpeg 300w, https:\/\/atecordoba.org\/wp-content\/uploads\/2022\/06\/PAICOR3-768x432.jpeg 768w, https:\/\/atecordoba.org\/wp-content\/uploads\/2022\/06\/PAICOR3-1536x864.jpeg 1536w, https:\/\/atecordoba.org\/wp-content\/uploads\/2022\/06\/PAICOR3-750x422.jpeg 750w, https:\/\/atecordoba.org\/wp-content\/uploads\/2022\/06\/PAICOR3-1140x641.jpeg 1140w, https:\/\/atecordoba.org\/wp-content\/uploads\/2022\/06\/PAICOR3.jpeg 1600w\" sizes=\"auto, (max-width: 1024px) 100vw, 1024px\" \/><\/figure>\n\n\n\n<figure class=\"wp-block-image size-large\"><img loading=\"lazy\" decoding=\"async\" width=\"1024\" height=\"576\" data-id=\"32339\" src=\"https:\/\/atecordoba.org\/wp-content\/uploads\/2022\/06\/PAICOR2-1024x576.jpeg\" alt=\"\" class=\"wp-image-32339\" srcset=\"https:\/\/atecordoba.org\/wp-content\/uploads\/2022\/06\/PAICOR2-1024x576.jpeg 1024w, https:\/\/atecordoba.org\/wp-content\/uploads\/2022\/06\/PAICOR2-300x169.jpeg 300w, https:\/\/atecordoba.org\/wp-content\/uploads\/2022\/06\/PAICOR2-768x432.jpeg 768w, https:\/\/atecordoba.org\/wp-content\/uploads\/2022\/06\/PAICOR2-1536x864.jpeg 1536w, https:\/\/atecordoba.org\/wp-content\/uploads\/2022\/06\/PAICOR2-750x422.jpeg 750w, https:\/\/atecordoba.org\/wp-content\/uploads\/2022\/06\/PAICOR2-1140x641.jpeg 1140w, https:\/\/atecordoba.org\/wp-content\/uploads\/2022\/06\/PAICOR2.jpeg 1600w\" sizes=\"auto, (max-width: 1024px) 100vw, 1024px\" \/><\/figure>\n<\/figure>\n\n\n\n<p>&#8220;Las compa\u00f1eras reclaman una registraci\u00f3n laboral y que dejen de estar en situaci\u00f3n precarizada&#8221;, explic\u00f3 el dirigente de la CTAA C\u00e9sar Thaux, tras salir de la reuni\u00f3n.<\/p>\n\n\n\n<p>La precarizaci\u00f3n llega al punto que algunas compa\u00f1eras dependen del Ministerio de Educaci\u00f3n pero otras tienen su v\u00ednculo laboral a trav\u00e9s de los los intendentes y jefes comunales del interior provincial, cobrando sueldos de 16 mil pesos donde les descuentan el aporte a APROSS pero no pueden agregar a su familia para la cobertura. Adem\u00e1s, si tienen accidentes de trabajo y faltan a su puesto tienen que buscar su reemplazo para que no se caiga su programa.<\/p>\n\n\n\n<p>Estuvieron presentes trabajadoras de localidades como Arroyito, Alta Gracia, Valle Hermoso, San Clemente, Pilar, R\u00edo Tercero y Villa Ciudad de Am\u00e9rica, entre otras.<\/p>\n\n\n\n<p><strong>Ministerio de la Mujer<\/strong><\/p>\n\n\n\n<p>Seguidamente, la comitiva se traslad\u00f3 la Ministerio de la Mujer, donde mantuvo una reuni\u00f3n con la directora General de Violencias, Bel\u00e9n Sueldo. <\/p>\n\n\n\n<p>&#8220;La funcionaria dijo que no es su competencia pero desde la CTAA creemos que si lo es, porque se est\u00e1n violentando los derechos humanos y laborales de la mujer&#8221;, sentenci\u00f3 Theaux. <\/p>\n","protected":false},"excerpt":{"rendered":"<p>Esta ma\u00f1ana una delegaci\u00f3n de trabajadoras del PAICOR se present\u00f3 junto a dirigentes de la CTA Aut\u00f3noma en la Legislatura provincial para mantener una reuni\u00f3n con representantes de la oposici\u00f3n a los fines de trasladar la urgente problem\u00e1tica de las trabajadoras del sector, que alcanzan las 6 mil compa\u00f1eras en toda la provincia de C\u00f3rdoba. [&hellip;]<\/p>\n","protected":false},"author":7,"featured_media":32337,"comment_status":"open","ping_status":"open","sticky":false,"template":"","format":"standard","meta":{"_exactmetrics_skip_tracking":false,"_exactmetrics_sitenote_active":false,"_exactmetrics_sitenote_note":"","_exactmetrics_sitenote_category":0,"jnews-multi-image_gallery":[],"jnews_single_post":{"subtitle":"Son alrededor de 6 mil trabajadoras en toda las provincia que le dan de comer a 350 mil chicas y chicos de las escuelas estatales cordobesas y cobran sueldos de 16 mil pesos.","format":"standard","video":"","gallery":"","source_name":"","source_url":"","via_name":"","via_url":"","override_template":"0","override":[{"template":"1","single_blog_custom":"","parallax":"1","fullscreen":"1","layout":"right-sidebar","sidebar":"default-sidebar","second_sidebar":"default-sidebar","sticky_sidebar":"1","share_position":"top","share_float_style":"share-monocrhome","show_share_counter":"1","show_view_counter":"1","show_featured":"1","show_post_meta":"1","show_post_author":"1","show_post_author_image":"1","show_post_date":"1","post_date_format":"default","post_date_format_custom":"Y\/m\/d","show_post_category":"1","show_post_reading_time":"0","post_reading_time_wpm":"300","show_zoom_button":"0","zoom_button_out_step":"2","zoom_button_in_step":"3","show_post_tag":"1","show_prev_next_post":"1","show_popup_post":"1","number_popup_post":"1","show_author_box":"0","show_post_related":"0","show_inline_post_related":"0"}],"override_image_size":"0","image_override":[{"single_post_thumbnail_size":"crop-500","single_post_gallery_size":"crop-500"}],"trending_post":"0","trending_post_position":"meta","trending_post_label":"Trending","sponsored_post":"0","sponsored_post_label":"Sponsored by","sponsored_post_name":"","sponsored_post_url":"","sponsored_post_logo_enable":"0","sponsored_post_logo":"","sponsored_post_desc":"","disable_ad":"0"},"jnews_primary_category":{"id":""},"jnews_social_meta":{"fb_title":"","fb_description":"","fb_image":"","twitter_title":"","twitter_description":"","twitter_image":""},"jnews_review":[],"enable_review":"0","type":"percentage","name":"","summary":"","brand":"","sku":"","good":[{"good_text":""}],"bad":[{"bad_text":""}],"score_override":"","override_value":"","rating":[{"rating_text":"","rating_number":"10"}],"price":[{"shop":"","price":"","link":"","icon":""}],"jnews_override_counter":{"override_view_counter":"0","view_counter_number":"0","override_share_counter":"0","share_counter_number":"0","override_like_counter":"0","like_counter_number":"0","override_dislike_counter":"0","dislike_counter_number":"0"},"jnews_post_split":{"enable_post_split":"0","post_split":[{"template":"1","tag":"h2","numbering":"asc","mode":"normal","first":"0","enable_toc":"0","toc_type":"normal"}]},"footnotes":""},"categories":[92],"tags":[606,763,1141],"class_list":["post-32334","post","type-post","status-publish","format-standard","has-post-thumbnail","hentry","category-cta","tag-legislatura","tag-ministerio-de-la-mujer","tag-paicor"],"jetpack_featured_media_url":"https:\/\/atecordoba.org\/wp-content\/uploads\/2022\/06\/PAICOR-e1655138637936.jpeg","_links":{"self":[{"href":"https:\/\/atecordoba.org\/index.php?rest_route=\/wp\/v2\/posts\/32334","targetHints":{"allow":["GET"]}}],"collection":[{"href":"https:\/\/atecordoba.org\/index.php?rest_route=\/wp\/v2\/posts"}],"about":[{"href":"https:\/\/atecordoba.org\/index.php?rest_route=\/wp\/v2\/types\/post"}],"author":[{"embeddable":true,"href":"https:\/\/atecordoba.org\/index.php?rest_route=\/wp\/v2\/users\/7"}],"replies":[{"embeddable":true,"href":"https:\/\/atecordoba.org\/index.php?rest_route=%2Fwp%2Fv2%2Fcomments&post=32334"}],"version-history":[{"count":2,"href":"https:\/\/atecordoba.org\/index.php?rest_route=\/wp\/v2\/posts\/32334\/revisions"}],"predecessor-version":[{"id":32341,"href":"https:\/\/atecordoba.org\/index.php?rest_route=\/wp\/v2\/posts\/32334\/revisions\/32341"}],"wp:featuredmedia":[{"embeddable":true,"href":"https:\/\/atecordoba.org\/index.php?rest_route=\/wp\/v2\/media\/32337"}],"wp:attachment":[{"href":"https:\/\/atecordoba.org\/index.php?rest_route=%2Fwp%2Fv2%2Fmedia&parent=32334"}],"wp:term":[{"taxonomy":"category","embeddable":true,"href":"https:\/\/atecordoba.org\/index.php?rest_route=%2Fwp%2Fv2%2Fcategories&post=32334"},{"taxonomy":"post_tag","embeddable":true,"href":"https:\/\/atecordoba.org\/index.php?rest_route=%2Fwp%2Fv2%2Ftags&post=32334"}],"curies":[{"name":"wp","href":"https:\/\/api.w.org\/{rel}","templated":true}]}}