{"id":32327,"date":"2022-06-13T11:03:30","date_gmt":"2022-06-13T14:03:30","guid":{"rendered":"https:\/\/atecordoba.org\/?p=32327"},"modified":"2022-06-13T11:58:45","modified_gmt":"2022-06-13T14:58:45","slug":"villa-carlos-paz-ate-repudia-la-pauta-salarial-a-la-baja-para-el-2022-de-gomez-gesteira","status":"publish","type":"post","link":"https:\/\/atecordoba.org\/?p=32327","title":{"rendered":"Villa Carlos Paz: preocupaci\u00f3n por la pauta salarial a la baja para el 2022 de G\u00f3mez Gesteira"},"content":{"rendered":"\n<div class=\"wp-block-image\"><figure class=\"alignleft size-full is-resized\"><img loading=\"lazy\" decoding=\"async\" src=\"https:\/\/atecordoba.org\/wp-content\/uploads\/2022\/06\/gesteira.png\" alt=\"\" class=\"wp-image-32328\" width=\"602\" height=\"350\" \/><figcaption>El intendente de Villa Carlos Paz, Daniel G\u00f3mez Gesteira, siempre a la baja.<\/figcaption><\/figure><\/div>\n\n\n\n<p>ATE C\u00f3rdoba sali\u00f3 a repudiar el acuerdo salarial gestado entre el Ejecutivo Municipal de Villa Carlos Paz y el sindicato municipal local, pauta absolutamente a la baja que significa un 45% hasta fin de a\u00f1o.<\/p>\n\n\n\n<p>De esta forma, en la pr\u00e1ctica, la paritaria implica una reducci\u00f3n salarial de entre el 20 y el 25% de los salarios, situaci\u00f3n absolutamente inaceptable por las y los trabajadores municipales. <\/p>\n\n\n\n<p>El mismo tiempo hay que denunciar la entrega de los intereses de los trabajadores que realiza el gremio municipal con la firma de la pauta, confirmando una vez m\u00e1s que es una organizaci\u00f3n que funciona para canalizar los intereses del patr\u00f3n y en contra del conjunto del personal municipal. <\/p>\n\n\n\n<p>En lo concreto, el acuerdo implica una recomposici\u00f3n del 10% en julio, 10% en agosto, 5% en septiembre, 10% en octubre y 10% en noviembre, completando un 45% para lo que va del a\u00f1o. <\/p>\n\n\n\n<p>Ese porcentaje de aumento se encuentra a todas luces muy por debajo de una inflaci\u00f3n anual que se estima no menos del 65-70%, y que en el rubro espec\u00edfico de alimentos alcanza nivel m\u00e1s altos a\u00fan.<\/p>\n\n\n\n<p>En ese marco, resulta evidente por qu\u00e9 el intendente Daniel G\u00f3mez Gesteira se niega a convocar a ATE a ser parte de la mesa paritaria, donde logra cerrar acuerdos con el sindicato municipal a su gusto. <\/p>\n\n\n\n<p>Cabe informar, que al mismo tiempo, el Ejecutivo de Villa Carlos Paz <a href=\"https:\/\/atecordoba.org\/?p=30099\">no se present\u00f3 en ninguna de las audiencias convocadas por el Ministerio de Trabajo<\/a> para resolver el conflicto y garantizar el derecho de las y los municipales a contar con una representaci\u00f3n sindical genuina conforme de voluntad e intereses. <\/p>\n\n\n\n<p>Desde ATE llamamos a organizar a todos los sectores municipales para detener este ajuste de nuestros ingresos.<\/p>\n\n\n\n<div class=\"wp-block-image\"><figure class=\"aligncenter size-large is-resized\"><img loading=\"lazy\" decoding=\"async\" src=\"https:\/\/atecordoba.org\/wp-content\/uploads\/2022\/06\/WhatsApp-Image-2022-06-10-at-1.52.33-PM-611x1024.jpeg\" alt=\"\" class=\"wp-image-32329\" width=\"611\" height=\"1024\" srcset=\"https:\/\/atecordoba.org\/wp-content\/uploads\/2022\/06\/WhatsApp-Image-2022-06-10-at-1.52.33-PM-611x1024.jpeg 611w, https:\/\/atecordoba.org\/wp-content\/uploads\/2022\/06\/WhatsApp-Image-2022-06-10-at-1.52.33-PM-179x300.jpeg 179w, https:\/\/atecordoba.org\/wp-content\/uploads\/2022\/06\/WhatsApp-Image-2022-06-10-at-1.52.33-PM-750x1257.jpeg 750w, https:\/\/atecordoba.org\/wp-content\/uploads\/2022\/06\/WhatsApp-Image-2022-06-10-at-1.52.33-PM.jpeg 764w\" sizes=\"auto, (max-width: 611px) 100vw, 611px\" \/><\/figure><\/div>\n\n\n\n<p><\/p>\n","protected":false},"excerpt":{"rendered":"<p>ATE C\u00f3rdoba sali\u00f3 a repudiar el acuerdo salarial gestado entre el Ejecutivo Municipal de Villa Carlos Paz y el sindicato municipal local, pauta absolutamente a la baja que significa un 45% hasta fin de a\u00f1o. De esta forma, en la pr\u00e1ctica, la paritaria implica una reducci\u00f3n salarial de entre el 20 y el 25% de [&hellip;]<\/p>\n","protected":false},"author":7,"featured_media":32328,"comment_status":"open","ping_status":"open","sticky":false,"template":"","format":"standard","meta":{"_exactmetrics_skip_tracking":false,"_exactmetrics_sitenote_active":false,"_exactmetrics_sitenote_note":"","_exactmetrics_sitenote_category":0,"jnews-multi-image_gallery":[],"jnews_single_post":{"subtitle":"El porcentaje de aumento se encuentra a todas luces muy por debajo de una inflaci\u00f3n anual que se estima no menos del 65-70%, y que en el rubro espec\u00edfico de alimentos alcanza nivel m\u00e1s altos a\u00fan.","format":"standard","video":"","gallery":"","source_name":"","source_url":"","via_name":"","via_url":"","override_template":"0","override":[{"template":"1","single_blog_custom":"","parallax":"1","fullscreen":"1","layout":"right-sidebar","sidebar":"default-sidebar","second_sidebar":"default-sidebar","sticky_sidebar":"1","share_position":"top","share_float_style":"share-monocrhome","show_share_counter":"1","show_view_counter":"1","show_featured":"1","show_post_meta":"1","show_post_author":"1","show_post_author_image":"1","show_post_date":"1","post_date_format":"default","post_date_format_custom":"Y\/m\/d","show_post_category":"1","show_post_reading_time":"0","post_reading_time_wpm":"300","show_zoom_button":"0","zoom_button_out_step":"2","zoom_button_in_step":"3","show_post_tag":"1","show_prev_next_post":"1","show_popup_post":"1","number_popup_post":"1","show_author_box":"0","show_post_related":"0","show_inline_post_related":"0"}],"override_image_size":"0","image_override":[{"single_post_thumbnail_size":"crop-500","single_post_gallery_size":"crop-500"}],"trending_post":"0","trending_post_position":"meta","trending_post_label":"Trending","sponsored_post":"0","sponsored_post_label":"Sponsored by","sponsored_post_name":"","sponsored_post_url":"","sponsored_post_logo_enable":"0","sponsored_post_logo":"","sponsored_post_desc":"","disable_ad":"0"},"jnews_primary_category":{"id":""},"jnews_social_meta":{"fb_title":"","fb_description":"","fb_image":"","twitter_title":"","twitter_description":"","twitter_image":""},"jnews_review":[],"enable_review":"0","type":"percentage","name":"","summary":"","brand":"","sku":"","good":[{"good_text":""}],"bad":[{"bad_text":""}],"score_override":"","override_value":"","rating":[{"rating_text":"","rating_number":"10"}],"price":[{"shop":"","price":"","link":"","icon":""}],"jnews_override_counter":{"override_view_counter":"0","view_counter_number":"0","override_share_counter":"0","share_counter_number":"0","override_like_counter":"0","like_counter_number":"0","override_dislike_counter":"0","dislike_counter_number":"0"},"jnews_post_split":{"enable_post_split":"0","post_split":[{"template":"1","tag":"h2","numbering":"asc","mode":"normal","first":"0","enable_toc":"0","toc_type":"normal"}]},"footnotes":""},"categories":[20,1],"tags":[640,737],"class_list":["post-32327","post","type-post","status-publish","format-standard","has-post-thumbnail","hentry","category-municipales","category-sin-categoria","tag-rechazo-a-la-pauta-salarial","tag-villa-carlos-paz"],"jetpack_featured_media_url":"https:\/\/atecordoba.org\/wp-content\/uploads\/2022\/06\/gesteira-e1655129471955.png","_links":{"self":[{"href":"https:\/\/atecordoba.org\/index.php?rest_route=\/wp\/v2\/posts\/32327","targetHints":{"allow":["GET"]}}],"collection":[{"href":"https:\/\/atecordoba.org\/index.php?rest_route=\/wp\/v2\/posts"}],"about":[{"href":"https:\/\/atecordoba.org\/index.php?rest_route=\/wp\/v2\/types\/post"}],"author":[{"embeddable":true,"href":"https:\/\/atecordoba.org\/index.php?rest_route=\/wp\/v2\/users\/7"}],"replies":[{"embeddable":true,"href":"https:\/\/atecordoba.org\/index.php?rest_route=%2Fwp%2Fv2%2Fcomments&post=32327"}],"version-history":[{"count":3,"href":"https:\/\/atecordoba.org\/index.php?rest_route=\/wp\/v2\/posts\/32327\/revisions"}],"predecessor-version":[{"id":32333,"href":"https:\/\/atecordoba.org\/index.php?rest_route=\/wp\/v2\/posts\/32327\/revisions\/32333"}],"wp:featuredmedia":[{"embeddable":true,"href":"https:\/\/atecordoba.org\/index.php?rest_route=\/wp\/v2\/media\/32328"}],"wp:attachment":[{"href":"https:\/\/atecordoba.org\/index.php?rest_route=%2Fwp%2Fv2%2Fmedia&parent=32327"}],"wp:term":[{"taxonomy":"category","embeddable":true,"href":"https:\/\/atecordoba.org\/index.php?rest_route=%2Fwp%2Fv2%2Fcategories&post=32327"},{"taxonomy":"post_tag","embeddable":true,"href":"https:\/\/atecordoba.org\/index.php?rest_route=%2Fwp%2Fv2%2Ftags&post=32327"}],"curies":[{"name":"wp","href":"https:\/\/api.w.org\/{rel}","templated":true}]}}