{"id":32308,"date":"2022-06-10T12:29:27","date_gmt":"2022-06-10T15:29:27","guid":{"rendered":"https:\/\/atecordoba.org\/?p=32308"},"modified":"2022-06-10T13:18:27","modified_gmt":"2022-06-10T16:18:27","slug":"logro-de-ate-un-trabajador-de-senasa-cordoba-logra-una-licencia-maternal-para-atender-a-su-hijo-recien-nacido","status":"publish","type":"post","link":"https:\/\/atecordoba.org\/?p=32308","title":{"rendered":"Logro de ATE: un trabajador de SENASA C\u00f3rdoba logra una licencia por paternidad de 100 d\u00edas para atender a su hijo reci\u00e9n nacido"},"content":{"rendered":"\n<div class=\"wp-block-image is-style-default\"><figure class=\"alignleft size-full\"><img loading=\"lazy\" decoding=\"async\" width=\"440\" height=\"637\" src=\"https:\/\/atecordoba.org\/wp-content\/uploads\/2022\/06\/persico-gaston.jpg\" alt=\"\" class=\"wp-image-32309\" srcset=\"https:\/\/atecordoba.org\/wp-content\/uploads\/2022\/06\/persico-gaston.jpg 440w, https:\/\/atecordoba.org\/wp-content\/uploads\/2022\/06\/persico-gaston-207x300.jpg 207w\" sizes=\"auto, (max-width: 440px) 100vw, 440px\" \/><\/figure><\/div>\n\n\n\n<p>Un trabajador que cumple funciones en el Centro Regional de SENASA C\u00f3rdoba recibi\u00f3 una licencia de 100 d\u00edas para poder cuidar a su hijo reci\u00e9n nacido, al igual que podr\u00eda corresponder a una madre, a partir de una resoluci\u00f3n realizada por la presidenta del organismo, Diana Guill\u00e9n, y a instancias de ATE.<\/p>\n\n\n\n<p>El compa\u00f1ero Gast\u00f3n Persico es ingeniero agr\u00f3nomo y su caso trascendi\u00f3 en el pa\u00eds a partir de que se trata de un var\u00f3n homosexual casado que tuvo un hijo por medio del m\u00e9todo de vientre subrogado y que demand\u00f3 acceder al mismo periodo de licencia que tiene una madre para la legislaci\u00f3n laboral nacional, a los fines de realizar los cuidados de su hijo.<\/p>\n\n\n\n<p>La resoluci\u00f3n se enmarca en el enfoque de g\u00e9nero provisto, entre otras herramientas por la Ley Micaela, y en la decisi\u00f3n de impulsar la no discriminaci\u00f3n y la igualdad ante la ley para personas que, sin ser gestantes, pueden tomar el \u201crol materno\u201d en la crianza de un hijo reci\u00e9n nacido. &#8220;La decisi\u00f3n institucional se fundamenta en la necesidad de avanzar en &#8216;los derechos conquistados'&#8221;, detall\u00f3 Guill\u00e9n. Y apunt\u00f3 que &#8220;hay un camino que lleva a la ampliaci\u00f3n de derechos y al debate desde la perspectiva de g\u00e9nero y diversidad sexual &#8211;argumenta&#8211;, entre los cuales un hito importante es la sanci\u00f3n de la Ley 27.499, conocida como Ley Micaela&#8221;. Y reflexiona en torno a los nuevos modelos de familia \u201csobre la necesidad de atender no solo a los derechos del trabajador, tambi\u00e9n a los del reci\u00e9n nacido\u201d.<\/p>\n\n\n\n<p>P\u00e9sico est\u00e1 casado con Nicol\u00e1s Molina desde 2017 y vive en R\u00edo Ceballos.<\/p>\n\n\n\n<p>&#8220;Hicimos una demanda judicial previa y en enero, cuando estuvo en marcha el proceso de gestaci\u00f3n, present\u00e9 una nota en Recursos Humanos de SENASA. Con ayuda de ATE esto escal\u00f3 hasta la presidenta Gillen, que finalmente habilit\u00f3 que me autoricen y hoy en d\u00eda estoy en uso de la licencia&#8221;, explic\u00f3 el compa\u00f1ero.<\/p>\n\n\n\n<p>&#8220;La licencia de 100 d\u00edas al padre que \u201cejercer\u00e1 el rol materno\u201d &#8211;indica la norma&#8211;, es hoy un nuevo hito en la conquista de derechos laborales. No s\u00f3lo para el SENASA sino para la administraci\u00f3n p\u00fablica nacional. Y se define, explican desde el departamento jur\u00eddico del organismo, por la necesidad de \u201cproteger el inter\u00e9s superior de los menores&nbsp;y garantizar la consecuci\u00f3n de los derechos y obligaciones que los trabajadores y trabajadoras tienen en el \u00e1mbito de sus responsabilidades parentales con ellos\u201d, explic\u00f3 al respecto el diario porte\u00f1o P\u00e1gina\/12.<\/p>\n\n\n\n<p>P\u00e9rsico afirma que en di\u00e1logo con la prensa que &#8220;hab\u00eda un vac\u00edo legal. Y hubo funcionarios dedicados a atender el pedido, positivamente, atentos a los tiempos que corren. La subrogaci\u00f3n de vientre no est\u00e1 reglamentada y que las licencias por nacimiento que est\u00e1n contempladas legalmente no est\u00e1n adecuadas a los nuevos tipos de familia. Hace falta una ley espec\u00edfica que regule esta realidad y que adecue la cobertura de las obras sociales y los beneficios de la normativa laboral a familias subrogantes&#8221;.<\/p>\n\n\n\n<p><\/p>\n","protected":false},"excerpt":{"rendered":"<p>Un trabajador que cumple funciones en el Centro Regional de SENASA C\u00f3rdoba recibi\u00f3 una licencia de 100 d\u00edas para poder cuidar a su hijo reci\u00e9n nacido, al igual que podr\u00eda corresponder a una madre, a partir de una resoluci\u00f3n realizada por la presidenta del organismo, Diana Guill\u00e9n, y a instancias de ATE. El compa\u00f1ero Gast\u00f3n [&hellip;]<\/p>\n","protected":false},"author":7,"featured_media":32317,"comment_status":"open","ping_status":"open","sticky":false,"template":"","format":"standard","meta":{"_exactmetrics_skip_tracking":false,"_exactmetrics_sitenote_active":false,"_exactmetrics_sitenote_note":"","_exactmetrics_sitenote_category":0,"jnews-multi-image_gallery":[],"jnews_single_post":{"subtitle":"Desde ATE SENASA se impuls\u00f3 el beneficio para que el ni\u00f1o reci\u00e9n nacido tenga el mismo derecho que otros beb\u00e9s en su condici\u00f3n a recibir el cuidado familiar.","format":"standard","video":"","gallery":"","source_name":"","source_url":"","via_name":"","via_url":"","override_template":"0","override":[{"template":"1","single_blog_custom":"","parallax":"1","fullscreen":"1","layout":"right-sidebar","sidebar":"default-sidebar","second_sidebar":"default-sidebar","sticky_sidebar":"1","share_position":"top","share_float_style":"share-monocrhome","show_share_counter":"1","show_view_counter":"1","show_featured":"1","show_post_meta":"1","show_post_author":"1","show_post_author_image":"1","show_post_date":"1","post_date_format":"default","post_date_format_custom":"Y\/m\/d","show_post_category":"1","show_post_reading_time":"0","post_reading_time_wpm":"300","show_zoom_button":"0","zoom_button_out_step":"2","zoom_button_in_step":"3","show_post_tag":"1","show_prev_next_post":"1","show_popup_post":"1","number_popup_post":"1","show_author_box":"0","show_post_related":"0","show_inline_post_related":"0"}],"override_image_size":"0","image_override":[{"single_post_thumbnail_size":"crop-500","single_post_gallery_size":"crop-500"}],"trending_post":"0","trending_post_position":"meta","trending_post_label":"Trending","sponsored_post":"0","sponsored_post_label":"Sponsored by","sponsored_post_name":"","sponsored_post_url":"","sponsored_post_logo_enable":"0","sponsored_post_logo":"","sponsored_post_desc":"","disable_ad":"0"},"jnews_primary_category":{"id":""},"jnews_social_meta":{"fb_title":"G\u00e9neros y diversidades: Un trabajador de SENASA C\u00f3rdoba logra una licencia maternal para atender a su hijo reci\u00e9n nacido","fb_description":"","fb_image":"","twitter_title":"","twitter_description":"","twitter_image":""},"jnews_review":[],"enable_review":"0","type":"percentage","name":"","summary":"","brand":"","sku":"","good":[{"good_text":""}],"bad":[{"bad_text":""}],"score_override":"","override_value":"","rating":[{"rating_text":"","rating_number":"10"}],"price":[{"shop":"","price":"","link":"","icon":""}],"jnews_override_counter":{"override_view_counter":"0","view_counter_number":"0","override_share_counter":"0","share_counter_number":"0","override_like_counter":"0","like_counter_number":"0","override_dislike_counter":"0","dislike_counter_number":"0"},"jnews_post_split":{"enable_post_split":"0","post_split":[{"template":"1","tag":"h2","numbering":"asc","mode":"normal","first":"0","enable_toc":"0","toc_type":"normal"}]},"footnotes":""},"categories":[325,18],"tags":[1138,46],"class_list":["post-32308","post","type-post","status-publish","format-standard","has-post-thumbnail","hentry","category-generos-y-diversidades","category-nacionales","tag-licencia-maternal-para-un-varon","tag-senasa"],"jetpack_featured_media_url":"https:\/\/atecordoba.org\/wp-content\/uploads\/2022\/06\/sede-de-senasa-san-juan-678x381-678x375-1-e1654877901454.jpg","_links":{"self":[{"href":"https:\/\/atecordoba.org\/index.php?rest_route=\/wp\/v2\/posts\/32308","targetHints":{"allow":["GET"]}}],"collection":[{"href":"https:\/\/atecordoba.org\/index.php?rest_route=\/wp\/v2\/posts"}],"about":[{"href":"https:\/\/atecordoba.org\/index.php?rest_route=\/wp\/v2\/types\/post"}],"author":[{"embeddable":true,"href":"https:\/\/atecordoba.org\/index.php?rest_route=\/wp\/v2\/users\/7"}],"replies":[{"embeddable":true,"href":"https:\/\/atecordoba.org\/index.php?rest_route=%2Fwp%2Fv2%2Fcomments&post=32308"}],"version-history":[{"count":3,"href":"https:\/\/atecordoba.org\/index.php?rest_route=\/wp\/v2\/posts\/32308\/revisions"}],"predecessor-version":[{"id":32315,"href":"https:\/\/atecordoba.org\/index.php?rest_route=\/wp\/v2\/posts\/32308\/revisions\/32315"}],"wp:featuredmedia":[{"embeddable":true,"href":"https:\/\/atecordoba.org\/index.php?rest_route=\/wp\/v2\/media\/32317"}],"wp:attachment":[{"href":"https:\/\/atecordoba.org\/index.php?rest_route=%2Fwp%2Fv2%2Fmedia&parent=32308"}],"wp:term":[{"taxonomy":"category","embeddable":true,"href":"https:\/\/atecordoba.org\/index.php?rest_route=%2Fwp%2Fv2%2Fcategories&post=32308"},{"taxonomy":"post_tag","embeddable":true,"href":"https:\/\/atecordoba.org\/index.php?rest_route=%2Fwp%2Fv2%2Ftags&post=32308"}],"curies":[{"name":"wp","href":"https:\/\/api.w.org\/{rel}","templated":true}]}}