{"id":32266,"date":"2022-06-09T12:12:32","date_gmt":"2022-06-09T15:12:32","guid":{"rendered":"https:\/\/atecordoba.org\/?p=32266"},"modified":"2022-06-09T12:16:36","modified_gmt":"2022-06-09T15:16:36","slug":"16-de-junio-organizaciones-se-preparan-para-el-paro-provincial-de-la-ctaa-conjuntamente-con-la-jornada-nacional-de-protesta-piquetera","status":"publish","type":"post","link":"https:\/\/atecordoba.org\/?p=32266","title":{"rendered":"16 de junio:  organizaciones se preparan para el paro provincial de la CTAA conjuntamente con la jornada nacional de protesta piquetera"},"content":{"rendered":"\n<div class=\"wp-block-image is-style-default\"><figure class=\"aligncenter size-large is-resized\"><img loading=\"lazy\" decoding=\"async\" src=\"https:\/\/atecordoba.org\/wp-content\/uploads\/2022\/06\/plano-amplio-1024x460.jpeg\" alt=\"\" class=\"wp-image-32164\" width=\"768\" height=\"345\" srcset=\"https:\/\/atecordoba.org\/wp-content\/uploads\/2022\/06\/plano-amplio-1024x460.jpeg 1024w, https:\/\/atecordoba.org\/wp-content\/uploads\/2022\/06\/plano-amplio-300x135.jpeg 300w, https:\/\/atecordoba.org\/wp-content\/uploads\/2022\/06\/plano-amplio-768x345.jpeg 768w, https:\/\/atecordoba.org\/wp-content\/uploads\/2022\/06\/plano-amplio-1536x690.jpeg 1536w, https:\/\/atecordoba.org\/wp-content\/uploads\/2022\/06\/plano-amplio-750x337.jpeg 750w, https:\/\/atecordoba.org\/wp-content\/uploads\/2022\/06\/plano-amplio-1140x512.jpeg 1140w, https:\/\/atecordoba.org\/wp-content\/uploads\/2022\/06\/plano-amplio.jpeg 1600w\" sizes=\"auto, (max-width: 768px) 100vw, 768px\" \/><\/figure><\/div>\n\n\n\n<p>El Plenario de Organizaciones en lucha defini\u00f3 la semana pasada impulsar un paro provincial de la CTAA para el pr\u00f3ximo 16 de junio, conjuntamente a la Jornada Nacional de Lucha que la Unidad Piquetera tiene previsto realizar en todo todo el pa\u00eds.<\/p>\n\n\n\n<p>En ese marco, el programa radial Entre Todos y Todas, que la Secretar\u00eda de Prensa de ATE C\u00f3rdoba emite los martes a las 18 horas por GENFM 107.5, entrevist\u00f3 a la dirigenta Silvia Alcoba, coordinadora provincial de la Federaci\u00f3n Nacional Territorial (FENAT-CTAA), y a Emanuel Berardo, referente del Polo Obrero, para conocer y difundir los fundamentos de la protesta. <\/p>\n\n\n\n<p>Consultado sobre el contexto de la protesta, Berardo dijo que &#8220;el proceso de lucha se viene dando desde hace a\u00f1os, atraves\u00f3 toda la pandemia pero ya se arrastraba desde el gobierno de Macri que agudiza una desocupaci\u00f3n encadenada desde el gobierno de Cristina Kirchner. Esto llev\u00f3 a la generalizaci\u00f3n de los conflictos cuando el gobierno de Alberto Fern\u00e1ndez dice que viene a llenar las heladeras. Ahora, como dicen los compa\u00f1eros, est\u00e1n m\u00e1s vac\u00edas que antes&#8221;.<\/p>\n\n\n\n<p>&#8220;Durante lo peor de la pandemia, en los barrios las y los trabajadores precarizados, que se dedican a las changas \u2013como hace buena parte de la clase trabajadora de nuestro pa\u00eds-, tuvieron que sobrevivir con un IFE realmente miserable de 5 mil pesos por mes. Cuando se vio en los barrios que as\u00ed no se pod\u00eda sobrevivir, y que la alternativa era salir a la calle a ganar un mango o quedarte en tu casa viendo a los chicos llorar de hambre, evidentemente la gente sali\u00f3 a la calle y as\u00ed fueron culpados de los contagios&#8221;, a\u00f1adi\u00f3.<\/p>\n\n\n\n<p>El dirigente dijo que este panorama marca de cuerpo entero al gobierno nacional, ya que &#8220;en el mismo momento de sufrirse una situaci\u00f3n tan cr\u00edtica facilita enormes subsidios a las empresas, supuestamente para que despidieran, y ahora se est\u00e1n investigando si adem\u00e1s usaron esos fondos para comprar deuda p\u00fablica y jugar a la timba financiera&#8221;.<\/p>\n\n\n\n<div class=\"wp-block-image is-style-default\"><figure class=\"aligncenter size-large is-resized\"><img loading=\"lazy\" decoding=\"async\" src=\"https:\/\/atecordoba.org\/wp-content\/uploads\/2022\/06\/WhatsApp-Image-2022-06-08-at-12.09.37-PM-1024x575.jpeg\" alt=\"\" class=\"wp-image-32267\" width=\"768\" height=\"431\" srcset=\"https:\/\/atecordoba.org\/wp-content\/uploads\/2022\/06\/WhatsApp-Image-2022-06-08-at-12.09.37-PM-1024x575.jpeg 1024w, https:\/\/atecordoba.org\/wp-content\/uploads\/2022\/06\/WhatsApp-Image-2022-06-08-at-12.09.37-PM-300x169.jpeg 300w, https:\/\/atecordoba.org\/wp-content\/uploads\/2022\/06\/WhatsApp-Image-2022-06-08-at-12.09.37-PM-768x431.jpeg 768w, https:\/\/atecordoba.org\/wp-content\/uploads\/2022\/06\/WhatsApp-Image-2022-06-08-at-12.09.37-PM-750x421.jpeg 750w, https:\/\/atecordoba.org\/wp-content\/uploads\/2022\/06\/WhatsApp-Image-2022-06-08-at-12.09.37-PM-1140x640.jpeg 1140w, https:\/\/atecordoba.org\/wp-content\/uploads\/2022\/06\/WhatsApp-Image-2022-06-08-at-12.09.37-PM.jpeg 1280w\" sizes=\"auto, (max-width: 768px) 100vw, 768px\" \/><\/figure><\/div>\n\n\n\n<p>Berardo encontr\u00f3 razonable &#8220;que se ayude a las peque\u00f1as empresas durante la crisis financiera producto de la pandemia, pero \u00bfa Techint? \u00bfa la corporaci\u00f3n que desped\u00eda trabajadores en medio de la cuarentena? Ahora con la inflaci\u00f3n que no para, indudablemente hay que salir a la lucha y como lo estamos haciendo. No solo la unidad piquetera, los desocupados que reclamamos trabajo genuino, tenemos un plan de viviendas para generar un mill\u00f3n de puestos de trabajo, sino con al movimiento obrero ocupado, que tambi\u00e9n est\u00e1 en una situaci\u00f3n dif\u00edcil&#8221;.<\/p>\n\n\n\n<p>Y concluy\u00f3 apuntando que 2la mitad de la poblaci\u00f3n est\u00e1 debajo de la l\u00ednea de la pobreza, lo cual es inaceptable as\u00ed que vamos por esta jornada del 16 de junio, unificando los reclamos de los trabajadores ocupados y desocupados en un plan de lucha para enfrentar este ajuste&#8221;.<\/p>\n\n\n\n<p><strong>Comedores<\/strong><\/p>\n\n\n\n<p>A su turno, Silvia Alcoba apoy\u00f3 el razonamiento del dirigente piquetero y destac\u00f3 que &#8220;esto no apareci\u00f3 con la pandemia pero se acentu\u00f3 y durante la cuarentena tuvimos que salir a contener a la gente ante la ausencia del Estado, entendiendo que hab\u00eda una crisis que no nos dejaba para comer. <\/p>\n\n\n\n<p>&#8220;Se hicieron anuncios de refuerzos para los comedores y esos refuerzos no llegaron. Las y los compa\u00f1eros tuvieron que hacer vaquitas para que pudi\u00e9ramos hacer la comida. Pasada la pandemia la situaci\u00f3n econ\u00f3mica no es mejor que antes: los comedores y merenderos sufren la misma necesidad porque no reforzaron, no llegan a tiempo, es urgente la necesidad que eso se refuerce y que sea de calidad. Porque despu\u00e9s hablamos de bienestar, de salud, de que nuestros ni\u00f1os crezcan fuertes pero les tiramos harina y polenta. Hay que decirle al gobierno que no se pude permitir que el Estado est\u00e9 perjudicando a la salud de la poblaci\u00f3n que se alimenta en comedores populares&#8221;, denunci\u00f3.<\/p>\n\n\n\n<p>Y aclar\u00f3 que la asistencia contin\u00faa siendo imprescindible porque &#8220;tenemos familias completas que asisten a estos lugares cuando antes no pasaba. Hoy nos dividimos entre pobres e indigentes: los que tienen un trabajo formal son pobres y los que tienen trabajos informales son indigentes y no superan la l\u00ednea de la indigencia. Por eso nuestros comedores se desbordan: compa\u00f1eros que aun trabajando no llegan a fin de mes&#8221;. &nbsp;<\/p>\n\n\n\n<p>La entrevista completa <\/p>\n\n\n\n<figure class=\"wp-block-embed\"><div class=\"wp-block-embed__wrapper\">\nhttps:\/\/ar.radiocut.fm\/audiocut\/paro-provincial-y-jornada-lucha-jueves-16-junio-entrevista-a-berardo-po-y-alcoba-fenat\/\n<\/div><\/figure>\n","protected":false},"excerpt":{"rendered":"<p>El Plenario de Organizaciones en lucha defini\u00f3 la semana pasada impulsar un paro provincial de la CTAA para el pr\u00f3ximo 16 de junio, conjuntamente a la Jornada Nacional de Lucha que la Unidad Piquetera tiene previsto realizar en todo todo el pa\u00eds. En ese marco, el programa radial Entre Todos y Todas, que la Secretar\u00eda [&hellip;]<\/p>\n","protected":false},"author":7,"featured_media":32271,"comment_status":"open","ping_status":"open","sticky":false,"template":"","format":"standard","meta":{"_exactmetrics_skip_tracking":false,"_exactmetrics_sitenote_active":false,"_exactmetrics_sitenote_note":"","_exactmetrics_sitenote_category":0,"jnews-multi-image_gallery":[],"jnews_single_post":{"subtitle":"Referentes de la FENAT y el Polo Obrero evaluaron el contexto de la convocatoria a una protesta masiva.","format":"standard","video":"","gallery":"","source_name":"","source_url":"","via_name":"","via_url":"","override_template":"0","override":[{"template":"1","single_blog_custom":"","parallax":"1","fullscreen":"1","layout":"right-sidebar","sidebar":"default-sidebar","second_sidebar":"default-sidebar","sticky_sidebar":"1","share_position":"top","share_float_style":"share-monocrhome","show_share_counter":"1","show_view_counter":"1","show_featured":"1","show_post_meta":"1","show_post_author":"1","show_post_author_image":"1","show_post_date":"1","post_date_format":"default","post_date_format_custom":"Y\/m\/d","show_post_category":"1","show_post_reading_time":"0","post_reading_time_wpm":"300","show_zoom_button":"0","zoom_button_out_step":"2","zoom_button_in_step":"3","show_post_tag":"1","show_prev_next_post":"1","show_popup_post":"1","number_popup_post":"1","show_author_box":"0","show_post_related":"0","show_inline_post_related":"0"}],"override_image_size":"0","image_override":[{"single_post_thumbnail_size":"crop-500","single_post_gallery_size":"crop-500"}],"trending_post":"0","trending_post_position":"meta","trending_post_label":"Trending","sponsored_post":"0","sponsored_post_label":"Sponsored by","sponsored_post_name":"","sponsored_post_url":"","sponsored_post_logo_enable":"0","sponsored_post_logo":"","sponsored_post_desc":"","disable_ad":"0"},"jnews_primary_category":{"id":""},"jnews_social_meta":{"fb_title":"","fb_description":"","fb_image":"","twitter_title":"","twitter_description":"","twitter_image":""},"jnews_review":[],"enable_review":"0","type":"percentage","name":"","summary":"","brand":"","sku":"","good":[{"good_text":""}],"bad":[{"bad_text":""}],"score_override":"","override_value":"","rating":[{"rating_text":"","rating_number":"10"}],"price":[{"shop":"","price":"","link":"","icon":""}],"jnews_override_counter":{"override_view_counter":"0","view_counter_number":"0","override_share_counter":"0","share_counter_number":"0","override_like_counter":"0","like_counter_number":"0","override_dislike_counter":"0","dislike_counter_number":"0"},"jnews_post_split":{"enable_post_split":"0","post_split":[{"template":"1","tag":"h2","numbering":"asc","mode":"normal","first":"0","enable_toc":"0","toc_type":"normal"}]},"footnotes":""},"categories":[92],"tags":[863,1136],"class_list":["post-32266","post","type-post","status-publish","format-standard","has-post-thumbnail","hentry","category-cta","tag-fenat","tag-polo-obrero"],"jetpack_featured_media_url":"https:\/\/atecordoba.org\/wp-content\/uploads\/2022\/06\/portada-e1654787787213.jpeg","_links":{"self":[{"href":"https:\/\/atecordoba.org\/index.php?rest_route=\/wp\/v2\/posts\/32266","targetHints":{"allow":["GET"]}}],"collection":[{"href":"https:\/\/atecordoba.org\/index.php?rest_route=\/wp\/v2\/posts"}],"about":[{"href":"https:\/\/atecordoba.org\/index.php?rest_route=\/wp\/v2\/types\/post"}],"author":[{"embeddable":true,"href":"https:\/\/atecordoba.org\/index.php?rest_route=\/wp\/v2\/users\/7"}],"replies":[{"embeddable":true,"href":"https:\/\/atecordoba.org\/index.php?rest_route=%2Fwp%2Fv2%2Fcomments&post=32266"}],"version-history":[{"count":2,"href":"https:\/\/atecordoba.org\/index.php?rest_route=\/wp\/v2\/posts\/32266\/revisions"}],"predecessor-version":[{"id":32270,"href":"https:\/\/atecordoba.org\/index.php?rest_route=\/wp\/v2\/posts\/32266\/revisions\/32270"}],"wp:featuredmedia":[{"embeddable":true,"href":"https:\/\/atecordoba.org\/index.php?rest_route=\/wp\/v2\/media\/32271"}],"wp:attachment":[{"href":"https:\/\/atecordoba.org\/index.php?rest_route=%2Fwp%2Fv2%2Fmedia&parent=32266"}],"wp:term":[{"taxonomy":"category","embeddable":true,"href":"https:\/\/atecordoba.org\/index.php?rest_route=%2Fwp%2Fv2%2Fcategories&post=32266"},{"taxonomy":"post_tag","embeddable":true,"href":"https:\/\/atecordoba.org\/index.php?rest_route=%2Fwp%2Fv2%2Ftags&post=32266"}],"curies":[{"name":"wp","href":"https:\/\/api.w.org\/{rel}","templated":true}]}}