{"id":32260,"date":"2022-06-09T10:40:39","date_gmt":"2022-06-09T13:40:39","guid":{"rendered":"https:\/\/atecordoba.org\/?p=32260"},"modified":"2022-06-09T10:40:41","modified_gmt":"2022-06-09T13:40:41","slug":"ate-repudia-la-informacion-falsa-sobre-pami-publicada-por-clarin","status":"publish","type":"post","link":"https:\/\/atecordoba.org\/?p=32260","title":{"rendered":"ATE repudia la informaci\u00f3n falsa sobre PAMI publicada por Clar\u00edn"},"content":{"rendered":"\n<div class=\"wp-block-image is-style-default\"><figure class=\"aligncenter size-large is-resized\"><img loading=\"lazy\" decoding=\"async\" src=\"https:\/\/atecordoba.org\/wp-content\/uploads\/2022\/06\/pamifachada-1024x473.jpg\" alt=\"\" class=\"wp-image-32262\" width=\"768\" height=\"355\" \/><\/figure><\/div>\n\n\n\n<p>Frente a una nota publicada en el d\u00eda de ayer por el diario Clar\u00edn en la que se brinda informaci\u00f3n falsa acerca de los salarios de los trabajadores y las trabajadoras del PAMI en el marco de la negociaci\u00f3n paritaria del sector, ATE junto a UTI y UPCN lanzaron un comunicado en el que se desmiente la operaci\u00f3n medi\u00e1tica que, entre otras cosas, tiene como objetivo seguir abonando a generar las condiciones para eliminar a la obra social de los adultos mayores de la Argentina.<\/p>\n\n\n\n<p>En el comunicado puede leerse: \u201cEn los \u00faltimos cinco d\u00edas el diario Clar\u00edn dedic\u00f3 dos tapas a hablar sobre los sueldos de los trabajadores de PAMI. En la primera nota se presenta un falso ranking con los supuestos sueldos promedio de los organismos p\u00fablicos: all\u00ed ubican a PAMI en el puesto n\u00b09 y sin embargo en la tapa mencionan a PAMI en segundo lugar. En la segunda tapa, truchando las fuentes de la Base Integrada de Empleo P\u00fablico (BIEP), se afirma que el salario bruto promedio de PAMI es de $428.000. Eso es absolutamente falso. Tambi\u00e9n son mentiras las comparaciones con otros organismos. TODO ES MENTIRA\u201d.<\/p>\n\n\n\n<p>El compa\u00f1ero Ram\u00f3n Far\u00edas, miembro del Consejo Directivo Nacional de ATE y Coordinador General de ATE PAMI, declar\u00f3: \u201cDesde este espacio queremos desmentir rotundamente todo lo que ha salido publicado en el portal del diario Clar\u00edn en el que mienten de forma descarada en cuanto a los salarios que tienen los trabajadores y las trabajadoras del PAMI. Tambi\u00e9n queremos informar que el salario promedio de los compa\u00f1eros y las compa\u00f1eras es de 270 mil pesos, teniendo en cuenta que m\u00e1s del 60 por ciento de ellos y ellas revisten una antig\u00fcedad superior a los 20 a\u00f1os; que un reci\u00e9n ingresado o una reci\u00e9n ingresada tiene como salario 127 mil pesos\u201d.<\/p>\n\n\n\n<p>\u201cEl PAMI posee 13.100 empleados y empleadas, aunque ha tenido n\u00fameros m\u00e1s importantes en otras \u00e9pocas; y, como dato indiscutible de la realidad que viven no s\u00f3lo los compa\u00f1eros y compa\u00f1eras de PAMI sino los trabajadores y las trabajadoras en general, cerca de 4 mil empleados y empleadas de la obra social piden adelanto de sueldo todos los meses. Dif\u00edcilmente alguien que gane los montos que con los que vilmente Clar\u00edn desinforma har\u00eda uso de ese beneficio, ya que el adelanto del salario es una bicicleta de la que nunca se termina de salir\u201d, agreg\u00f3 Far\u00edas.<\/p>\n\n\n\n<p>A continuaci\u00f3n, el comunicado completo lanzado por ATE, UTI y UPCN:<\/p>\n\n\n\n<div class=\"wp-block-image is-style-default\"><figure class=\"aligncenter size-full\"><img loading=\"lazy\" decoding=\"async\" width=\"763\" height=\"504\" src=\"https:\/\/atecordoba.org\/wp-content\/uploads\/2022\/06\/pamicomunicadoconjunto.jpg\" alt=\"\" class=\"wp-image-32261\" srcset=\"https:\/\/atecordoba.org\/wp-content\/uploads\/2022\/06\/pamicomunicadoconjunto.jpg 763w, https:\/\/atecordoba.org\/wp-content\/uploads\/2022\/06\/pamicomunicadoconjunto-300x198.jpg 300w, https:\/\/atecordoba.org\/wp-content\/uploads\/2022\/06\/pamicomunicadoconjunto-750x495.jpg 750w\" sizes=\"auto, (max-width: 763px) 100vw, 763px\" \/><\/figure><\/div>\n","protected":false},"excerpt":{"rendered":"<p>Frente a una nota publicada en el d\u00eda de ayer por el diario Clar\u00edn en la que se brinda informaci\u00f3n falsa acerca de los salarios de los trabajadores y las trabajadoras del PAMI en el marco de la negociaci\u00f3n paritaria del sector, ATE junto a UTI y UPCN lanzaron un comunicado en el que se [&hellip;]<\/p>\n","protected":false},"author":7,"featured_media":32262,"comment_status":"open","ping_status":"open","sticky":false,"template":"","format":"standard","meta":{"_exactmetrics_skip_tracking":false,"_exactmetrics_sitenote_active":false,"_exactmetrics_sitenote_note":"","_exactmetrics_sitenote_category":0,"jnews-multi-image_gallery":[],"jnews_single_post":{"subtitle":"En defensa de la obra social de los jubilados y de sus trabajadores y trabajadoras, ATE denunci\u00f3 una operaci\u00f3n medi\u00e1tica en la que se brinda informaci\u00f3n incorrecta sobre los salarios.","format":"standard","video":"","gallery":"","source_name":"","source_url":"","via_name":"","via_url":"","override_template":"0","override":[{"template":"1","single_blog_custom":"","parallax":"1","fullscreen":"1","layout":"right-sidebar","sidebar":"default-sidebar","second_sidebar":"default-sidebar","sticky_sidebar":"1","share_position":"top","share_float_style":"share-monocrhome","show_share_counter":"1","show_view_counter":"1","show_featured":"1","show_post_meta":"1","show_post_author":"1","show_post_author_image":"1","show_post_date":"1","post_date_format":"default","post_date_format_custom":"Y\/m\/d","show_post_category":"1","show_post_reading_time":"0","post_reading_time_wpm":"300","show_zoom_button":"0","zoom_button_out_step":"2","zoom_button_in_step":"3","show_post_tag":"1","show_prev_next_post":"1","show_popup_post":"1","number_popup_post":"1","show_author_box":"0","show_post_related":"0","show_inline_post_related":"0"}],"override_image_size":"0","image_override":[{"single_post_thumbnail_size":"crop-500","single_post_gallery_size":"crop-500"}],"trending_post":"0","trending_post_position":"meta","trending_post_label":"Trending","sponsored_post":"0","sponsored_post_label":"Sponsored by","sponsored_post_name":"","sponsored_post_url":"","sponsored_post_logo_enable":"0","sponsored_post_logo":"","sponsored_post_desc":"","disable_ad":"0"},"jnews_primary_category":{"id":""},"jnews_social_meta":{"fb_title":"","fb_description":"","fb_image":"","twitter_title":"","twitter_description":"","twitter_image":""},"jnews_review":[],"enable_review":"0","type":"percentage","name":"","summary":"","brand":"","sku":"","good":[{"good_text":""}],"bad":[{"bad_text":""}],"score_override":"","override_value":"","rating":[{"rating_text":"","rating_number":"10"}],"price":[{"shop":"","price":"","link":"","icon":""}],"jnews_override_counter":{"override_view_counter":"0","view_counter_number":"0","override_share_counter":"0","share_counter_number":"0","override_like_counter":"0","like_counter_number":"0","override_dislike_counter":"0","dislike_counter_number":"0"},"jnews_post_split":{"enable_post_split":"0","post_split":[{"template":"1","tag":"h2","numbering":"asc","mode":"normal","first":"0","enable_toc":"0","toc_type":"normal"}]},"footnotes":""},"categories":[18],"tags":[57],"class_list":["post-32260","post","type-post","status-publish","format-standard","has-post-thumbnail","hentry","category-nacionales","tag-pami"],"jetpack_featured_media_url":"https:\/\/atecordoba.org\/wp-content\/uploads\/2022\/06\/pamifachada-e1654782031400.jpg","_links":{"self":[{"href":"https:\/\/atecordoba.org\/index.php?rest_route=\/wp\/v2\/posts\/32260","targetHints":{"allow":["GET"]}}],"collection":[{"href":"https:\/\/atecordoba.org\/index.php?rest_route=\/wp\/v2\/posts"}],"about":[{"href":"https:\/\/atecordoba.org\/index.php?rest_route=\/wp\/v2\/types\/post"}],"author":[{"embeddable":true,"href":"https:\/\/atecordoba.org\/index.php?rest_route=\/wp\/v2\/users\/7"}],"replies":[{"embeddable":true,"href":"https:\/\/atecordoba.org\/index.php?rest_route=%2Fwp%2Fv2%2Fcomments&post=32260"}],"version-history":[{"count":1,"href":"https:\/\/atecordoba.org\/index.php?rest_route=\/wp\/v2\/posts\/32260\/revisions"}],"predecessor-version":[{"id":32263,"href":"https:\/\/atecordoba.org\/index.php?rest_route=\/wp\/v2\/posts\/32260\/revisions\/32263"}],"wp:featuredmedia":[{"embeddable":true,"href":"https:\/\/atecordoba.org\/index.php?rest_route=\/wp\/v2\/media\/32262"}],"wp:attachment":[{"href":"https:\/\/atecordoba.org\/index.php?rest_route=%2Fwp%2Fv2%2Fmedia&parent=32260"}],"wp:term":[{"taxonomy":"category","embeddable":true,"href":"https:\/\/atecordoba.org\/index.php?rest_route=%2Fwp%2Fv2%2Fcategories&post=32260"},{"taxonomy":"post_tag","embeddable":true,"href":"https:\/\/atecordoba.org\/index.php?rest_route=%2Fwp%2Fv2%2Ftags&post=32260"}],"curies":[{"name":"wp","href":"https:\/\/api.w.org\/{rel}","templated":true}]}}