{"id":32257,"date":"2022-06-09T09:25:32","date_gmt":"2022-06-09T12:25:32","guid":{"rendered":"https:\/\/atecordoba.org\/?p=32257"},"modified":"2022-06-09T10:44:22","modified_gmt":"2022-06-09T13:44:22","slug":"primer-encuentro-de-bibliotecas-sindicales-fortalecer-la-memoria-y-afianzar-los-lazos-en-el-movimiento-obrero","status":"publish","type":"post","link":"https:\/\/atecordoba.org\/?p=32257","title":{"rendered":"Primer Encuentro de Bibliotecas Sindicales: fortalecer la memoria y afianzar los lazos en el movimiento obrero"},"content":{"rendered":"\n<div class=\"wp-block-image is-style-default\"><figure class=\"alignright size-full\"><img decoding=\"async\" src=\"https:\/\/atecordoba.org\/wp-content\/uploads\/2022\/06\/encuentro-bibliotecas.jpg\" alt=\"\" class=\"wp-image-32258\" \/><\/figure><\/div>\n\n\n\n<p>(Por centrodocumentacion.com.ar)<\/p>\n\n\n\n<p>El encuentro se realiz\u00f3 en el marco de las jornadas \u00abLiteratura de los trabajadores a 53 a\u00f1os del Cordobazo\u201d, organizado por un conjunto de gremios y la Biblioteca Nacional Mariano Moreno,&nbsp; sede Juan Filloy.<\/p>\n\n\n\n<p>La presentaci\u00f3n de la iniciativa, estuvo\u00a0 a cargo de Myriam Mohaded y Cristina Fuentes, desde el Centro de Documentaci\u00f3n de Cispren. Tambi\u00e9n cont\u00f3 con la presencia de B\u00e1rba Arias (comisi\u00f3n directiva de Cispren).\u00a0 El prop\u00f3sito de la formaci\u00f3n del espacio fue encontrarse, y escuchar tanto intereses, necesidades, y objetivos de cada uno de las bibliotecas.\u00a0 Se coincidi\u00f3 en un aspecto destacado: \u00abla historia de la clase trabajadora reside en los lugares que habitamos\u00bb.<\/p>\n\n\n\n<p>ATE C\u00f3rdoba estuvo presente en la actividad a trav\u00e9s de la participaci\u00f3n del director del Departamento de Culturas del Consejo Directivo Provincial, el doctor Mart\u00edn Cagnani.<\/p>\n\n\n\n<p>La Biblioteca Nacional Mariano Moreno, Sede Juan Filloy de la Ciudad de C\u00f3rdoba, asisti\u00f3 a trav\u00e9s de Mat\u00edas Rodeiro y Ra\u00fal Tamargo, responsables de la sede local. A pesar de no ser una biblioteca sindical, propusieron trabajar en conjunto para cooperar con la formaci\u00f3n, t\u00e9cnica y digitalizaci\u00f3n de los libros (con futura disposici\u00f3n para todxs); para que la biblioteca sindical salga a las calles y sumar recursos. Esta biblioteca tiene como objetivo atesorar la producci\u00f3n documental del pa\u00eds, salir de la Ciudad de Buenos Aires, y, en el caso de C\u00f3rdoba, trabajar sobre los fondos documentales de los archivos de escritores locales. Si bien en Buenos Aires hay m\u00e1s producci\u00f3n no todo llega a nosotrxs, entonces tratamos de visibilizar los materiales y dar cuenta de la reproducci\u00f3n de documentos, afirmaron desde la Bibilioteca Nacional, sede Juan Filloy<\/p>\n\n\n\n<p>Ver\u00f3nica Lencinas es bibliotecaria en el Observatorio Astron\u00f3mico de C\u00f3rdoba y docente de la UNC. Asisti\u00f3 en representaci\u00f3n de la Asociaci\u00f3n de los Docentes e Investigadores Universitarios de C\u00f3rdoba (ADIUC) por la necesidad de la existencia de redes bibliotecarias para lograr objetivos en conjunto. Destac\u00f3 tambi\u00e9n la relaci\u00f3n bibliotecas-redes sociales: la uni\u00f3n de ambas favorecer\u00e1 a los nuevos espacios. En este punto coincidieron Juan Gerbaldo y&nbsp; Gabriel Gerbaldo, del equipo\u00bbtensiones pol\u00edticas en el pasado reciente argentino: desaf\u00edos organizacionales, derechos en disputa, redes y militancias desde C\u00f3rdoba\u00bb radicado en el Centro de Investigaciones de la Facultad de Filosof\u00eda y Humanidades. Ambos&nbsp; becarios comentaron que al ser&nbsp; parte de un proyecto de digitalizaci\u00f3n de contenidos sindicales, cuentan con un portal de la UNC para libre acceso.<\/p>\n\n\n\n<p>La secretaria de Cultura y Educaci\u00f3n de la Uni\u00f3n de Educadores de la Provincia de C\u00f3rdoba (UEPC), Aurorita Cavallero, form\u00f3 parte del encuentro haciendo hincapi\u00e9 en la necesidad de profundizar la presencia de los sindicatos en diferentes espacios. La biblioteca de la UEPC est\u00e1 abierta al p\u00fablico de docentes y los libros m\u00e1s consultados son novelas y cuentos, principalmente, por parte de sus jubilados y jubiladas. La secretaria de Cultura destac\u00f3 la necesidad de salir de los propios espacios y visibilizarlos hacia la sociedad.<\/p>\n\n\n\n<p>El Sindicato Argentino de Docentes Privados (SADOP) tambi\u00e9n aport\u00f3 lo suyo, con la presencia de Sebasti\u00e1n Beranek. Este sindicato federal no posee una biblioteca propiamente dicha, pero s\u00ed su centro de jubilados que se reorganiz\u00f3 a partir de donaciones de libros. Su objetivo son las producciones propias por medio de una biblioteca digital nacional, con acceso para todxs.<\/p>\n\n\n\n<p>Viviana Di Campli, secretaria de Cultura de la Uni\u00f3n Obrera Gr\u00e1fica Cordobesa (UOGC), afirm\u00f3 que es una necesidad de las y los trabajadorxs gr\u00e1ficos tener espacios para la lectura ya que, por lo general, lo que m\u00e1s circula es en el contexto de las ferias del libro. La dirigenta plante\u00f3 la importancia de trabajar el v\u00ednculo con lxs adultxs mayores a trav\u00e9s de favorecer el uso de computadoras. La pandemia nos afect\u00f3, entre otras cosas, con la falta de difusi\u00f3n de libros y resalt\u00f3 que, m\u00e1s all\u00e1 de la digitalizaci\u00f3n, el libro en formato impreso sigue siendo fundamental.<\/p>\n\n\n\n<p>Myriam V\u00e9lez de la Casa de los trabajadores y Biblioteca Popular, creada por el Sindicato del Personal de Obras Sanitarias (SIPOS), recalc\u00f3 que hay que observar con qui\u00e9nes conviven las bibliotecas respecto al movimiento obrero. En este espacio, en el a\u00f1o 2021 armaron una biblioteca en la que se est\u00e1n catalogando libros para exponer, hacen sus presentaciones, organizan conversatorios y numerosas actividades&nbsp; pol\u00edtico\/culturales. Adem\u00e1s, mencion\u00f3 la experiencia adquirida sobre los concursos de cuentos cortos, en temas tales como el Cordobazo y el 1\u00ba de mayo.<\/p>\n\n\n\n<p>Al ser parte del plenario de cogesti\u00f3n del Centro Cultural La Piojera, Velez afirm\u00f3 que la propuesta es unir, entre los gremios y sindicatos, el conocimiento acad\u00e9mico y popular. Asimismo, plante\u00f3 la idea de incluir a lxs ni\u00f1xs en las futuras bibliotecas sindicales, que exista un lugar para ellxs con literatura infantil. Se\u00f1al\u00f3 que la cultura debe ser fundamental y estar presente.<\/p>\n\n\n\n<p>Federico Langer, en representaci\u00f3n de la Uni\u00f3n Obrera Ladrillera de la Rep\u00fablica Argentina, explic\u00f3 que antes de la pandemia estuvo la idea de crear una biblioteca, pero no cuentan con el espacio f\u00edsico para hacerlo. Sin embargo, s\u00ed virtualizaron una biblioteca en la que se dedicaban a enviar cuentos y poemas por WhatsApp, y sorteaban libros por medio de una radio. Si bien no existe una idea previa sobre centro cultural o biblioteca sindical, su prop\u00f3sito es pertenecer a una red de bibliotecas.<\/p>\n\n\n\n<p>Al finalizar la jornada se acordaron una serie de objetivos, entre los que se encuentran: elaborar un relevamiento de los sindicatos de C\u00f3rdoba -con posterior invitaci\u00f3n a las pr\u00f3ximas jornadas-, organizar una propuesta para la pr\u00f3xima Feria del Libro, y articular una red de bibliotecas que exceda las divisiones y deje de lado la individualidad. Lo primordial es tejer v\u00ednculos para trabajar conjuntamente en las historias sindicales, fortaleciendo as\u00ed la comunicaci\u00f3n social, el movimiento obrero y la propia memoria.<\/p>\n\n\n\n<p>Con gran expectativa de formar y consolidar la red, se realizar\u00e1 una pr\u00f3xima reuni\u00f3n con la convicci\u00f3n de que&nbsp; es posible mantener viva la memoria de la clase trabajadora y favorecer el debate de las ideas en un marco democr\u00e1tico y de respeto por los derechos y dignidad de las personas.<\/p>\n\n\n\n<p>Compartimos un registro audiovisual de la jornada del Primer Encuentro de Bibliotecas Sindicales.<\/p>\n\n\n\n<figure class=\"wp-block-embed is-type-video is-provider-youtube wp-block-embed-youtube wp-embed-aspect-4-3 wp-has-aspect-ratio\"><div class=\"wp-block-embed__wrapper\">\n<div class=\"epyt-video-wrapper\"><iframe loading=\"lazy\"  style=\"display: block; margin: 0px auto;\"  id=\"_ytid_51773\"  width=\"480\" height=\"360\"  data-origwidth=\"480\" data-origheight=\"360\" src=\"https:\/\/www.youtube.com\/embed\/6PRSt-W_tY4?enablejsapi=1&#038;autoplay=0&#038;cc_load_policy=0&#038;cc_lang_pref=&#038;iv_load_policy=3&#038;loop=0&#038;rel=0&#038;fs=1&#038;playsinline=0&#038;autohide=2&#038;theme=dark&#038;color=red&#038;controls=1&#038;disablekb=0&#038;\" class=\"__youtube_prefs__  epyt-is-override  no-lazyload\" title=\"YouTube player\"  allow=\"fullscreen; accelerometer; autoplay; clipboard-write; encrypted-media; gyroscope; picture-in-picture; web-share\" referrerpolicy=\"strict-origin-when-cross-origin\" allowfullscreen data-no-lazy=\"1\" data-skipgform_ajax_framebjll=\"\"><\/iframe><\/div>\n<\/div><\/figure>\n","protected":false},"excerpt":{"rendered":"<p>(Por centrodocumentacion.com.ar) El encuentro se realiz\u00f3 en el marco de las jornadas \u00abLiteratura de los trabajadores a 53 a\u00f1os del Cordobazo\u201d, organizado por un conjunto de gremios y la Biblioteca Nacional Mariano Moreno,&nbsp; sede Juan Filloy. La presentaci\u00f3n de la iniciativa, estuvo\u00a0 a cargo de Myriam Mohaded y Cristina Fuentes, desde el Centro de Documentaci\u00f3n [&hellip;]<\/p>\n","protected":false},"author":7,"featured_media":32258,"comment_status":"open","ping_status":"open","sticky":false,"template":"","format":"standard","meta":{"_exactmetrics_skip_tracking":false,"_exactmetrics_sitenote_active":false,"_exactmetrics_sitenote_note":"","_exactmetrics_sitenote_category":0,"jnews-multi-image_gallery":[],"jnews_single_post":{"subtitle":"El jueves 2 de junio se realiz\u00f3 el Primer Encuentro de Bibliotecas Sindicales de C\u00f3rdoba en el Centro de Documentaci\u00f3n \u201cJuan C. Garat\u201d del Cispren. En la jornada, entre charlas, debates y proyectos, se acord\u00f3 en la necesidad de formar una red de bibliotecas sindicales,  realizar un relevamiento de las bibliotecas sindicales de C\u00f3rdoba, y la participaci\u00f3n en la Feria del Libro.","format":"standard","video":"","gallery":"","source_name":"","source_url":"","via_name":"","via_url":"","override_template":"0","override":[{"template":"1","single_blog_custom":"","parallax":"1","fullscreen":"1","layout":"right-sidebar","sidebar":"default-sidebar","second_sidebar":"default-sidebar","sticky_sidebar":"1","share_position":"top","share_float_style":"share-monocrhome","show_share_counter":"1","show_view_counter":"1","show_featured":"1","show_post_meta":"1","show_post_author":"1","show_post_author_image":"1","show_post_date":"1","post_date_format":"default","post_date_format_custom":"Y\/m\/d","show_post_category":"1","show_post_reading_time":"0","post_reading_time_wpm":"300","show_zoom_button":"0","zoom_button_out_step":"2","zoom_button_in_step":"3","show_post_tag":"1","show_prev_next_post":"1","show_popup_post":"1","number_popup_post":"1","show_author_box":"0","show_post_related":"0","show_inline_post_related":"0"}],"override_image_size":"0","image_override":[{"single_post_thumbnail_size":"crop-500","single_post_gallery_size":"crop-500"}],"trending_post":"0","trending_post_position":"meta","trending_post_label":"Trending","sponsored_post":"0","sponsored_post_label":"Sponsored by","sponsored_post_name":"","sponsored_post_url":"","sponsored_post_logo_enable":"0","sponsored_post_logo":"","sponsored_post_desc":"","disable_ad":"0"},"jnews_primary_category":{"id":""},"jnews_social_meta":{"fb_title":"","fb_description":"","fb_image":"","twitter_title":"","twitter_description":"","twitter_image":""},"jnews_review":[],"enable_review":"0","type":"percentage","name":"","summary":"","brand":"","sku":"","good":[{"good_text":""}],"bad":[{"bad_text":""}],"score_override":"","override_value":"","rating":[{"rating_text":"","rating_number":"10"}],"price":[{"shop":"","price":"","link":"","icon":""}],"jnews_override_counter":{"override_view_counter":"0","view_counter_number":"0","override_share_counter":"0","share_counter_number":"0","override_like_counter":"0","like_counter_number":"0","override_dislike_counter":"0","dislike_counter_number":"0"},"jnews_post_split":{"enable_post_split":"0","post_split":[{"template":"1","tag":"h2","numbering":"asc","mode":"normal","first":"0","enable_toc":"0","toc_type":"normal"}]},"footnotes":""},"categories":[972],"tags":[1135],"class_list":["post-32257","post","type-post","status-publish","format-standard","has-post-thumbnail","hentry","category-culturas","tag-encuentro-de-bibliotecas-sindicales"],"jetpack_featured_media_url":"https:\/\/atecordoba.org\/wp-content\/uploads\/2022\/06\/encuentro-bibliotecas-e1654777501298.jpg","_links":{"self":[{"href":"https:\/\/atecordoba.org\/index.php?rest_route=\/wp\/v2\/posts\/32257","targetHints":{"allow":["GET"]}}],"collection":[{"href":"https:\/\/atecordoba.org\/index.php?rest_route=\/wp\/v2\/posts"}],"about":[{"href":"https:\/\/atecordoba.org\/index.php?rest_route=\/wp\/v2\/types\/post"}],"author":[{"embeddable":true,"href":"https:\/\/atecordoba.org\/index.php?rest_route=\/wp\/v2\/users\/7"}],"replies":[{"embeddable":true,"href":"https:\/\/atecordoba.org\/index.php?rest_route=%2Fwp%2Fv2%2Fcomments&post=32257"}],"version-history":[{"count":2,"href":"https:\/\/atecordoba.org\/index.php?rest_route=\/wp\/v2\/posts\/32257\/revisions"}],"predecessor-version":[{"id":32265,"href":"https:\/\/atecordoba.org\/index.php?rest_route=\/wp\/v2\/posts\/32257\/revisions\/32265"}],"wp:featuredmedia":[{"embeddable":true,"href":"https:\/\/atecordoba.org\/index.php?rest_route=\/wp\/v2\/media\/32258"}],"wp:attachment":[{"href":"https:\/\/atecordoba.org\/index.php?rest_route=%2Fwp%2Fv2%2Fmedia&parent=32257"}],"wp:term":[{"taxonomy":"category","embeddable":true,"href":"https:\/\/atecordoba.org\/index.php?rest_route=%2Fwp%2Fv2%2Fcategories&post=32257"},{"taxonomy":"post_tag","embeddable":true,"href":"https:\/\/atecordoba.org\/index.php?rest_route=%2Fwp%2Fv2%2Ftags&post=32257"}],"curies":[{"name":"wp","href":"https:\/\/api.w.org\/{rel}","templated":true}]}}