{"id":32213,"date":"2022-06-08T11:30:47","date_gmt":"2022-06-08T14:30:47","guid":{"rendered":"https:\/\/atecordoba.org\/?p=32213"},"modified":"2022-06-08T12:49:04","modified_gmt":"2022-06-08T15:49:04","slug":"asamblea-en-la-srt-repudio-los-cincos-despidos","status":"publish","type":"post","link":"https:\/\/atecordoba.org\/?p=32213","title":{"rendered":"Asamblea en la SRT resolvi\u00f3 quite de colaboraci\u00f3n y marcha al Ministerio de Trabajo por los cincos despidos"},"content":{"rendered":"\n<div class=\"wp-block-image is-style-default\"><figure class=\"aligncenter size-large is-resized\"><img loading=\"lazy\" decoding=\"async\" src=\"https:\/\/atecordoba.org\/wp-content\/uploads\/2022\/06\/IMG-20220608-WA0011-1024x576.jpg\" alt=\"\" class=\"wp-image-32214\" width=\"768\" height=\"432\" srcset=\"https:\/\/atecordoba.org\/wp-content\/uploads\/2022\/06\/IMG-20220608-WA0011-1024x576.jpg 1024w, https:\/\/atecordoba.org\/wp-content\/uploads\/2022\/06\/IMG-20220608-WA0011-300x169.jpg 300w, https:\/\/atecordoba.org\/wp-content\/uploads\/2022\/06\/IMG-20220608-WA0011-768x432.jpg 768w, https:\/\/atecordoba.org\/wp-content\/uploads\/2022\/06\/IMG-20220608-WA0011-1536x864.jpg 1536w, https:\/\/atecordoba.org\/wp-content\/uploads\/2022\/06\/IMG-20220608-WA0011-750x422.jpg 750w, https:\/\/atecordoba.org\/wp-content\/uploads\/2022\/06\/IMG-20220608-WA0011-1140x641.jpg 1140w, https:\/\/atecordoba.org\/wp-content\/uploads\/2022\/06\/IMG-20220608-WA0011.jpg 1600w\" sizes=\"auto, (max-width: 768px) 100vw, 768px\" \/><\/figure><\/div>\n\n\n\n<p>Esta ma\u00f1ana se llev\u00f3 a cabo una importante asamblea frente a la Delegaci\u00f3n C\u00f3rdoba de la Superintendencia de Riesgos de Trabajo, en calle Rivadavia 765, para repudiar los despidos de cinco trabajadoras del organismo. Al mismo tiempo, se resolvi\u00f3 el quite de colaboraci\u00f3n, que interrumpir\u00e1 los turnos de atenci\u00f3n, y una marcha a la Agencia Territorial C\u00f3rdoba del Ministerio de Trabajo de la Naci\u00f3n, para el pr\u00f3ximo mi\u00e9rcoles 15 de junio. <\/p>\n\n\n\n<figure class=\"wp-block-embed aligncenter is-type-rich is-provider-twitter wp-block-embed-twitter\"><div class=\"wp-block-embed__wrapper\">\n<blockquote class=\"twitter-tweet\" data-width=\"500\" data-dnt=\"true\"><p lang=\"es\" dir=\"ltr\">LA ASAMBLEA DE LA SRT (COMISION M\u00c9DICA 05 C\u00d3RDOBA), CON LA PRESENCIA DE ATE, DEFINI\u00d3:<br>&#8211; Interrumpir la agenda de turnos dos horas por d\u00eda hasta el viernes.<br>&#8211; Convocar el 15\/06 a las 10 am a audiencia con movilizaci\u00f3n de la Asamblea desde la SRT al Min. de Trabajo de Naci\u00f3n. <a href=\"https:\/\/t.co\/F5r9oD6vP7\">pic.twitter.com\/F5r9oD6vP7<\/a><\/p>&mdash; ATE C\u00f3rdoba (@ATECordoba) <a href=\"https:\/\/twitter.com\/ATECordoba\/status\/1534530830869090305?ref_src=twsrc%5Etfw\">June 8, 2022<\/a><\/blockquote><script async src=\"https:\/\/platform.twitter.com\/widgets.js\" charset=\"utf-8\"><\/script>\n<\/div><\/figure>\n\n\n\n<p>Se trata de  profesionales que sufren precarizaci\u00f3n laboral y que fueron informadas sobre la &#8216;discontinuidad de sus contratos&#8217;, a pesar de que en algunos de sus casos ya tienen ganado su cargo por concursos pero que la patronal no los hace efectivos. Ahora informaron que de &#8220;manera aleatoria&#8221; se resolvi\u00f3 no renovar dichos contratos, dejando en la calle a cinco trabajadoras que, para peor, son sost\u00e9n de hogar. <\/p>\n\n\n\n<figure class=\"wp-block-embed is-type-rich is-provider-twitter wp-block-embed-twitter\"><div class=\"wp-block-embed__wrapper\">\n<blockquote class=\"twitter-tweet\" data-width=\"500\" data-dnt=\"true\"><p lang=\"es\" dir=\"ltr\">\u26a0\ufe0f <a href=\"https:\/\/twitter.com\/hashtag\/Ahora?src=hash&amp;ref_src=twsrc%5Etfw\">#Ahora<\/a> <a href=\"https:\/\/twitter.com\/hashtag\/Asamblea?src=hash&amp;ref_src=twsrc%5Etfw\">#Asamblea<\/a> <a href=\"https:\/\/twitter.com\/hashtag\/SRT?src=hash&amp;ref_src=twsrc%5Etfw\">#SRT<\/a> | Se profundiza el plan de lucha de las y los trabajadores de la Superintendencia de Riesgos del Trabajo (SRT) ante la negativa a una respuesta concreta sobre la reincorporaci\u00f3n de las 5 m\u00e9dicas despedidas sin causa. <a href=\"https:\/\/t.co\/tHRFSE6U5d\">pic.twitter.com\/tHRFSE6U5d<\/a><\/p>&mdash; ATE C\u00f3rdoba (@ATECordoba) <a href=\"https:\/\/twitter.com\/ATECordoba\/status\/1534520615016665088?ref_src=twsrc%5Etfw\">June 8, 2022<\/a><\/blockquote><script async src=\"https:\/\/platform.twitter.com\/widgets.js\" charset=\"utf-8\"><\/script>\n<\/div><\/figure>\n\n\n\n<p>La asamblea cont\u00f3 con la presencia del secretario General de ATE C\u00f3rdoba, Federico Giuliani, acompa\u00f1ado por el secretario de Formaci\u00f3n, C\u00e9sar Theaux, y dem\u00e1s integrantes de la comisi\u00f3n directiva provincial.  <\/p>\n\n\n\n<div class=\"wp-block-image is-style-default\"><figure class=\"alignleft size-large is-resized\"><img loading=\"lazy\" decoding=\"async\" src=\"https:\/\/atecordoba.org\/wp-content\/uploads\/2022\/06\/IMG-20220608-WA0012-1024x576.jpg\" alt=\"\" class=\"wp-image-32215\" width=\"512\" height=\"288\" srcset=\"https:\/\/atecordoba.org\/wp-content\/uploads\/2022\/06\/IMG-20220608-WA0012-1024x576.jpg 1024w, https:\/\/atecordoba.org\/wp-content\/uploads\/2022\/06\/IMG-20220608-WA0012-300x169.jpg 300w, https:\/\/atecordoba.org\/wp-content\/uploads\/2022\/06\/IMG-20220608-WA0012-768x432.jpg 768w, https:\/\/atecordoba.org\/wp-content\/uploads\/2022\/06\/IMG-20220608-WA0012-1536x864.jpg 1536w, https:\/\/atecordoba.org\/wp-content\/uploads\/2022\/06\/IMG-20220608-WA0012-750x422.jpg 750w, https:\/\/atecordoba.org\/wp-content\/uploads\/2022\/06\/IMG-20220608-WA0012-1140x641.jpg 1140w, https:\/\/atecordoba.org\/wp-content\/uploads\/2022\/06\/IMG-20220608-WA0012.jpg 1600w\" sizes=\"auto, (max-width: 512px) 100vw, 512px\" \/><\/figure><\/div>\n\n\n\n<p>&#8220;La respuesta de la asamblea es un\u00e1nime&#8221;, dijo Maite Escurra, una de las compa\u00f1eras despedidas. &#8220;Estamos todos muy preocupados, en una situaci\u00f3n de precariedad laboral y reclamamos que se nos devuelva el cargo que ganamos por concurso y volver a trabajar tranquilas&#8221;.<\/p>\n\n\n\n<p>&#8220;Ahora se descontin\u00faa el contrato, eufemismo para decir que nos despiden, y esas fueron las palabras del subgerente de la SRT cuando le habl\u00e9 por tel\u00e9fono para pedir explicaciones, siendo que soy la primera que gan\u00f3 el concurso en el pa\u00eds. Me dijo que hab\u00eda sido una selecci\u00f3n aleatoria&#8221;, apunt\u00f3 Escurra.<\/p>\n\n\n\n<p>Por su parte, Clarisa Diaz, m\u00e9dica de la SRT explic\u00f3 que a partir de ma\u00f1ana se aplicar\u00e1 como medida de fuerza &#8220;la continuidad de las asambleas, desde ma\u00f1ana con quite de colaboraci\u00f3n para que se suspendan los turnos y as\u00ed se sienta la falta de funcionamiento del organismo. A partir de la la semana que viene vamos a marchar al Ministerio de trabajo si no tenemos una respuesta favorable. Queremos que se garantice la continuidad en sus cargos de estas compa\u00f1eras despedidas&#8221;. <\/p>\n\n\n\n<p><strong>Precariedad<\/strong><\/p>\n\n\n\n<p>Hay m\u00e1s situaciones similares en Catamarca y Mendoza, pero que aun no se concretaron. &#8220;Trabajamos sin estabilidad, sin lo b\u00e1sico. Si el ]Estado nacional se maneja as\u00ed que le podemos pedir al resto. Un desastre&#8221;, denunci\u00f3 D\u00edaz. <\/p>\n\n\n\n<div class=\"wp-block-image is-style-default\"><figure class=\"alignright size-large is-resized\"><img loading=\"lazy\" decoding=\"async\" src=\"https:\/\/atecordoba.org\/wp-content\/uploads\/2022\/06\/IMG-20220608-WA0024-1024x576.jpg\" alt=\"\" class=\"wp-image-32216\" width=\"512\" height=\"288\" srcset=\"https:\/\/atecordoba.org\/wp-content\/uploads\/2022\/06\/IMG-20220608-WA0024-1024x576.jpg 1024w, https:\/\/atecordoba.org\/wp-content\/uploads\/2022\/06\/IMG-20220608-WA0024-300x169.jpg 300w, https:\/\/atecordoba.org\/wp-content\/uploads\/2022\/06\/IMG-20220608-WA0024-768x432.jpg 768w, https:\/\/atecordoba.org\/wp-content\/uploads\/2022\/06\/IMG-20220608-WA0024-1536x864.jpg 1536w, https:\/\/atecordoba.org\/wp-content\/uploads\/2022\/06\/IMG-20220608-WA0024-750x422.jpg 750w, https:\/\/atecordoba.org\/wp-content\/uploads\/2022\/06\/IMG-20220608-WA0024-1140x641.jpg 1140w, https:\/\/atecordoba.org\/wp-content\/uploads\/2022\/06\/IMG-20220608-WA0024.jpg 1600w\" sizes=\"auto, (max-width: 512px) 100vw, 512px\" \/><\/figure><\/div>\n\n\n\n<p>Por su parte, Soledad Estrada, tambi\u00e9n m\u00e9dica cotitular de la SRT y afiliada a ATE explic\u00f3 que la mayor\u00eda de los profesionales en C\u00f3rdoba tiene contratos que se renuevan cada tres meses (solo el \u00faltimo fue por seis meses) y siempre estamos la incertidumbre de que no nos renueven&#8221;. <\/p>\n\n\n\n<p>A su vez, Ana Paula Dutto, otra de las compa\u00f1eras despedidas se\u00f1al\u00f3 que &#8220;estoy muy angustiada frente a esta noticia de que no nos renuevan el contrato. Nos informaron por tel\u00e9fono. Pero al mismo tiempo estoy totalmente agradecida al acompa\u00f1amiento de nuestros compa\u00f1eros y compa\u00f1eras, a mantenernos unidas. Ninguna tenemos  una sanci\u00f3n o apercibimiento, estamos totalmente comprometidas con el trabajo pero como dicen que fue aleatorio, el mensaje es que cualquiera puede sufrir el despido&#8221;, dijo Dutto. Adem\u00e1s, la trabajadora apunt\u00f3 al sesgo de g\u00e9nero de los despidos por tratarse de cinco mujeres jefas de hogar.<\/p>\n\n\n\n<figure class=\"wp-block-gallery has-nested-images columns-default is-cropped wp-block-gallery-1 is-layout-flex wp-block-gallery-is-layout-flex\">\n<figure class=\"wp-block-image size-large is-style-default\"><a href=\"https:\/\/atecordoba.org\/wp-content\/uploads\/2022\/06\/IMG-20220608-WA0038.jpg\"><img loading=\"lazy\" decoding=\"async\" width=\"1024\" height=\"576\" data-id=\"32221\" src=\"https:\/\/atecordoba.org\/wp-content\/uploads\/2022\/06\/IMG-20220608-WA0038-1024x576.jpg\" alt=\"\" class=\"wp-image-32221\" srcset=\"https:\/\/atecordoba.org\/wp-content\/uploads\/2022\/06\/IMG-20220608-WA0038-1024x576.jpg 1024w, https:\/\/atecordoba.org\/wp-content\/uploads\/2022\/06\/IMG-20220608-WA0038-300x169.jpg 300w, https:\/\/atecordoba.org\/wp-content\/uploads\/2022\/06\/IMG-20220608-WA0038-768x432.jpg 768w, https:\/\/atecordoba.org\/wp-content\/uploads\/2022\/06\/IMG-20220608-WA0038-1536x864.jpg 1536w, https:\/\/atecordoba.org\/wp-content\/uploads\/2022\/06\/IMG-20220608-WA0038-750x422.jpg 750w, https:\/\/atecordoba.org\/wp-content\/uploads\/2022\/06\/IMG-20220608-WA0038-1140x641.jpg 1140w, https:\/\/atecordoba.org\/wp-content\/uploads\/2022\/06\/IMG-20220608-WA0038.jpg 1600w\" sizes=\"auto, (max-width: 1024px) 100vw, 1024px\" \/><\/a><\/figure>\n\n\n\n<figure class=\"wp-block-image size-large is-style-default\"><a href=\"https:\/\/atecordoba.org\/wp-content\/uploads\/2022\/06\/IMG-20220608-WA0012-1.jpg\"><img loading=\"lazy\" decoding=\"async\" width=\"1024\" height=\"576\" data-id=\"32223\" src=\"https:\/\/atecordoba.org\/wp-content\/uploads\/2022\/06\/IMG-20220608-WA0012-1-1024x576.jpg\" alt=\"\" class=\"wp-image-32223\" srcset=\"https:\/\/atecordoba.org\/wp-content\/uploads\/2022\/06\/IMG-20220608-WA0012-1-1024x576.jpg 1024w, https:\/\/atecordoba.org\/wp-content\/uploads\/2022\/06\/IMG-20220608-WA0012-1-300x169.jpg 300w, https:\/\/atecordoba.org\/wp-content\/uploads\/2022\/06\/IMG-20220608-WA0012-1-768x432.jpg 768w, https:\/\/atecordoba.org\/wp-content\/uploads\/2022\/06\/IMG-20220608-WA0012-1-1536x864.jpg 1536w, https:\/\/atecordoba.org\/wp-content\/uploads\/2022\/06\/IMG-20220608-WA0012-1-750x422.jpg 750w, https:\/\/atecordoba.org\/wp-content\/uploads\/2022\/06\/IMG-20220608-WA0012-1-1140x641.jpg 1140w, https:\/\/atecordoba.org\/wp-content\/uploads\/2022\/06\/IMG-20220608-WA0012-1.jpg 1600w\" sizes=\"auto, (max-width: 1024px) 100vw, 1024px\" \/><\/a><\/figure>\n\n\n\n<figure class=\"wp-block-image size-large is-style-default\"><a href=\"https:\/\/atecordoba.org\/wp-content\/uploads\/2022\/06\/IMG-20220608-WA0014.jpg\"><img loading=\"lazy\" decoding=\"async\" width=\"1024\" height=\"576\" data-id=\"32219\" src=\"https:\/\/atecordoba.org\/wp-content\/uploads\/2022\/06\/IMG-20220608-WA0014-1024x576.jpg\" alt=\"\" class=\"wp-image-32219\" srcset=\"https:\/\/atecordoba.org\/wp-content\/uploads\/2022\/06\/IMG-20220608-WA0014-1024x576.jpg 1024w, https:\/\/atecordoba.org\/wp-content\/uploads\/2022\/06\/IMG-20220608-WA0014-300x169.jpg 300w, https:\/\/atecordoba.org\/wp-content\/uploads\/2022\/06\/IMG-20220608-WA0014-768x432.jpg 768w, https:\/\/atecordoba.org\/wp-content\/uploads\/2022\/06\/IMG-20220608-WA0014-1536x864.jpg 1536w, https:\/\/atecordoba.org\/wp-content\/uploads\/2022\/06\/IMG-20220608-WA0014-750x422.jpg 750w, https:\/\/atecordoba.org\/wp-content\/uploads\/2022\/06\/IMG-20220608-WA0014-1140x641.jpg 1140w, https:\/\/atecordoba.org\/wp-content\/uploads\/2022\/06\/IMG-20220608-WA0014.jpg 1600w\" sizes=\"auto, (max-width: 1024px) 100vw, 1024px\" \/><\/a><\/figure>\n\n\n\n<figure class=\"wp-block-image size-large is-style-default\"><a href=\"https:\/\/atecordoba.org\/wp-content\/uploads\/2022\/06\/IMG-20220608-WA0016.jpg\"><img loading=\"lazy\" decoding=\"async\" width=\"1024\" height=\"576\" data-id=\"32226\" src=\"https:\/\/atecordoba.org\/wp-content\/uploads\/2022\/06\/IMG-20220608-WA0016-1024x576.jpg\" alt=\"\" class=\"wp-image-32226\" srcset=\"https:\/\/atecordoba.org\/wp-content\/uploads\/2022\/06\/IMG-20220608-WA0016-1024x576.jpg 1024w, https:\/\/atecordoba.org\/wp-content\/uploads\/2022\/06\/IMG-20220608-WA0016-300x169.jpg 300w, https:\/\/atecordoba.org\/wp-content\/uploads\/2022\/06\/IMG-20220608-WA0016-768x432.jpg 768w, https:\/\/atecordoba.org\/wp-content\/uploads\/2022\/06\/IMG-20220608-WA0016-1536x864.jpg 1536w, https:\/\/atecordoba.org\/wp-content\/uploads\/2022\/06\/IMG-20220608-WA0016-750x422.jpg 750w, https:\/\/atecordoba.org\/wp-content\/uploads\/2022\/06\/IMG-20220608-WA0016-1140x641.jpg 1140w, https:\/\/atecordoba.org\/wp-content\/uploads\/2022\/06\/IMG-20220608-WA0016.jpg 1600w\" sizes=\"auto, (max-width: 1024px) 100vw, 1024px\" \/><\/a><\/figure>\n\n\n\n<figure class=\"wp-block-image size-large is-style-default\"><a href=\"https:\/\/atecordoba.org\/wp-content\/uploads\/2022\/06\/IMG-20220608-WA0017.jpg\"><img loading=\"lazy\" decoding=\"async\" width=\"1024\" height=\"576\" data-id=\"32228\" src=\"https:\/\/atecordoba.org\/wp-content\/uploads\/2022\/06\/IMG-20220608-WA0017-1024x576.jpg\" alt=\"\" class=\"wp-image-32228\" srcset=\"https:\/\/atecordoba.org\/wp-content\/uploads\/2022\/06\/IMG-20220608-WA0017-1024x576.jpg 1024w, https:\/\/atecordoba.org\/wp-content\/uploads\/2022\/06\/IMG-20220608-WA0017-300x169.jpg 300w, https:\/\/atecordoba.org\/wp-content\/uploads\/2022\/06\/IMG-20220608-WA0017-768x432.jpg 768w, https:\/\/atecordoba.org\/wp-content\/uploads\/2022\/06\/IMG-20220608-WA0017-1536x864.jpg 1536w, https:\/\/atecordoba.org\/wp-content\/uploads\/2022\/06\/IMG-20220608-WA0017-750x422.jpg 750w, https:\/\/atecordoba.org\/wp-content\/uploads\/2022\/06\/IMG-20220608-WA0017-1140x641.jpg 1140w, https:\/\/atecordoba.org\/wp-content\/uploads\/2022\/06\/IMG-20220608-WA0017.jpg 1600w\" sizes=\"auto, (max-width: 1024px) 100vw, 1024px\" \/><\/a><\/figure>\n\n\n\n<figure class=\"wp-block-image size-large is-style-default\"><a href=\"https:\/\/atecordoba.org\/wp-content\/uploads\/2022\/06\/IMG-20220608-WA0018.jpg\"><img loading=\"lazy\" decoding=\"async\" width=\"1024\" height=\"576\" data-id=\"32218\" src=\"https:\/\/atecordoba.org\/wp-content\/uploads\/2022\/06\/IMG-20220608-WA0018-1024x576.jpg\" alt=\"\" class=\"wp-image-32218\" srcset=\"https:\/\/atecordoba.org\/wp-content\/uploads\/2022\/06\/IMG-20220608-WA0018-1024x576.jpg 1024w, https:\/\/atecordoba.org\/wp-content\/uploads\/2022\/06\/IMG-20220608-WA0018-300x169.jpg 300w, https:\/\/atecordoba.org\/wp-content\/uploads\/2022\/06\/IMG-20220608-WA0018-768x432.jpg 768w, https:\/\/atecordoba.org\/wp-content\/uploads\/2022\/06\/IMG-20220608-WA0018-1536x864.jpg 1536w, https:\/\/atecordoba.org\/wp-content\/uploads\/2022\/06\/IMG-20220608-WA0018-750x422.jpg 750w, https:\/\/atecordoba.org\/wp-content\/uploads\/2022\/06\/IMG-20220608-WA0018-1140x641.jpg 1140w, https:\/\/atecordoba.org\/wp-content\/uploads\/2022\/06\/IMG-20220608-WA0018.jpg 1600w\" sizes=\"auto, (max-width: 1024px) 100vw, 1024px\" \/><\/a><\/figure>\n\n\n\n<figure class=\"wp-block-image size-large is-style-default\"><a href=\"https:\/\/atecordoba.org\/wp-content\/uploads\/2022\/06\/IMG-20220608-WA0019.jpg\"><img loading=\"lazy\" decoding=\"async\" width=\"1024\" height=\"576\" data-id=\"32217\" src=\"https:\/\/atecordoba.org\/wp-content\/uploads\/2022\/06\/IMG-20220608-WA0019-1024x576.jpg\" alt=\"\" class=\"wp-image-32217\" srcset=\"https:\/\/atecordoba.org\/wp-content\/uploads\/2022\/06\/IMG-20220608-WA0019-1024x576.jpg 1024w, https:\/\/atecordoba.org\/wp-content\/uploads\/2022\/06\/IMG-20220608-WA0019-300x169.jpg 300w, https:\/\/atecordoba.org\/wp-content\/uploads\/2022\/06\/IMG-20220608-WA0019-768x432.jpg 768w, https:\/\/atecordoba.org\/wp-content\/uploads\/2022\/06\/IMG-20220608-WA0019-1536x864.jpg 1536w, https:\/\/atecordoba.org\/wp-content\/uploads\/2022\/06\/IMG-20220608-WA0019-750x422.jpg 750w, https:\/\/atecordoba.org\/wp-content\/uploads\/2022\/06\/IMG-20220608-WA0019-1140x641.jpg 1140w, https:\/\/atecordoba.org\/wp-content\/uploads\/2022\/06\/IMG-20220608-WA0019.jpg 1600w\" sizes=\"auto, (max-width: 1024px) 100vw, 1024px\" \/><\/a><\/figure>\n\n\n\n<figure class=\"wp-block-image size-large is-style-default\"><a href=\"https:\/\/atecordoba.org\/wp-content\/uploads\/2022\/06\/IMG-20220608-WA0028.jpg\"><img loading=\"lazy\" decoding=\"async\" width=\"1024\" height=\"576\" data-id=\"32229\" src=\"https:\/\/atecordoba.org\/wp-content\/uploads\/2022\/06\/IMG-20220608-WA0028-1024x576.jpg\" alt=\"\" class=\"wp-image-32229\" srcset=\"https:\/\/atecordoba.org\/wp-content\/uploads\/2022\/06\/IMG-20220608-WA0028-1024x576.jpg 1024w, https:\/\/atecordoba.org\/wp-content\/uploads\/2022\/06\/IMG-20220608-WA0028-300x169.jpg 300w, https:\/\/atecordoba.org\/wp-content\/uploads\/2022\/06\/IMG-20220608-WA0028-768x432.jpg 768w, https:\/\/atecordoba.org\/wp-content\/uploads\/2022\/06\/IMG-20220608-WA0028-1536x864.jpg 1536w, https:\/\/atecordoba.org\/wp-content\/uploads\/2022\/06\/IMG-20220608-WA0028-750x422.jpg 750w, https:\/\/atecordoba.org\/wp-content\/uploads\/2022\/06\/IMG-20220608-WA0028-1140x641.jpg 1140w, https:\/\/atecordoba.org\/wp-content\/uploads\/2022\/06\/IMG-20220608-WA0028.jpg 1600w\" sizes=\"auto, (max-width: 1024px) 100vw, 1024px\" \/><\/a><\/figure>\n\n\n\n<figure class=\"wp-block-image size-large is-style-default\"><a href=\"https:\/\/atecordoba.org\/wp-content\/uploads\/2022\/06\/IMG-20220608-WA0029.jpg\"><img loading=\"lazy\" decoding=\"async\" width=\"1024\" height=\"576\" data-id=\"32230\" src=\"https:\/\/atecordoba.org\/wp-content\/uploads\/2022\/06\/IMG-20220608-WA0029-1024x576.jpg\" alt=\"\" class=\"wp-image-32230\" srcset=\"https:\/\/atecordoba.org\/wp-content\/uploads\/2022\/06\/IMG-20220608-WA0029-1024x576.jpg 1024w, https:\/\/atecordoba.org\/wp-content\/uploads\/2022\/06\/IMG-20220608-WA0029-300x169.jpg 300w, https:\/\/atecordoba.org\/wp-content\/uploads\/2022\/06\/IMG-20220608-WA0029-768x432.jpg 768w, https:\/\/atecordoba.org\/wp-content\/uploads\/2022\/06\/IMG-20220608-WA0029-1536x864.jpg 1536w, https:\/\/atecordoba.org\/wp-content\/uploads\/2022\/06\/IMG-20220608-WA0029-750x422.jpg 750w, https:\/\/atecordoba.org\/wp-content\/uploads\/2022\/06\/IMG-20220608-WA0029-1140x641.jpg 1140w, https:\/\/atecordoba.org\/wp-content\/uploads\/2022\/06\/IMG-20220608-WA0029.jpg 1600w\" sizes=\"auto, (max-width: 1024px) 100vw, 1024px\" \/><\/a><\/figure>\n\n\n\n<figure class=\"wp-block-image size-large is-style-default\"><a href=\"https:\/\/atecordoba.org\/wp-content\/uploads\/2022\/06\/IMG-20220608-WA0030.jpg\"><img loading=\"lazy\" decoding=\"async\" width=\"1024\" height=\"576\" data-id=\"32220\" src=\"https:\/\/atecordoba.org\/wp-content\/uploads\/2022\/06\/IMG-20220608-WA0030-1024x576.jpg\" alt=\"\" class=\"wp-image-32220\" srcset=\"https:\/\/atecordoba.org\/wp-content\/uploads\/2022\/06\/IMG-20220608-WA0030-1024x576.jpg 1024w, https:\/\/atecordoba.org\/wp-content\/uploads\/2022\/06\/IMG-20220608-WA0030-300x169.jpg 300w, https:\/\/atecordoba.org\/wp-content\/uploads\/2022\/06\/IMG-20220608-WA0030-768x432.jpg 768w, https:\/\/atecordoba.org\/wp-content\/uploads\/2022\/06\/IMG-20220608-WA0030-1536x864.jpg 1536w, https:\/\/atecordoba.org\/wp-content\/uploads\/2022\/06\/IMG-20220608-WA0030-750x422.jpg 750w, https:\/\/atecordoba.org\/wp-content\/uploads\/2022\/06\/IMG-20220608-WA0030-1140x641.jpg 1140w, https:\/\/atecordoba.org\/wp-content\/uploads\/2022\/06\/IMG-20220608-WA0030.jpg 1600w\" sizes=\"auto, (max-width: 1024px) 100vw, 1024px\" \/><\/a><\/figure>\n\n\n\n<figure class=\"wp-block-image size-large is-style-default\"><a href=\"https:\/\/atecordoba.org\/wp-content\/uploads\/2022\/06\/IMG-20220608-WA0031.jpg\"><img loading=\"lazy\" decoding=\"async\" width=\"1024\" height=\"576\" data-id=\"32222\" src=\"https:\/\/atecordoba.org\/wp-content\/uploads\/2022\/06\/IMG-20220608-WA0031-1024x576.jpg\" alt=\"\" class=\"wp-image-32222\" srcset=\"https:\/\/atecordoba.org\/wp-content\/uploads\/2022\/06\/IMG-20220608-WA0031-1024x576.jpg 1024w, https:\/\/atecordoba.org\/wp-content\/uploads\/2022\/06\/IMG-20220608-WA0031-300x169.jpg 300w, https:\/\/atecordoba.org\/wp-content\/uploads\/2022\/06\/IMG-20220608-WA0031-768x432.jpg 768w, https:\/\/atecordoba.org\/wp-content\/uploads\/2022\/06\/IMG-20220608-WA0031-1536x864.jpg 1536w, https:\/\/atecordoba.org\/wp-content\/uploads\/2022\/06\/IMG-20220608-WA0031-750x422.jpg 750w, https:\/\/atecordoba.org\/wp-content\/uploads\/2022\/06\/IMG-20220608-WA0031-1140x641.jpg 1140w, https:\/\/atecordoba.org\/wp-content\/uploads\/2022\/06\/IMG-20220608-WA0031.jpg 1600w\" sizes=\"auto, (max-width: 1024px) 100vw, 1024px\" \/><\/a><\/figure>\n\n\n\n<figure class=\"wp-block-image size-large is-style-default\"><a href=\"https:\/\/atecordoba.org\/wp-content\/uploads\/2022\/06\/IMG-20220608-WA0032.jpg\"><img loading=\"lazy\" decoding=\"async\" width=\"1024\" height=\"576\" data-id=\"32225\" src=\"https:\/\/atecordoba.org\/wp-content\/uploads\/2022\/06\/IMG-20220608-WA0032-1024x576.jpg\" alt=\"\" class=\"wp-image-32225\" srcset=\"https:\/\/atecordoba.org\/wp-content\/uploads\/2022\/06\/IMG-20220608-WA0032-1024x576.jpg 1024w, https:\/\/atecordoba.org\/wp-content\/uploads\/2022\/06\/IMG-20220608-WA0032-300x169.jpg 300w, https:\/\/atecordoba.org\/wp-content\/uploads\/2022\/06\/IMG-20220608-WA0032-768x432.jpg 768w, https:\/\/atecordoba.org\/wp-content\/uploads\/2022\/06\/IMG-20220608-WA0032-1536x864.jpg 1536w, https:\/\/atecordoba.org\/wp-content\/uploads\/2022\/06\/IMG-20220608-WA0032-750x422.jpg 750w, https:\/\/atecordoba.org\/wp-content\/uploads\/2022\/06\/IMG-20220608-WA0032-1140x641.jpg 1140w, https:\/\/atecordoba.org\/wp-content\/uploads\/2022\/06\/IMG-20220608-WA0032.jpg 1600w\" sizes=\"auto, (max-width: 1024px) 100vw, 1024px\" \/><\/a><\/figure>\n\n\n\n<figure class=\"wp-block-image size-large is-style-default\"><a href=\"https:\/\/atecordoba.org\/wp-content\/uploads\/2022\/06\/IMG-20220608-WA0033.jpg\"><img loading=\"lazy\" decoding=\"async\" width=\"1024\" height=\"576\" data-id=\"32224\" src=\"https:\/\/atecordoba.org\/wp-content\/uploads\/2022\/06\/IMG-20220608-WA0033-1024x576.jpg\" alt=\"\" class=\"wp-image-32224\" srcset=\"https:\/\/atecordoba.org\/wp-content\/uploads\/2022\/06\/IMG-20220608-WA0033-1024x576.jpg 1024w, https:\/\/atecordoba.org\/wp-content\/uploads\/2022\/06\/IMG-20220608-WA0033-300x169.jpg 300w, https:\/\/atecordoba.org\/wp-content\/uploads\/2022\/06\/IMG-20220608-WA0033-768x432.jpg 768w, https:\/\/atecordoba.org\/wp-content\/uploads\/2022\/06\/IMG-20220608-WA0033-1536x864.jpg 1536w, https:\/\/atecordoba.org\/wp-content\/uploads\/2022\/06\/IMG-20220608-WA0033-750x422.jpg 750w, https:\/\/atecordoba.org\/wp-content\/uploads\/2022\/06\/IMG-20220608-WA0033-1140x641.jpg 1140w, https:\/\/atecordoba.org\/wp-content\/uploads\/2022\/06\/IMG-20220608-WA0033.jpg 1600w\" sizes=\"auto, (max-width: 1024px) 100vw, 1024px\" \/><\/a><\/figure>\n\n\n\n<figure class=\"wp-block-image size-large is-style-default\"><a href=\"https:\/\/atecordoba.org\/wp-content\/uploads\/2022\/06\/IMG-20220608-WA0036.jpg\"><img loading=\"lazy\" decoding=\"async\" width=\"1024\" height=\"576\" data-id=\"32227\" src=\"https:\/\/atecordoba.org\/wp-content\/uploads\/2022\/06\/IMG-20220608-WA0036-1024x576.jpg\" alt=\"\" class=\"wp-image-32227\" srcset=\"https:\/\/atecordoba.org\/wp-content\/uploads\/2022\/06\/IMG-20220608-WA0036-1024x576.jpg 1024w, https:\/\/atecordoba.org\/wp-content\/uploads\/2022\/06\/IMG-20220608-WA0036-300x169.jpg 300w, https:\/\/atecordoba.org\/wp-content\/uploads\/2022\/06\/IMG-20220608-WA0036-768x432.jpg 768w, https:\/\/atecordoba.org\/wp-content\/uploads\/2022\/06\/IMG-20220608-WA0036-1536x864.jpg 1536w, https:\/\/atecordoba.org\/wp-content\/uploads\/2022\/06\/IMG-20220608-WA0036-750x422.jpg 750w, https:\/\/atecordoba.org\/wp-content\/uploads\/2022\/06\/IMG-20220608-WA0036-1140x641.jpg 1140w, https:\/\/atecordoba.org\/wp-content\/uploads\/2022\/06\/IMG-20220608-WA0036.jpg 1600w\" sizes=\"auto, (max-width: 1024px) 100vw, 1024px\" \/><\/a><\/figure>\n<\/figure>\n\n\n\n<p><\/p>\n\n\n\n<p><strong>Entrevista en el programa Entre Todos y Todas<\/strong> <strong>de ATE C\u00f3rdoba<\/strong><\/p>\n\n\n<p><iframe loading=\"lazy\" width=\"100%\" height=\"175px\" scrolling=\"no\" frameborder=\"no\" src=\"\/\/ar.radiocut.fm\/audiocut\/embed\/hori\/entrevista-con-medicas-despedidas-comision-medica-05-cordoba-srt-nacion\/\" ><\/iframe><\/p>\n","protected":false},"excerpt":{"rendered":"<p>Esta ma\u00f1ana se llev\u00f3 a cabo una importante asamblea frente a la Delegaci\u00f3n C\u00f3rdoba de la Superintendencia de Riesgos de Trabajo, en calle Rivadavia 765, para repudiar los despidos de cinco trabajadoras del organismo. Al mismo tiempo, se resolvi\u00f3 el quite de colaboraci\u00f3n, que interrumpir\u00e1 los turnos de atenci\u00f3n, y una marcha a la Agencia [&hellip;]<\/p>\n","protected":false},"author":7,"featured_media":32231,"comment_status":"open","ping_status":"open","sticky":false,"template":"","format":"standard","meta":{"_exactmetrics_skip_tracking":false,"_exactmetrics_sitenote_active":false,"_exactmetrics_sitenote_note":"","_exactmetrics_sitenote_category":0,"jnews-multi-image_gallery":[],"jnews_single_post":{"subtitle":"Se trata de  profesionales que sufren precarizaci\u00f3n laboral y que fueron informadas sobre la 'discontinuidad de sus contratos', a pesar de que en algunos de sus casos ya tienen ganado su cargo por concursos pero la patronal no los hace efectivos. Ahora informaron que de \"manera aleatoria\" se resolvi\u00f3 no renovar dichos contratos, dejando en al calle a cinco trabajadoras que, para peor, son sost\u00e9n de hogar. ","format":"standard","video":"","gallery":"","source_name":"","source_url":"","via_name":"","via_url":"","override_template":"0","override":[{"template":"1","single_blog_custom":"","parallax":"1","fullscreen":"1","layout":"right-sidebar","sidebar":"default-sidebar","second_sidebar":"default-sidebar","sticky_sidebar":"1","share_position":"top","share_float_style":"share-monocrhome","show_share_counter":"1","show_view_counter":"1","show_featured":"1","show_post_meta":"1","show_post_author":"1","show_post_author_image":"1","show_post_date":"1","post_date_format":"default","post_date_format_custom":"Y\/m\/d","show_post_category":"1","show_post_reading_time":"0","post_reading_time_wpm":"300","show_zoom_button":"0","zoom_button_out_step":"2","zoom_button_in_step":"3","show_post_tag":"1","show_prev_next_post":"1","show_popup_post":"1","number_popup_post":"1","show_author_box":"0","show_post_related":"0","show_inline_post_related":"0"}],"override_image_size":"0","image_override":[{"single_post_thumbnail_size":"crop-500","single_post_gallery_size":"crop-500"}],"trending_post":"0","trending_post_position":"meta","trending_post_label":"Trending","sponsored_post":"0","sponsored_post_label":"Sponsored by","sponsored_post_name":"","sponsored_post_url":"","sponsored_post_logo_enable":"0","sponsored_post_logo":"","sponsored_post_desc":"","disable_ad":"0"},"jnews_primary_category":{"id":""},"jnews_social_meta":{"fb_title":"Nacionales: asamblea en la SRT resolvi\u00f3 quite de colaboraci\u00f3n y marcha al Ministerio de Trabajo por los cincos despidos.","fb_description":"","fb_image":"","twitter_title":"","twitter_description":"","twitter_image":""},"jnews_review":[],"enable_review":"0","type":"percentage","name":"","summary":"","brand":"","sku":"","good":[{"good_text":""}],"bad":[{"bad_text":""}],"score_override":"","override_value":"","rating":[{"rating_text":"","rating_number":"10"}],"price":[{"shop":"","price":"","link":"","icon":""}],"jnews_override_counter":{"override_view_counter":"0","view_counter_number":"0","override_share_counter":"0","share_counter_number":"0","override_like_counter":"0","like_counter_number":"0","override_dislike_counter":"0","dislike_counter_number":"0"},"jnews_post_split":{"enable_post_split":"0","post_split":[{"template":"1","tag":"h2","numbering":"asc","mode":"normal","first":"0","enable_toc":"0","toc_type":"normal"}]},"footnotes":""},"categories":[18],"tags":[1134],"class_list":["post-32213","post","type-post","status-publish","format-standard","has-post-thumbnail","hentry","category-nacionales","tag-super-intendencia-de-riesgos-de-trabajo"],"jetpack_featured_media_url":"https:\/\/atecordoba.org\/wp-content\/uploads\/2022\/06\/portada-e1654698592818.jpg","_links":{"self":[{"href":"https:\/\/atecordoba.org\/index.php?rest_route=\/wp\/v2\/posts\/32213","targetHints":{"allow":["GET"]}}],"collection":[{"href":"https:\/\/atecordoba.org\/index.php?rest_route=\/wp\/v2\/posts"}],"about":[{"href":"https:\/\/atecordoba.org\/index.php?rest_route=\/wp\/v2\/types\/post"}],"author":[{"embeddable":true,"href":"https:\/\/atecordoba.org\/index.php?rest_route=\/wp\/v2\/users\/7"}],"replies":[{"embeddable":true,"href":"https:\/\/atecordoba.org\/index.php?rest_route=%2Fwp%2Fv2%2Fcomments&post=32213"}],"version-history":[{"count":9,"href":"https:\/\/atecordoba.org\/index.php?rest_route=\/wp\/v2\/posts\/32213\/revisions"}],"predecessor-version":[{"id":32246,"href":"https:\/\/atecordoba.org\/index.php?rest_route=\/wp\/v2\/posts\/32213\/revisions\/32246"}],"wp:featuredmedia":[{"embeddable":true,"href":"https:\/\/atecordoba.org\/index.php?rest_route=\/wp\/v2\/media\/32231"}],"wp:attachment":[{"href":"https:\/\/atecordoba.org\/index.php?rest_route=%2Fwp%2Fv2%2Fmedia&parent=32213"}],"wp:term":[{"taxonomy":"category","embeddable":true,"href":"https:\/\/atecordoba.org\/index.php?rest_route=%2Fwp%2Fv2%2Fcategories&post=32213"},{"taxonomy":"post_tag","embeddable":true,"href":"https:\/\/atecordoba.org\/index.php?rest_route=%2Fwp%2Fv2%2Ftags&post=32213"}],"curies":[{"name":"wp","href":"https:\/\/api.w.org\/{rel}","templated":true}]}}