{"id":32194,"date":"2022-06-07T15:06:59","date_gmt":"2022-06-07T18:06:59","guid":{"rendered":"https:\/\/atecordoba.org\/?p=32194"},"modified":"2022-06-07T15:52:36","modified_gmt":"2022-06-07T18:52:36","slug":"ate-repudia-cinco-despidos-en-al-superintendencia-de-riesgos-de-trabajo","status":"publish","type":"post","link":"https:\/\/atecordoba.org\/?p=32194","title":{"rendered":"ATE repudia cinco despidos en la Superintendencia de Riesgos de Trabajo"},"content":{"rendered":"\n<div class=\"wp-block-image is-style-default\"><figure class=\"aligncenter size-large is-resized\"><img loading=\"lazy\" decoding=\"async\" src=\"https:\/\/atecordoba.org\/wp-content\/uploads\/2022\/06\/IMG_20220607_113535_091-1024x768.webp\" alt=\"\" class=\"wp-image-32195\" width=\"768\" height=\"576\" srcset=\"https:\/\/atecordoba.org\/wp-content\/uploads\/2022\/06\/IMG_20220607_113535_091-1024x768.webp 1024w, https:\/\/atecordoba.org\/wp-content\/uploads\/2022\/06\/IMG_20220607_113535_091-300x225.webp 300w, https:\/\/atecordoba.org\/wp-content\/uploads\/2022\/06\/IMG_20220607_113535_091-768x576.webp 768w, https:\/\/atecordoba.org\/wp-content\/uploads\/2022\/06\/IMG_20220607_113535_091-750x563.webp 750w, https:\/\/atecordoba.org\/wp-content\/uploads\/2022\/06\/IMG_20220607_113535_091.webp 1080w\" sizes=\"auto, (max-width: 768px) 100vw, 768px\" \/><\/figure><\/div>\n\n\n\n<p>Frente a la novedad que cinco trabajadoras de la Superintendencia de Riesgos de Trabajo de la Naci\u00f3n ser\u00e1n despedidas de la Delegaci\u00f3n C\u00f3rdoba del organismo, ATE C\u00f3rdoba expresa su total y absoluto repudio a la medida patronal y exige la renovaci\u00f3n de los contratos. <\/p>\n\n\n\n<p>Se trata de cinco compa\u00f1eras que son Jefas de Hogar y tiene antig\u00fcedad de sobra en sus cargos para contar con la estabilidad de ley, pero la precarizaci\u00f3n laboral que sufre gran parte de la Administraci\u00f3n P\u00fablica Nacional fue la excusa para dejar sin continuidad a las compa\u00f1eras en sus cargos.<\/p>\n\n\n\n<p>En horas de la ma\u00f1ana una importante asamblea se desarroll\u00f3 en las oficinas de calle Rivadavia, encabezada por el secretario General de ATE C\u00f3rdoba, Federico Giuliani, acompa\u00f1ado por el secretario de Formaci\u00f3n, C\u00e9sar Theaux, y Jorge Chalup.<\/p>\n\n\n\n<p>Para ma\u00f1ana a las 9.30 horas est\u00e1 previsto realizar una nueva asamblea frente al ingreso al organismo. <\/p>\n\n\n\n<figure class=\"wp-block-gallery has-nested-images columns-default is-cropped wp-block-gallery-1 is-layout-flex wp-block-gallery-is-layout-flex\">\n<figure class=\"wp-block-image size-large is-style-default\"><a href=\"https:\/\/atecordoba.org\/wp-content\/uploads\/2022\/06\/IMG_20220607_113535_794.webp\"><img loading=\"lazy\" decoding=\"async\" width=\"1024\" height=\"768\" data-id=\"32196\" src=\"https:\/\/atecordoba.org\/wp-content\/uploads\/2022\/06\/IMG_20220607_113535_794-1024x768.webp\" alt=\"\" class=\"wp-image-32196\" srcset=\"https:\/\/atecordoba.org\/wp-content\/uploads\/2022\/06\/IMG_20220607_113535_794-1024x768.webp 1024w, https:\/\/atecordoba.org\/wp-content\/uploads\/2022\/06\/IMG_20220607_113535_794-300x225.webp 300w, https:\/\/atecordoba.org\/wp-content\/uploads\/2022\/06\/IMG_20220607_113535_794-768x576.webp 768w, https:\/\/atecordoba.org\/wp-content\/uploads\/2022\/06\/IMG_20220607_113535_794-750x563.webp 750w, https:\/\/atecordoba.org\/wp-content\/uploads\/2022\/06\/IMG_20220607_113535_794.webp 1080w\" sizes=\"auto, (max-width: 1024px) 100vw, 1024px\" \/><\/a><\/figure>\n\n\n\n<figure class=\"wp-block-image size-large is-style-default\"><a href=\"https:\/\/atecordoba.org\/wp-content\/uploads\/2022\/06\/IMG_20220607_113535_452.webp\"><img loading=\"lazy\" decoding=\"async\" width=\"1024\" height=\"768\" data-id=\"32201\" src=\"https:\/\/atecordoba.org\/wp-content\/uploads\/2022\/06\/IMG_20220607_113535_452-1024x768.webp\" alt=\"\" class=\"wp-image-32201\" srcset=\"https:\/\/atecordoba.org\/wp-content\/uploads\/2022\/06\/IMG_20220607_113535_452-1024x768.webp 1024w, https:\/\/atecordoba.org\/wp-content\/uploads\/2022\/06\/IMG_20220607_113535_452-300x225.webp 300w, https:\/\/atecordoba.org\/wp-content\/uploads\/2022\/06\/IMG_20220607_113535_452-768x576.webp 768w, https:\/\/atecordoba.org\/wp-content\/uploads\/2022\/06\/IMG_20220607_113535_452-750x563.webp 750w, https:\/\/atecordoba.org\/wp-content\/uploads\/2022\/06\/IMG_20220607_113535_452.webp 1080w\" sizes=\"auto, (max-width: 1024px) 100vw, 1024px\" \/><\/a><\/figure>\n\n\n\n<figure class=\"wp-block-image size-large is-style-default\"><a href=\"https:\/\/atecordoba.org\/wp-content\/uploads\/2022\/06\/IMG_20220607_113535_535.webp\"><img loading=\"lazy\" decoding=\"async\" width=\"1024\" height=\"768\" data-id=\"32198\" src=\"https:\/\/atecordoba.org\/wp-content\/uploads\/2022\/06\/IMG_20220607_113535_535-1024x768.webp\" alt=\"\" class=\"wp-image-32198\" srcset=\"https:\/\/atecordoba.org\/wp-content\/uploads\/2022\/06\/IMG_20220607_113535_535-1024x768.webp 1024w, https:\/\/atecordoba.org\/wp-content\/uploads\/2022\/06\/IMG_20220607_113535_535-300x225.webp 300w, https:\/\/atecordoba.org\/wp-content\/uploads\/2022\/06\/IMG_20220607_113535_535-768x576.webp 768w, https:\/\/atecordoba.org\/wp-content\/uploads\/2022\/06\/IMG_20220607_113535_535-750x563.webp 750w, https:\/\/atecordoba.org\/wp-content\/uploads\/2022\/06\/IMG_20220607_113535_535.webp 1080w\" sizes=\"auto, (max-width: 1024px) 100vw, 1024px\" \/><\/a><\/figure>\n\n\n\n<figure class=\"wp-block-image size-large is-style-default\"><a href=\"https:\/\/atecordoba.org\/wp-content\/uploads\/2022\/06\/IMG_20220607_113535_577.webp\"><img loading=\"lazy\" decoding=\"async\" width=\"1024\" height=\"768\" data-id=\"32200\" src=\"https:\/\/atecordoba.org\/wp-content\/uploads\/2022\/06\/IMG_20220607_113535_577-1024x768.webp\" alt=\"\" class=\"wp-image-32200\" srcset=\"https:\/\/atecordoba.org\/wp-content\/uploads\/2022\/06\/IMG_20220607_113535_577-1024x768.webp 1024w, https:\/\/atecordoba.org\/wp-content\/uploads\/2022\/06\/IMG_20220607_113535_577-300x225.webp 300w, https:\/\/atecordoba.org\/wp-content\/uploads\/2022\/06\/IMG_20220607_113535_577-768x576.webp 768w, https:\/\/atecordoba.org\/wp-content\/uploads\/2022\/06\/IMG_20220607_113535_577-750x563.webp 750w, https:\/\/atecordoba.org\/wp-content\/uploads\/2022\/06\/IMG_20220607_113535_577.webp 1080w\" sizes=\"auto, (max-width: 1024px) 100vw, 1024px\" \/><\/a><\/figure>\n\n\n\n<figure class=\"wp-block-image size-large is-style-default\"><a href=\"https:\/\/atecordoba.org\/wp-content\/uploads\/2022\/06\/IMG_20220607_113535_677.webp\"><img loading=\"lazy\" decoding=\"async\" width=\"1024\" height=\"768\" data-id=\"32197\" src=\"https:\/\/atecordoba.org\/wp-content\/uploads\/2022\/06\/IMG_20220607_113535_677-1024x768.webp\" alt=\"\" class=\"wp-image-32197\" srcset=\"https:\/\/atecordoba.org\/wp-content\/uploads\/2022\/06\/IMG_20220607_113535_677-1024x768.webp 1024w, https:\/\/atecordoba.org\/wp-content\/uploads\/2022\/06\/IMG_20220607_113535_677-300x225.webp 300w, https:\/\/atecordoba.org\/wp-content\/uploads\/2022\/06\/IMG_20220607_113535_677-768x576.webp 768w, https:\/\/atecordoba.org\/wp-content\/uploads\/2022\/06\/IMG_20220607_113535_677-750x563.webp 750w, https:\/\/atecordoba.org\/wp-content\/uploads\/2022\/06\/IMG_20220607_113535_677.webp 1080w\" sizes=\"auto, (max-width: 1024px) 100vw, 1024px\" \/><\/a><\/figure>\n\n\n\n<figure class=\"wp-block-image size-large is-style-default\"><a href=\"https:\/\/atecordoba.org\/wp-content\/uploads\/2022\/06\/IMG_20220607_113535_764.webp\"><img loading=\"lazy\" decoding=\"async\" width=\"1024\" height=\"768\" data-id=\"32199\" src=\"https:\/\/atecordoba.org\/wp-content\/uploads\/2022\/06\/IMG_20220607_113535_764-1024x768.webp\" alt=\"\" class=\"wp-image-32199\" srcset=\"https:\/\/atecordoba.org\/wp-content\/uploads\/2022\/06\/IMG_20220607_113535_764-1024x768.webp 1024w, https:\/\/atecordoba.org\/wp-content\/uploads\/2022\/06\/IMG_20220607_113535_764-300x225.webp 300w, https:\/\/atecordoba.org\/wp-content\/uploads\/2022\/06\/IMG_20220607_113535_764-768x576.webp 768w, https:\/\/atecordoba.org\/wp-content\/uploads\/2022\/06\/IMG_20220607_113535_764-750x563.webp 750w, https:\/\/atecordoba.org\/wp-content\/uploads\/2022\/06\/IMG_20220607_113535_764.webp 1080w\" sizes=\"auto, (max-width: 1024px) 100vw, 1024px\" \/><\/a><\/figure>\n<\/figure>\n","protected":false},"excerpt":{"rendered":"<p>Frente a la novedad que cinco trabajadoras de la Superintendencia de Riesgos de Trabajo de la Naci\u00f3n ser\u00e1n despedidas de la Delegaci\u00f3n C\u00f3rdoba del organismo, ATE C\u00f3rdoba expresa su total y absoluto repudio a la medida patronal y exige la renovaci\u00f3n de los contratos. Se trata de cinco compa\u00f1eras que son Jefas de Hogar y [&hellip;]<\/p>\n","protected":false},"author":7,"featured_media":32202,"comment_status":"open","ping_status":"open","sticky":false,"template":"","format":"standard","meta":{"_exactmetrics_skip_tracking":false,"_exactmetrics_sitenote_active":false,"_exactmetrics_sitenote_note":"","_exactmetrics_sitenote_category":0,"jnews-multi-image_gallery":[],"jnews_single_post":{"subtitle":"El secretario General de ATE C\u00f3rdoba, Federico Giuliani, particip\u00f3 de la asamblea que se realiz\u00f3 en la delegaci\u00f3n local del organismo. ","format":"standard","video":"","gallery":"","source_name":"","source_url":"","via_name":"","via_url":"","override_template":"0","override":[{"template":"1","single_blog_custom":"","parallax":"1","fullscreen":"1","layout":"right-sidebar","sidebar":"default-sidebar","second_sidebar":"default-sidebar","sticky_sidebar":"1","share_position":"top","share_float_style":"share-monocrhome","show_share_counter":"1","show_view_counter":"1","show_featured":"1","show_post_meta":"1","show_post_author":"1","show_post_author_image":"1","show_post_date":"1","post_date_format":"default","post_date_format_custom":"Y\/m\/d","show_post_category":"1","show_post_reading_time":"0","post_reading_time_wpm":"300","show_zoom_button":"0","zoom_button_out_step":"2","zoom_button_in_step":"3","show_post_tag":"1","show_prev_next_post":"1","show_popup_post":"1","number_popup_post":"1","show_author_box":"0","show_post_related":"0","show_inline_post_related":"0"}],"override_image_size":"0","image_override":[{"single_post_thumbnail_size":"crop-500","single_post_gallery_size":"crop-500"}],"trending_post":"0","trending_post_position":"meta","trending_post_label":"Trending","sponsored_post":"0","sponsored_post_label":"Sponsored by","sponsored_post_name":"","sponsored_post_url":"","sponsored_post_logo_enable":"0","sponsored_post_logo":"","sponsored_post_desc":"","disable_ad":"0"},"jnews_primary_category":{"id":""},"jnews_social_meta":{"fb_title":"Nacionales: ATE repudia cinco despidos en al Superintendencia de Riesgos de Trabajo","fb_description":"","fb_image":"","twitter_title":"","twitter_description":"","twitter_image":""},"jnews_review":[],"enable_review":"0","type":"percentage","name":"","summary":"","brand":"","sku":"","good":[{"good_text":""}],"bad":[{"bad_text":""}],"score_override":"","override_value":"","rating":[{"rating_text":"","rating_number":"10"}],"price":[{"shop":"","price":"","link":"","icon":""}],"jnews_override_counter":{"override_view_counter":"0","view_counter_number":"0","override_share_counter":"0","share_counter_number":"0","override_like_counter":"0","like_counter_number":"0","override_dislike_counter":"0","dislike_counter_number":"0"},"jnews_post_split":{"enable_post_split":"0","post_split":[{"template":"1","tag":"h2","numbering":"asc","mode":"normal","first":"0","enable_toc":"0","toc_type":"normal"}]},"footnotes":""},"categories":[18],"tags":[1134],"class_list":["post-32194","post","type-post","status-publish","format-standard","has-post-thumbnail","hentry","category-nacionales","tag-super-intendencia-de-riesgos-de-trabajo"],"jetpack_featured_media_url":"https:\/\/atecordoba.org\/wp-content\/uploads\/2022\/06\/portada-e1654625146368.webp","_links":{"self":[{"href":"https:\/\/atecordoba.org\/index.php?rest_route=\/wp\/v2\/posts\/32194","targetHints":{"allow":["GET"]}}],"collection":[{"href":"https:\/\/atecordoba.org\/index.php?rest_route=\/wp\/v2\/posts"}],"about":[{"href":"https:\/\/atecordoba.org\/index.php?rest_route=\/wp\/v2\/types\/post"}],"author":[{"embeddable":true,"href":"https:\/\/atecordoba.org\/index.php?rest_route=\/wp\/v2\/users\/7"}],"replies":[{"embeddable":true,"href":"https:\/\/atecordoba.org\/index.php?rest_route=%2Fwp%2Fv2%2Fcomments&post=32194"}],"version-history":[{"count":2,"href":"https:\/\/atecordoba.org\/index.php?rest_route=\/wp\/v2\/posts\/32194\/revisions"}],"predecessor-version":[{"id":32209,"href":"https:\/\/atecordoba.org\/index.php?rest_route=\/wp\/v2\/posts\/32194\/revisions\/32209"}],"wp:featuredmedia":[{"embeddable":true,"href":"https:\/\/atecordoba.org\/index.php?rest_route=\/wp\/v2\/media\/32202"}],"wp:attachment":[{"href":"https:\/\/atecordoba.org\/index.php?rest_route=%2Fwp%2Fv2%2Fmedia&parent=32194"}],"wp:term":[{"taxonomy":"category","embeddable":true,"href":"https:\/\/atecordoba.org\/index.php?rest_route=%2Fwp%2Fv2%2Fcategories&post=32194"},{"taxonomy":"post_tag","embeddable":true,"href":"https:\/\/atecordoba.org\/index.php?rest_route=%2Fwp%2Fv2%2Ftags&post=32194"}],"curies":[{"name":"wp","href":"https:\/\/api.w.org\/{rel}","templated":true}]}}