{"id":3217,"date":"2013-09-04T16:01:16","date_gmt":"2013-09-04T19:01:16","guid":{"rendered":"http:\/\/www.atecordoba.org\/?p=3217"},"modified":"2013-09-04T16:01:16","modified_gmt":"2013-09-04T19:01:16","slug":"pesar-por-el-fallecimiento-de-un-trabajador-de-la-fabrica-militar-de-polvora-de-villa-maria","status":"publish","type":"post","link":"https:\/\/atecordoba.org\/?p=3217","title":{"rendered":"Pesar por el fallecimiento de un trabajador de la F\u00e1brica Militar de P\u00f3lvora de Villa Mar\u00eda"},"content":{"rendered":"<p><em>ATE C\u00f3rdoba expresa nuestro profundo pesar por el fallecimiento de nuestro compa\u00f1ero Gustavo Cach\u00edn, afiliado de nuestro gremio y trabajador de la F\u00e1brica Militar de P\u00f3lvora de Villa Mar\u00eda.<\/em><\/p>\n<p>Enviamos condolencias a su familia y a sus compa\u00f1eros de trabajo por el deceso.\u00a0Cach\u00edn ten\u00eda 32 a\u00f1os y se desempe\u00f1aba en la planta amasadora de dinamita.<\/p>\n<p>El compa\u00f1ero falleci\u00f3 a causa de una explosi\u00f3n en su sector de trabajo por causas que aun no fueron establecidas. Nuestro gremio, conforme al compromiso hist\u00f3rico con la defensa de las condiciones de trabajo, brindar\u00e1 a la comunidad la informaci\u00f3n pertinente respecto a las causas de la explosi\u00f3n, en funci\u00f3n que la investigaci\u00f3n avance en datos concretos.<\/p>\n<p>&nbsp;<\/p>\n<p align=\"right\">Mar\u00eda Teresa Romero<\/p>\n<p align=\"right\">Secretaria General<\/p>\n<p align=\"right\">ATE C\u00f3rdoba<\/p>\n","protected":false},"excerpt":{"rendered":"<p>ATE C\u00f3rdoba expresa nuestro profundo pesar por el fallecimiento de nuestro compa\u00f1ero Gustavo Cach\u00edn, afiliado de nuestro gremio y trabajador de la F\u00e1brica Militar de P\u00f3lvora de Villa Mar\u00eda. Enviamos condolencias a su familia y a sus compa\u00f1eros de trabajo por el deceso.\u00a0Cach\u00edn ten\u00eda 32 a\u00f1os y se desempe\u00f1aba en la planta amasadora de dinamita. [&hellip;]<\/p>\n","protected":false},"author":1,"featured_media":19220,"comment_status":"open","ping_status":"open","sticky":false,"template":"","format":"standard","meta":{"_exactmetrics_skip_tracking":false,"_exactmetrics_sitenote_active":false,"_exactmetrics_sitenote_note":"","_exactmetrics_sitenote_category":0,"jnews-multi-image_gallery":[],"jnews_single_post":[],"jnews_primary_category":[],"jnews_social_meta":[],"jnews_review":[],"enable_review":"","type":"","name":"","summary":"","brand":"","sku":"","good":[],"bad":[],"score_override":"","override_value":"","rating":[],"price":[],"jnews_override_counter":[],"jnews_post_split":[],"footnotes":""},"categories":[53,18],"tags":[],"class_list":["post-3217","post","type-post","status-publish","format-standard","has-post-thumbnail","hentry","category-comunicados-de-prensa","category-nacionales"],"jetpack_featured_media_url":"https:\/\/atecordoba.org\/wp-content\/uploads\/2020\/05\/logo-nuevochico-e1561581322808.png","_links":{"self":[{"href":"https:\/\/atecordoba.org\/index.php?rest_route=\/wp\/v2\/posts\/3217","targetHints":{"allow":["GET"]}}],"collection":[{"href":"https:\/\/atecordoba.org\/index.php?rest_route=\/wp\/v2\/posts"}],"about":[{"href":"https:\/\/atecordoba.org\/index.php?rest_route=\/wp\/v2\/types\/post"}],"author":[{"embeddable":true,"href":"https:\/\/atecordoba.org\/index.php?rest_route=\/wp\/v2\/users\/1"}],"replies":[{"embeddable":true,"href":"https:\/\/atecordoba.org\/index.php?rest_route=%2Fwp%2Fv2%2Fcomments&post=3217"}],"version-history":[{"count":0,"href":"https:\/\/atecordoba.org\/index.php?rest_route=\/wp\/v2\/posts\/3217\/revisions"}],"wp:featuredmedia":[{"embeddable":true,"href":"https:\/\/atecordoba.org\/index.php?rest_route=\/wp\/v2\/media\/19220"}],"wp:attachment":[{"href":"https:\/\/atecordoba.org\/index.php?rest_route=%2Fwp%2Fv2%2Fmedia&parent=3217"}],"wp:term":[{"taxonomy":"category","embeddable":true,"href":"https:\/\/atecordoba.org\/index.php?rest_route=%2Fwp%2Fv2%2Fcategories&post=3217"},{"taxonomy":"post_tag","embeddable":true,"href":"https:\/\/atecordoba.org\/index.php?rest_route=%2Fwp%2Fv2%2Ftags&post=3217"}],"curies":[{"name":"wp","href":"https:\/\/api.w.org\/{rel}","templated":true}]}}