{"id":32158,"date":"2022-06-06T10:25:10","date_gmt":"2022-06-06T13:25:10","guid":{"rendered":"https:\/\/atecordoba.org\/?p=32158"},"modified":"2022-06-06T10:25:14","modified_gmt":"2022-06-06T13:25:14","slug":"votan-delegada-de-ate-en-el-hospital-mina-clavero","status":"publish","type":"post","link":"https:\/\/atecordoba.org\/?p=32158","title":{"rendered":"Votan delegada de ATE en el Hospital Mina Clavero"},"content":{"rendered":"\n<div class=\"wp-block-image is-style-default\"><figure class=\"aligncenter size-large is-resized\"><img loading=\"lazy\" decoding=\"async\" src=\"https:\/\/atecordoba.org\/wp-content\/uploads\/2022\/06\/traslasierra_delegada-hosp-minaclavero-1024x860.jpg\" alt=\"\" class=\"wp-image-32160\" width=\"768\" height=\"645\" \/><\/figure><\/div>\n\n\n\n<p>Este pasado viernes 3 de junio las y los trabajadores del Hospital Luis Bellodi de Mina Clavero se eligieron una delegada, extendiendo el cuerpo de delegados provinciales de nuestro gremio en el Valle de Traslasierra. <\/p>\n\n\n\n<p>La elecci\u00f3n cont\u00f3 con el acompa\u00f1amiento de la secretaria de Prensa y Comunicaci\u00f3n del Consejo Directivo Provincial (CDP) de ATE C\u00f3rdoba, Julia Giuliani, y  el delegado normalizador en regi\u00f3n, Hugo Galaburri. <\/p>\n\n\n\n<p>La urna estuvo dispuesta desde las 5:30 de la ma\u00f1ana hasta las 15 horas y votaron 70 trabajadores y trabajadoras de la Salud entre afiliados y no afiliados.<\/p>\n\n\n\n<p>Como resultado la compa\u00f1era Milagro Palacio Sozzi fue elegida como Delegada del Hospital. Milagro es enfermera profesional y desempe\u00f1a su funci\u00f3n en la Guardia Central del nosocomio transerrano: \u201cestoy muy feliz por la elecci\u00f3n y por la cantidad de compa\u00f1eras y compa\u00f1eros que vinieron a votar. Orgullosa de formar parte de ATE y por el apoyo del Consejo Directivo Provincial en todo este tiempo\u201d, dijo la flamante delegada gremial una vez concluido el escrutinio.<\/p>\n","protected":false},"excerpt":{"rendered":"<p>Este pasado viernes 3 de junio las y los trabajadores del Hospital Luis Bellodi de Mina Clavero se eligieron una delegada, extendiendo el cuerpo de delegados provinciales de nuestro gremio en el Valle de Traslasierra. La elecci\u00f3n cont\u00f3 con el acompa\u00f1amiento de la secretaria de Prensa y Comunicaci\u00f3n del Consejo Directivo Provincial (CDP) de ATE [&hellip;]<\/p>\n","protected":false},"author":7,"featured_media":32161,"comment_status":"open","ping_status":"open","sticky":false,"template":"","format":"standard","meta":{"_exactmetrics_skip_tracking":false,"_exactmetrics_sitenote_active":false,"_exactmetrics_sitenote_note":"","_exactmetrics_sitenote_category":0,"jnews-multi-image_gallery":[],"jnews_single_post":{"subtitle":"\u201cEstoy muy feliz por la elecci\u00f3n y por la cantidad de compa\u00f1eras y compa\u00f1eros que vinieron a votar, Orgullosa de ser de ATE\", dijo la delegada electa, Milagro Palacio Sozzi.","format":"standard","video":"","gallery":"","source_name":"","source_url":"","via_name":"","via_url":"","override_template":"0","override":[{"template":"1","single_blog_custom":"","parallax":"1","fullscreen":"1","layout":"right-sidebar","sidebar":"default-sidebar","second_sidebar":"default-sidebar","sticky_sidebar":"1","share_position":"top","share_float_style":"share-monocrhome","show_share_counter":"1","show_view_counter":"1","show_featured":"1","show_post_meta":"1","show_post_author":"1","show_post_author_image":"1","show_post_date":"1","post_date_format":"default","post_date_format_custom":"Y\/m\/d","show_post_category":"1","show_post_reading_time":"0","post_reading_time_wpm":"300","show_zoom_button":"0","zoom_button_out_step":"2","zoom_button_in_step":"3","show_post_tag":"1","show_prev_next_post":"1","show_popup_post":"1","number_popup_post":"1","show_author_box":"0","show_post_related":"0","show_inline_post_related":"0"}],"override_image_size":"0","image_override":[{"single_post_thumbnail_size":"crop-500","single_post_gallery_size":"crop-500"}],"trending_post":"0","trending_post_position":"meta","trending_post_label":"Trending","sponsored_post":"0","sponsored_post_label":"Sponsored by","sponsored_post_name":"","sponsored_post_url":"","sponsored_post_logo_enable":"0","sponsored_post_logo":"","sponsored_post_desc":"","disable_ad":"0"},"jnews_primary_category":{"id":""},"jnews_social_meta":{"fb_title":"Provinciales: Votan delegada de ATE en el Hospital Mina Clavero","fb_description":"","fb_image":"","twitter_title":"","twitter_description":"","twitter_image":""},"jnews_review":[],"enable_review":"0","type":"percentage","name":"","summary":"","brand":"","sku":"","good":[{"good_text":""}],"bad":[{"bad_text":""}],"score_override":"","override_value":"","rating":[{"rating_text":"","rating_number":"10"}],"price":[{"shop":"","price":"","link":"","icon":""}],"jnews_override_counter":{"override_view_counter":"0","view_counter_number":"0","override_share_counter":"0","share_counter_number":"0","override_like_counter":"0","like_counter_number":"0","override_dislike_counter":"0","dislike_counter_number":"0"},"jnews_post_split":{"enable_post_split":"0","post_split":[{"template":"1","tag":"h2","numbering":"asc","mode":"normal","first":"0","enable_toc":"0","toc_type":"normal"}]},"footnotes":""},"categories":[341,8],"tags":[1133,1132],"class_list":["post-32158","post","type-post","status-publish","format-standard","has-post-thumbnail","hentry","category-cdp","category-provinciales","tag-hospital-luis-bellodi","tag-mina-clavero"],"jetpack_featured_media_url":"https:\/\/atecordoba.org\/wp-content\/uploads\/2022\/06\/traslasierra_delegadahospminaclavero-e1654521776608.jpg","_links":{"self":[{"href":"https:\/\/atecordoba.org\/index.php?rest_route=\/wp\/v2\/posts\/32158","targetHints":{"allow":["GET"]}}],"collection":[{"href":"https:\/\/atecordoba.org\/index.php?rest_route=\/wp\/v2\/posts"}],"about":[{"href":"https:\/\/atecordoba.org\/index.php?rest_route=\/wp\/v2\/types\/post"}],"author":[{"embeddable":true,"href":"https:\/\/atecordoba.org\/index.php?rest_route=\/wp\/v2\/users\/7"}],"replies":[{"embeddable":true,"href":"https:\/\/atecordoba.org\/index.php?rest_route=%2Fwp%2Fv2%2Fcomments&post=32158"}],"version-history":[{"count":1,"href":"https:\/\/atecordoba.org\/index.php?rest_route=\/wp\/v2\/posts\/32158\/revisions"}],"predecessor-version":[{"id":32162,"href":"https:\/\/atecordoba.org\/index.php?rest_route=\/wp\/v2\/posts\/32158\/revisions\/32162"}],"wp:featuredmedia":[{"embeddable":true,"href":"https:\/\/atecordoba.org\/index.php?rest_route=\/wp\/v2\/media\/32161"}],"wp:attachment":[{"href":"https:\/\/atecordoba.org\/index.php?rest_route=%2Fwp%2Fv2%2Fmedia&parent=32158"}],"wp:term":[{"taxonomy":"category","embeddable":true,"href":"https:\/\/atecordoba.org\/index.php?rest_route=%2Fwp%2Fv2%2Fcategories&post=32158"},{"taxonomy":"post_tag","embeddable":true,"href":"https:\/\/atecordoba.org\/index.php?rest_route=%2Fwp%2Fv2%2Ftags&post=32158"}],"curies":[{"name":"wp","href":"https:\/\/api.w.org\/{rel}","templated":true}]}}