{"id":32149,"date":"2022-06-03T14:03:39","date_gmt":"2022-06-03T17:03:39","guid":{"rendered":"https:\/\/atecordoba.org\/?p=32149"},"modified":"2022-06-03T14:04:57","modified_gmt":"2022-06-03T17:04:57","slug":"el-festival-internacional-de-cine-politico-argentino-premia-al-documental-por-amor-a-siria-de-la-cordobesa-susana-oviedo","status":"publish","type":"post","link":"https:\/\/atecordoba.org\/?p=32149","title":{"rendered":"El Festival Internacional de Cine Pol\u00edtico argentino premia al documental &#8220;Por amor a Siria&#8221; de la cordobesa Susana Oviedo"},"content":{"rendered":"\n<div class=\"wp-block-image is-style-default\"><figure class=\"aligncenter size-large is-resized\"><img loading=\"lazy\" decoding=\"async\" src=\"https:\/\/atecordoba.org\/wp-content\/uploads\/2022\/06\/Por-Amor-a-Siria-en-ATE-flyer-1024x819.jpg\" alt=\"\" class=\"wp-image-32150\" width=\"768\" height=\"614\" srcset=\"https:\/\/atecordoba.org\/wp-content\/uploads\/2022\/06\/Por-Amor-a-Siria-en-ATE-flyer-1024x819.jpg 1024w, https:\/\/atecordoba.org\/wp-content\/uploads\/2022\/06\/Por-Amor-a-Siria-en-ATE-flyer-300x240.jpg 300w, https:\/\/atecordoba.org\/wp-content\/uploads\/2022\/06\/Por-Amor-a-Siria-en-ATE-flyer-768x614.jpg 768w, https:\/\/atecordoba.org\/wp-content\/uploads\/2022\/06\/Por-Amor-a-Siria-en-ATE-flyer-750x600.jpg 750w, https:\/\/atecordoba.org\/wp-content\/uploads\/2022\/06\/Por-Amor-a-Siria-en-ATE-flyer-1140x912.jpg 1140w, https:\/\/atecordoba.org\/wp-content\/uploads\/2022\/06\/Por-Amor-a-Siria-en-ATE-flyer.jpg 1280w\" sizes=\"auto, (max-width: 768px) 100vw, 768px\" \/><\/figure><\/div>\n\n\n\n<p>Durante la 11\u00b0 edici\u00f3n del Festival Internacional de Cine Pol\u00edtico, que se desarrolla en la ciudad de Buenos Aires, reconoci\u00f3 al documental de la compa\u00f1era Susana Oviedo, &#8220;Por Amor a Siria &#8211; Historias de la Resistencia&#8221;- con el Primer Premio en la Competencia Oficial Internacional de Mediometrajes.<\/p>\n\n\n\n<p>Oviedo, una documentalista cordobesa que vive Madrid, <a href=\"https:\/\/atecordoba.org\/?p=32000\">present\u00f3 recientemente la obra en la sede de ATE C\u00f3rdob<\/a>a, invitada por el Consejo Directivo Provincial, a trav\u00e9s del Departamento de Culturas a cargo de Mart\u00edn Cagnani y Julia Giuliani. <\/p>\n\n\n\n<div class=\"wp-block-image is-style-default\"><figure class=\"aligncenter size-large is-resized\"><img loading=\"lazy\" decoding=\"async\" src=\"https:\/\/atecordoba.org\/wp-content\/uploads\/2022\/06\/Por-amor-a-Siria-premiacion-2-1024x817.jpeg\" alt=\"\" class=\"wp-image-32151\" width=\"768\" height=\"613\" \/><\/figure><\/div>\n\n\n\n<p>Durante la premiaci\u00f3n la artista cordobesa dijo que se encontraba &#8220;profundamente emocionada&#8221; y agradeci\u00f3 &#8220;en nombre del pueblo sirio que sufre una guerra que silenciaron, que nos ocultaron y nos mentido much\u00edsimo. Esos hombres, esas mujeres,  esos ni\u00f1os, esos soldados, en medio de la mentira, abren el camino defendiendo la soberan\u00eda y la integridad territorial de su pa\u00eds y de su cultura, sus m\u00faltiples religiones, ese modelo de convivencia que es un ejemplo para todos&#8221;.<\/p>\n\n\n\n<p>Y alent\u00f3 a &#8220;seguir adelante por ese camino. En nombre de los pueblos que lucha, y en nombre de siria, les doy las gracias&#8221;.<\/p>\n\n\n\n<p>Respecto al documental, la autora afirm\u00f3 que &#8220;fue una patriada. Ten\u00eda la idea que a veces para luchar por la paz hay que usar muchos discursos y, en ocasiones, un audiovisual te hace llegar todo el sentimiento que implica un conflicto provocado desde el exterior como el sirio. Se me ocurri\u00f3 entrevistar sobre todo a mujeres, con una c\u00e1mara en directo y una alumna de una escuela de cine de Siria, un cochecito peque\u00f1o y yendo donde se pod\u00eda ir donde no hubiera minas enterradas, porque el gobierno no permite adentrarse en zonas peligrosas&#8221;.<\/p>\n\n\n\n<div class=\"wp-block-image is-style-default\"><figure class=\"aligncenter size-large is-resized\"><img loading=\"lazy\" decoding=\"async\" src=\"https:\/\/atecordoba.org\/wp-content\/uploads\/2022\/06\/Presentacion-en-ATE-Cordoba2-1024x768.jpg\" alt=\"\" class=\"wp-image-32152\" width=\"768\" height=\"576\" srcset=\"https:\/\/atecordoba.org\/wp-content\/uploads\/2022\/06\/Presentacion-en-ATE-Cordoba2-1024x768.jpg 1024w, https:\/\/atecordoba.org\/wp-content\/uploads\/2022\/06\/Presentacion-en-ATE-Cordoba2-300x225.jpg 300w, https:\/\/atecordoba.org\/wp-content\/uploads\/2022\/06\/Presentacion-en-ATE-Cordoba2-768x576.jpg 768w, https:\/\/atecordoba.org\/wp-content\/uploads\/2022\/06\/Presentacion-en-ATE-Cordoba2-1536x1152.jpg 1536w, https:\/\/atecordoba.org\/wp-content\/uploads\/2022\/06\/Presentacion-en-ATE-Cordoba2-750x563.jpg 750w, https:\/\/atecordoba.org\/wp-content\/uploads\/2022\/06\/Presentacion-en-ATE-Cordoba2-1140x855.jpg 1140w, https:\/\/atecordoba.org\/wp-content\/uploads\/2022\/06\/Presentacion-en-ATE-Cordoba2.jpg 1600w\" sizes=\"auto, (max-width: 768px) 100vw, 768px\" \/><\/figure><\/div>\n\n\n\n<p>Oviedo describi\u00f3 la material que forma parte del proyecto como &#8220;hecho con toda esa artesan\u00eda, cuando hay viento se escucha, no tuvimos iluminaci\u00f3n extra por lo tanto muchos t\u00faneles cavados por los terroristas, con grandes ayudas econ\u00f3micas, no se pueden ver salvo de pasada. Con todas esas limitaciones creo que el panorama fresco que queda es el de una gente que quiere vivir y que a\u00f1ora como viv\u00edan antes. Aman a su patria y quien sacar adelante esa situaci\u00f3n&#8221;.<\/p>\n\n\n\n<p>Y concluy\u00f3 explicando que &#8220;hay entrevistas a mujeres con la mitad de la cara porque no se dejaban filmar de la nariz para abajo y hay entrevistas aleatorias, como la que le hicimos a una mujer kurda en un restaurant donde est\u00e1bamos comiendo y se prest\u00f3 gentilmente. Eso da pie para mostrar la multiculturalidad siria, donde siempre hab\u00edan convivido bien las distintas religiones y las distintas tendencias musulmanas&#8221;. &nbsp;<\/p>\n\n\n\n<figure class=\"wp-block-gallery has-nested-images columns-default is-cropped wp-block-gallery-1 is-layout-flex wp-block-gallery-is-layout-flex\">\n<figure class=\"wp-block-image size-large is-style-default\"><img loading=\"lazy\" decoding=\"async\" width=\"1024\" height=\"768\" data-id=\"32154\" src=\"https:\/\/atecordoba.org\/wp-content\/uploads\/2022\/06\/Presentacion-en-ATE-Cordoba3-1024x768.jpg\" alt=\"\" class=\"wp-image-32154\" srcset=\"https:\/\/atecordoba.org\/wp-content\/uploads\/2022\/06\/Presentacion-en-ATE-Cordoba3-1024x768.jpg 1024w, https:\/\/atecordoba.org\/wp-content\/uploads\/2022\/06\/Presentacion-en-ATE-Cordoba3-300x225.jpg 300w, https:\/\/atecordoba.org\/wp-content\/uploads\/2022\/06\/Presentacion-en-ATE-Cordoba3-768x576.jpg 768w, https:\/\/atecordoba.org\/wp-content\/uploads\/2022\/06\/Presentacion-en-ATE-Cordoba3-1536x1152.jpg 1536w, https:\/\/atecordoba.org\/wp-content\/uploads\/2022\/06\/Presentacion-en-ATE-Cordoba3-750x563.jpg 750w, https:\/\/atecordoba.org\/wp-content\/uploads\/2022\/06\/Presentacion-en-ATE-Cordoba3-1140x855.jpg 1140w, https:\/\/atecordoba.org\/wp-content\/uploads\/2022\/06\/Presentacion-en-ATE-Cordoba3.jpg 1600w\" sizes=\"auto, (max-width: 1024px) 100vw, 1024px\" \/><\/figure>\n\n\n\n<figure class=\"wp-block-image size-large is-style-default\"><img loading=\"lazy\" decoding=\"async\" width=\"1024\" height=\"768\" data-id=\"32155\" src=\"https:\/\/atecordoba.org\/wp-content\/uploads\/2022\/06\/Presentacion-en-ATE-Cordoba4-1024x768.jpg\" alt=\"\" class=\"wp-image-32155\" srcset=\"https:\/\/atecordoba.org\/wp-content\/uploads\/2022\/06\/Presentacion-en-ATE-Cordoba4-1024x768.jpg 1024w, https:\/\/atecordoba.org\/wp-content\/uploads\/2022\/06\/Presentacion-en-ATE-Cordoba4-300x225.jpg 300w, https:\/\/atecordoba.org\/wp-content\/uploads\/2022\/06\/Presentacion-en-ATE-Cordoba4-768x576.jpg 768w, https:\/\/atecordoba.org\/wp-content\/uploads\/2022\/06\/Presentacion-en-ATE-Cordoba4-1536x1152.jpg 1536w, https:\/\/atecordoba.org\/wp-content\/uploads\/2022\/06\/Presentacion-en-ATE-Cordoba4-750x563.jpg 750w, https:\/\/atecordoba.org\/wp-content\/uploads\/2022\/06\/Presentacion-en-ATE-Cordoba4-1140x855.jpg 1140w, https:\/\/atecordoba.org\/wp-content\/uploads\/2022\/06\/Presentacion-en-ATE-Cordoba4.jpg 1600w\" sizes=\"auto, (max-width: 1024px) 100vw, 1024px\" \/><\/figure>\n\n\n\n<figure class=\"wp-block-image size-large is-style-default\"><img loading=\"lazy\" decoding=\"async\" width=\"1024\" height=\"768\" data-id=\"32153\" src=\"https:\/\/atecordoba.org\/wp-content\/uploads\/2022\/06\/Presentacion-en-ATE-Cordoba-1024x768.jpg\" alt=\"\" class=\"wp-image-32153\" srcset=\"https:\/\/atecordoba.org\/wp-content\/uploads\/2022\/06\/Presentacion-en-ATE-Cordoba-1024x768.jpg 1024w, https:\/\/atecordoba.org\/wp-content\/uploads\/2022\/06\/Presentacion-en-ATE-Cordoba-300x225.jpg 300w, https:\/\/atecordoba.org\/wp-content\/uploads\/2022\/06\/Presentacion-en-ATE-Cordoba-768x576.jpg 768w, https:\/\/atecordoba.org\/wp-content\/uploads\/2022\/06\/Presentacion-en-ATE-Cordoba-1536x1152.jpg 1536w, https:\/\/atecordoba.org\/wp-content\/uploads\/2022\/06\/Presentacion-en-ATE-Cordoba-750x563.jpg 750w, https:\/\/atecordoba.org\/wp-content\/uploads\/2022\/06\/Presentacion-en-ATE-Cordoba-1140x855.jpg 1140w, https:\/\/atecordoba.org\/wp-content\/uploads\/2022\/06\/Presentacion-en-ATE-Cordoba.jpg 1600w\" sizes=\"auto, (max-width: 1024px) 100vw, 1024px\" \/><\/figure>\n<\/figure>\n\n\n\n<p> <\/p>\n","protected":false},"excerpt":{"rendered":"<p>Durante la 11\u00b0 edici\u00f3n del Festival Internacional de Cine Pol\u00edtico, que se desarrolla en la ciudad de Buenos Aires, reconoci\u00f3 al documental de la compa\u00f1era Susana Oviedo, &#8220;Por Amor a Siria &#8211; Historias de la Resistencia&#8221;- con el Primer Premio en la Competencia Oficial Internacional de Mediometrajes. Oviedo, una documentalista cordobesa que vive Madrid, present\u00f3 [&hellip;]<\/p>\n","protected":false},"author":7,"featured_media":32151,"comment_status":"open","ping_status":"open","sticky":false,"template":"","format":"standard","meta":{"_exactmetrics_skip_tracking":false,"_exactmetrics_sitenote_active":false,"_exactmetrics_sitenote_note":"","_exactmetrics_sitenote_category":0,"jnews-multi-image_gallery":[],"jnews_single_post":{"subtitle":"\"Ten\u00eda la idea que a veces para luchar por la paz hay que usar muchos discursos y, en ocasiones, un audiovisual te hace llegar todo el sentimiento que implica un conflicto provocado desde el exterior como el sirio\", explic\u00f3 Oviedo cuando present\u00f3 la obra en ATE C\u00f3rdoba..","format":"standard","video":"","gallery":"","source_name":"","source_url":"","via_name":"","via_url":"","override_template":"0","override":[{"template":"1","single_blog_custom":"","parallax":"1","fullscreen":"1","layout":"right-sidebar","sidebar":"default-sidebar","second_sidebar":"default-sidebar","sticky_sidebar":"1","share_position":"top","share_float_style":"share-monocrhome","show_share_counter":"1","show_view_counter":"1","show_featured":"1","show_post_meta":"1","show_post_author":"1","show_post_author_image":"1","show_post_date":"1","post_date_format":"default","post_date_format_custom":"Y\/m\/d","show_post_category":"1","show_post_reading_time":"0","post_reading_time_wpm":"300","show_zoom_button":"0","zoom_button_out_step":"2","zoom_button_in_step":"3","show_post_tag":"1","show_prev_next_post":"1","show_popup_post":"1","number_popup_post":"1","show_author_box":"0","show_post_related":"0","show_inline_post_related":"0"}],"override_image_size":"0","image_override":[{"single_post_thumbnail_size":"crop-500","single_post_gallery_size":"crop-500"}],"trending_post":"0","trending_post_position":"meta","trending_post_label":"Trending","sponsored_post":"0","sponsored_post_label":"Sponsored by","sponsored_post_name":"","sponsored_post_url":"","sponsored_post_logo_enable":"0","sponsored_post_logo":"","sponsored_post_desc":"","disable_ad":"0"},"jnews_primary_category":{"id":""},"jnews_social_meta":{"fb_title":"","fb_description":"","fb_image":"","twitter_title":"","twitter_description":"","twitter_image":""},"jnews_review":[],"enable_review":"0","type":"percentage","name":"","summary":"","brand":"","sku":"","good":[{"good_text":""}],"bad":[{"bad_text":""}],"score_override":"","override_value":"","rating":[{"rating_text":"","rating_number":"10"}],"price":[{"shop":"","price":"","link":"","icon":""}],"jnews_override_counter":{"override_view_counter":"0","view_counter_number":"0","override_share_counter":"0","share_counter_number":"0","override_like_counter":"0","like_counter_number":"0","override_dislike_counter":"0","dislike_counter_number":"0"},"jnews_post_split":{"enable_post_split":"0","post_split":[{"template":"1","tag":"h2","numbering":"asc","mode":"normal","first":"0","enable_toc":"0","toc_type":"normal"}]},"footnotes":""},"categories":[972],"tags":[1130,1131],"class_list":["post-32149","post","type-post","status-publish","format-standard","has-post-thumbnail","hentry","category-culturas","tag-documental","tag-por-amor-a-siria"],"jetpack_featured_media_url":"https:\/\/atecordoba.org\/wp-content\/uploads\/2022\/06\/Por-amor-a-Siria-premiacion-2-e1654275747434.jpeg","_links":{"self":[{"href":"https:\/\/atecordoba.org\/index.php?rest_route=\/wp\/v2\/posts\/32149","targetHints":{"allow":["GET"]}}],"collection":[{"href":"https:\/\/atecordoba.org\/index.php?rest_route=\/wp\/v2\/posts"}],"about":[{"href":"https:\/\/atecordoba.org\/index.php?rest_route=\/wp\/v2\/types\/post"}],"author":[{"embeddable":true,"href":"https:\/\/atecordoba.org\/index.php?rest_route=\/wp\/v2\/users\/7"}],"replies":[{"embeddable":true,"href":"https:\/\/atecordoba.org\/index.php?rest_route=%2Fwp%2Fv2%2Fcomments&post=32149"}],"version-history":[{"count":2,"href":"https:\/\/atecordoba.org\/index.php?rest_route=\/wp\/v2\/posts\/32149\/revisions"}],"predecessor-version":[{"id":32157,"href":"https:\/\/atecordoba.org\/index.php?rest_route=\/wp\/v2\/posts\/32149\/revisions\/32157"}],"wp:featuredmedia":[{"embeddable":true,"href":"https:\/\/atecordoba.org\/index.php?rest_route=\/wp\/v2\/media\/32151"}],"wp:attachment":[{"href":"https:\/\/atecordoba.org\/index.php?rest_route=%2Fwp%2Fv2%2Fmedia&parent=32149"}],"wp:term":[{"taxonomy":"category","embeddable":true,"href":"https:\/\/atecordoba.org\/index.php?rest_route=%2Fwp%2Fv2%2Fcategories&post=32149"},{"taxonomy":"post_tag","embeddable":true,"href":"https:\/\/atecordoba.org\/index.php?rest_route=%2Fwp%2Fv2%2Ftags&post=32149"}],"curies":[{"name":"wp","href":"https:\/\/api.w.org\/{rel}","templated":true}]}}