{"id":32145,"date":"2022-06-02T13:31:08","date_gmt":"2022-06-02T16:31:08","guid":{"rendered":"https:\/\/atecordoba.org\/?p=32145"},"modified":"2022-06-02T13:33:08","modified_gmt":"2022-06-02T16:33:08","slug":"senaf-ate-declara-el-estado-de-alerta-y-solicito-una-audiencia-con-la-responsable-del-organismo","status":"publish","type":"post","link":"https:\/\/atecordoba.org\/?p=32145","title":{"rendered":"SENAF: ATE declara el estado de alerta y solicit\u00f3 una audiencia con la responsable del organismo"},"content":{"rendered":"\n<div class=\"wp-block-image is-style-default\"><figure class=\"aligncenter size-large is-resized\"><img loading=\"lazy\" decoding=\"async\" src=\"https:\/\/atecordoba.org\/wp-content\/uploads\/2022\/06\/Nota-SENAF-1-722x1024.jpeg\" alt=\"\" class=\"wp-image-32146\" width=\"542\" height=\"768\" srcset=\"https:\/\/atecordoba.org\/wp-content\/uploads\/2022\/06\/Nota-SENAF-1-722x1024.jpeg 722w, https:\/\/atecordoba.org\/wp-content\/uploads\/2022\/06\/Nota-SENAF-1-212x300.jpeg 212w, https:\/\/atecordoba.org\/wp-content\/uploads\/2022\/06\/Nota-SENAF-1-768x1089.jpeg 768w, https:\/\/atecordoba.org\/wp-content\/uploads\/2022\/06\/Nota-SENAF-1-750x1063.jpeg 750w, https:\/\/atecordoba.org\/wp-content\/uploads\/2022\/06\/Nota-SENAF-1.jpeg 809w\" sizes=\"auto, (max-width: 542px) 100vw, 542px\" \/><\/figure><\/div>\n\n\n\n<p>Frente a las graves situaciones de violencia laboral que est\u00e1n sufriendo se manera recurrente trabajadoras de la Secretar\u00eda de Ni\u00f1ez, Adolescencia y Familia (SENAF) de C\u00f3rdoba y ante falta de pago de haberes en el sector, ATE C\u00f3rdoba declar\u00f3 el estado de alerta y solicit\u00f3 mediante nota que se la funcionaria del \u00e1rea facilite una audiencia a nuestro gremio a los fines de canalizar los reclamos correspondientes.<\/p>\n\n\n\n<p>La nota dirigida a Georgina Tavella, titular de la SENAF, fue interpuesta esta ma\u00f1ana ante las amenazas contin\u00faas de despido de la patronal en el Complejo Esperanza, de la mano de Antonio Franco, funcionario responsable del sector. &#8220;Se trata de trabajadoras monotributistas en situaci\u00f3n de precariedad total que son hostigadas y amenazadas para que no se organicen. Son educadoras que trabajan con as juventudes alojadas en el complejo estatal&#8221;, remarc\u00f3 la secretaria de Prensa de ATE C\u00f3rdoba, Julia Giuliani.<\/p>\n\n\n\n<p>En ese marco, se sumaron tambi\u00e9n los reclamos  de compa\u00f1eras que trabajan en sede de calle Corrientes del organismo, a quienes les adeudan sus salarios y que no reciben la actualizaci\u00f3n de los haberes comprometida oportunamente los funcionarios a cargo del organismo. <\/p>\n\n\n\n<p>La SENAF es un \u00e1rea de abordaje de las problem\u00e1ticas infantiles y juveniles que ha estado atravesada por conflictos desde hace tiempo, con despidos y reincorporaciones gestionadas por ATE, entorpecimiento de procesos de elecci\u00f3n de delegados y despidos de funcionarios, como el anterior responsable del organismo Jos\u00e9 Pi\u00f1eiro tras conocerse el caso de una ni\u00f1a discapacitada que sufri\u00f3 abusos en la residencia Eva Per\u00f3n. <\/p>\n","protected":false},"excerpt":{"rendered":"<p>Frente a las graves situaciones de violencia laboral que est\u00e1n sufriendo se manera recurrente trabajadoras de la Secretar\u00eda de Ni\u00f1ez, Adolescencia y Familia (SENAF) de C\u00f3rdoba y ante falta de pago de haberes en el sector, ATE C\u00f3rdoba declar\u00f3 el estado de alerta y solicit\u00f3 mediante nota que se la funcionaria del \u00e1rea facilite una [&hellip;]<\/p>\n","protected":false},"author":7,"featured_media":32147,"comment_status":"open","ping_status":"open","sticky":false,"template":"","format":"standard","meta":{"_exactmetrics_skip_tracking":false,"_exactmetrics_sitenote_active":false,"_exactmetrics_sitenote_note":"","_exactmetrics_sitenote_category":0,"jnews-multi-image_gallery":[],"jnews_single_post":{"subtitle":"Trabajadoras del organismo denuncian amenazan de despido en el Complejo Esperanza en el marco de un proceso de acoso para evitar que se organicen gremialmente. Tambi\u00e9n hay atraso en el pago de haberes en la sede de calle Corrientes. ","format":"standard","video":"","gallery":"","source_name":"","source_url":"","via_name":"","via_url":"","override_template":"0","override":[{"template":"1","single_blog_custom":"","parallax":"1","fullscreen":"1","layout":"right-sidebar","sidebar":"default-sidebar","second_sidebar":"default-sidebar","sticky_sidebar":"1","share_position":"top","share_float_style":"share-monocrhome","show_share_counter":"1","show_view_counter":"1","show_featured":"1","show_post_meta":"1","show_post_author":"1","show_post_author_image":"1","show_post_date":"1","post_date_format":"default","post_date_format_custom":"Y\/m\/d","show_post_category":"1","show_post_reading_time":"0","post_reading_time_wpm":"300","show_zoom_button":"0","zoom_button_out_step":"2","zoom_button_in_step":"3","show_post_tag":"1","show_prev_next_post":"1","show_popup_post":"1","number_popup_post":"1","show_author_box":"0","show_post_related":"0","show_inline_post_related":"0"}],"override_image_size":"0","image_override":[{"single_post_thumbnail_size":"crop-500","single_post_gallery_size":"crop-500"}],"trending_post":"0","trending_post_position":"meta","trending_post_label":"Trending","sponsored_post":"0","sponsored_post_label":"Sponsored by","sponsored_post_name":"","sponsored_post_url":"","sponsored_post_logo_enable":"0","sponsored_post_logo":"","sponsored_post_desc":"","disable_ad":"0"},"jnews_primary_category":{"id":""},"jnews_social_meta":{"fb_title":"","fb_description":"","fb_image":"","twitter_title":"","twitter_description":"","twitter_image":""},"jnews_review":[],"enable_review":"0","type":"percentage","name":"","summary":"","brand":"","sku":"","good":[{"good_text":""}],"bad":[{"bad_text":""}],"score_override":"","override_value":"","rating":[{"rating_text":"","rating_number":"10"}],"price":[{"shop":"","price":"","link":"","icon":""}],"jnews_override_counter":{"override_view_counter":"0","view_counter_number":"0","override_share_counter":"0","share_counter_number":"0","override_like_counter":"0","like_counter_number":"0","override_dislike_counter":"0","dislike_counter_number":"0"},"jnews_post_split":{"enable_post_split":"0","post_split":[{"template":"1","tag":"h2","numbering":"asc","mode":"normal","first":"0","enable_toc":"0","toc_type":"normal"}]},"footnotes":""},"categories":[8],"tags":[457],"class_list":["post-32145","post","type-post","status-publish","format-standard","has-post-thumbnail","hentry","category-provinciales","tag-senaf"],"jetpack_featured_media_url":"https:\/\/atecordoba.org\/wp-content\/uploads\/2022\/06\/foto-senaf-e1654187286146.jpeg","_links":{"self":[{"href":"https:\/\/atecordoba.org\/index.php?rest_route=\/wp\/v2\/posts\/32145","targetHints":{"allow":["GET"]}}],"collection":[{"href":"https:\/\/atecordoba.org\/index.php?rest_route=\/wp\/v2\/posts"}],"about":[{"href":"https:\/\/atecordoba.org\/index.php?rest_route=\/wp\/v2\/types\/post"}],"author":[{"embeddable":true,"href":"https:\/\/atecordoba.org\/index.php?rest_route=\/wp\/v2\/users\/7"}],"replies":[{"embeddable":true,"href":"https:\/\/atecordoba.org\/index.php?rest_route=%2Fwp%2Fv2%2Fcomments&post=32145"}],"version-history":[{"count":1,"href":"https:\/\/atecordoba.org\/index.php?rest_route=\/wp\/v2\/posts\/32145\/revisions"}],"predecessor-version":[{"id":32148,"href":"https:\/\/atecordoba.org\/index.php?rest_route=\/wp\/v2\/posts\/32145\/revisions\/32148"}],"wp:featuredmedia":[{"embeddable":true,"href":"https:\/\/atecordoba.org\/index.php?rest_route=\/wp\/v2\/media\/32147"}],"wp:attachment":[{"href":"https:\/\/atecordoba.org\/index.php?rest_route=%2Fwp%2Fv2%2Fmedia&parent=32145"}],"wp:term":[{"taxonomy":"category","embeddable":true,"href":"https:\/\/atecordoba.org\/index.php?rest_route=%2Fwp%2Fv2%2Fcategories&post=32145"},{"taxonomy":"post_tag","embeddable":true,"href":"https:\/\/atecordoba.org\/index.php?rest_route=%2Fwp%2Fv2%2Ftags&post=32145"}],"curies":[{"name":"wp","href":"https:\/\/api.w.org\/{rel}","templated":true}]}}