{"id":32136,"date":"2022-06-01T15:19:58","date_gmt":"2022-06-01T18:19:58","guid":{"rendered":"https:\/\/atecordoba.org\/?p=32136"},"modified":"2022-06-01T15:27:53","modified_gmt":"2022-06-01T18:27:53","slug":"cnea-cumple-72-anos-realidad-y-desafios","status":"publish","type":"post","link":"https:\/\/atecordoba.org\/?p=32136","title":{"rendered":"CNEA cumple 72 a\u00f1os: realidad y desaf\u00edos"},"content":{"rendered":"\n<div class=\"wp-block-image is-style-default\"><figure class=\"aligncenter size-large is-resized\"><img loading=\"lazy\" decoding=\"async\" src=\"https:\/\/atecordoba.org\/wp-content\/uploads\/2022\/06\/WhatsApp-Image-2022-06-01-at-3.09.59-PM-1024x1024.jpeg\" alt=\"\" class=\"wp-image-32137\" width=\"768\" height=\"768\" srcset=\"https:\/\/atecordoba.org\/wp-content\/uploads\/2022\/06\/WhatsApp-Image-2022-06-01-at-3.09.59-PM-1024x1024.jpeg 1024w, https:\/\/atecordoba.org\/wp-content\/uploads\/2022\/06\/WhatsApp-Image-2022-06-01-at-3.09.59-PM-300x300.jpeg 300w, https:\/\/atecordoba.org\/wp-content\/uploads\/2022\/06\/WhatsApp-Image-2022-06-01-at-3.09.59-PM-150x150.jpeg 150w, https:\/\/atecordoba.org\/wp-content\/uploads\/2022\/06\/WhatsApp-Image-2022-06-01-at-3.09.59-PM-768x768.jpeg 768w, https:\/\/atecordoba.org\/wp-content\/uploads\/2022\/06\/WhatsApp-Image-2022-06-01-at-3.09.59-PM-560x560.jpeg 560w, https:\/\/atecordoba.org\/wp-content\/uploads\/2022\/06\/WhatsApp-Image-2022-06-01-at-3.09.59-PM-75x75.jpeg 75w, https:\/\/atecordoba.org\/wp-content\/uploads\/2022\/06\/WhatsApp-Image-2022-06-01-at-3.09.59-PM-350x350.jpeg 350w, https:\/\/atecordoba.org\/wp-content\/uploads\/2022\/06\/WhatsApp-Image-2022-06-01-at-3.09.59-PM-750x750.jpeg 750w, https:\/\/atecordoba.org\/wp-content\/uploads\/2022\/06\/WhatsApp-Image-2022-06-01-at-3.09.59-PM.jpeg 1081w\" sizes=\"auto, (max-width: 768px) 100vw, 768px\" \/><\/figure><\/div>\n\n\n\n<p>La Comisi\u00f3n Nacional de Energ\u00eda At\u00f3mica (CNEA) cumple 72 a\u00f1os de vida constante en el desarrollo de tecnolog\u00eda nuclear, aportando al avance e independencia del pa\u00eds, que se ubica en el grupo privilegiado de naciones que maneja el ciclo at\u00f3mico de forma aut\u00f3noma, gracias a la iniciativa del general Juan Domingo Per\u00f3n, que dio la orden de fundar el organismo en 1950.<\/p>\n\n\n\n<p>Para conocer sobre la actualidad y los desaf\u00edo que enfrente la CNEA, el programa radial Entre Todo y todas, que la Secretaria de Prensa de ATE C\u00f3rdoba emite cada martes por GEN FM 107.5, entrevist\u00f3 al delegado de ATE en el sector, Maximiliano L\u00f3pez Pinto. <\/p>\n\n\n\n<p>El compa\u00f1ero integra la Gerencia de Exploraci\u00f3n de Materias Primas. &#8220;Nos dedicamos a la b\u00fasqueda e investigaci\u00f3n del uranio, el combustible delas centrales nucleares&#8221;, coment\u00f3.<\/p>\n\n\n\n<div class=\"wp-block-image is-style-default\"><figure class=\"alignright size-large is-resized\"><img loading=\"lazy\" decoding=\"async\" src=\"https:\/\/atecordoba.org\/wp-content\/uploads\/2022\/06\/WhatsApp-Image-2022-06-01-at-3.10.09-PM-1024x1024.jpeg\" alt=\"\" class=\"wp-image-32138\" width=\"512\" height=\"512\" srcset=\"https:\/\/atecordoba.org\/wp-content\/uploads\/2022\/06\/WhatsApp-Image-2022-06-01-at-3.10.09-PM-1024x1024.jpeg 1024w, https:\/\/atecordoba.org\/wp-content\/uploads\/2022\/06\/WhatsApp-Image-2022-06-01-at-3.10.09-PM-300x300.jpeg 300w, https:\/\/atecordoba.org\/wp-content\/uploads\/2022\/06\/WhatsApp-Image-2022-06-01-at-3.10.09-PM-150x150.jpeg 150w, https:\/\/atecordoba.org\/wp-content\/uploads\/2022\/06\/WhatsApp-Image-2022-06-01-at-3.10.09-PM-768x768.jpeg 768w, https:\/\/atecordoba.org\/wp-content\/uploads\/2022\/06\/WhatsApp-Image-2022-06-01-at-3.10.09-PM-560x560.jpeg 560w, https:\/\/atecordoba.org\/wp-content\/uploads\/2022\/06\/WhatsApp-Image-2022-06-01-at-3.10.09-PM-75x75.jpeg 75w, https:\/\/atecordoba.org\/wp-content\/uploads\/2022\/06\/WhatsApp-Image-2022-06-01-at-3.10.09-PM-350x350.jpeg 350w, https:\/\/atecordoba.org\/wp-content\/uploads\/2022\/06\/WhatsApp-Image-2022-06-01-at-3.10.09-PM-750x750.jpeg 750w, https:\/\/atecordoba.org\/wp-content\/uploads\/2022\/06\/WhatsApp-Image-2022-06-01-at-3.10.09-PM.jpeg 1081w\" sizes=\"auto, (max-width: 512px) 100vw, 512px\" \/><\/figure><\/div>\n\n\n\n<p>En tal sentido, explic\u00f3 que la CNEA &#8220;es una instituci\u00f3n p\u00fablica que se desarrolla principalmente para la generaci\u00f3n de energ\u00eda el\u00e9ctrica a partir de la energ\u00eda nuclear. Entre otras cosas tambi\u00e9n desarrolla is\u00f3topos de uso medicinal esenciales para tratamientos como el diagn\u00f3stico de c\u00e1ncer y dem\u00e1s enfermedades. Eso tambi\u00e9n es autonom\u00eda y soberan\u00eda tecnol\u00f3gica&#8221;.<\/p>\n\n\n\n<p>Detall\u00f3 que la funda el General Per\u00f3n en los \u201950 y &#8220;siempre tuvo un enfoque muy federal con presencia en muchas provincias, con diferentes proyectos.  Adem\u00e1s, est\u00e1n los institutos de formaci\u00f3n como el Balseiro en Bariloche o el Tomas Edison en provincia de Buenos Aires. &nbsp;Los centros medicinales de alta complejidad est\u00e1n distribuidos en pr\u00e1cticamente todo el pa\u00eds&#8221;.<\/p>\n\n\n\n<p>Un caracter\u00edstica muy destacable de CNEA es que se trata de un productor de tecnolog\u00eda de primer\u00edsima punta que se desarrolla \u00edntegramente con empleados del Estado. &#8220;Entendemos que es fundamental que la ciencia y la tecnolog\u00eda se desarrollen desde el Estado porque eso asegura la independencia de potencias extranjeras en cuanto a cu\u00e1les van a ser los espacios de inversi\u00f3n e investigaci\u00f3n, y tambi\u00e9n nos hace independientes del mercado, con el que interactuamos pero a partir de consolidar los intereses nacionales&#8221;, destaca el delegado de ATE.<\/p>\n\n\n\n<p>&#8220;Por eso la CNEA tuvo la pol\u00edtica de transferir la tecnolog\u00eda al sector privado nacional que entienden y que son parte del cluster tecnol\u00f3gico nacional, que comparte los valores del organismo, e incluso son exportadores, firmas donde CNEA tiene presencia&#8221;, dijo L\u00f3pez Pinto.<\/p>\n\n\n\n<p><strong>Desarrollo local y problem\u00e1tica salarial<\/strong><\/p>\n\n\n\n<p>En ese marco, el delegado critic\u00f3 la pol\u00edtica de personal en CNEA que &#8220;est\u00e1 marcada por d\u00e9cadas de p\u00e9rdida de recursos humanos, que son lo m\u00e1s valioso que tenemos. Los sueldos no son competitivos con el sector privado y eso genera que perdamos trabajadores y trabajadoras que cuesta mucho capacitar&#8221;.<\/p>\n\n\n<p><iframe loading=\"lazy\" width=\"100%\" height=\"175px\" scrolling=\"no\" frameborder=\"no\" src=\"\/\/ar.radiocut.fm\/audiocut\/embed\/hori\/72o-aniversario-cnea-entrevista-a-maximiliano-lopez-pinto-delegado-del-sector\/\"><\/iframe><\/p>\n\n\n\n<p>Y explic\u00f3 que 2lamentablemente este gobierno no pudo concretar el proyecto de una quinta central con tecnolog\u00eda nacional \u2013tipo candu- pero eso es producto que durante el macrismo se dio de baja en convenio para el financiamiento de dos centrales con tecnolog\u00eda china y otra con tecnolog\u00eda propia. Es otro de los grandes condicionantes que nos deja el r\u00e9gimen macrista, junto con el endeudamiento fenomenal e hist\u00f3rico que nos deja Macri. Ese endeudamiento tambi\u00e9n nos condiciona salarialmente por lo tanto se vuelve complicado&#8221;.<\/p>\n","protected":false},"excerpt":{"rendered":"<p>La Comisi\u00f3n Nacional de Energ\u00eda At\u00f3mica (CNEA) cumple 72 a\u00f1os de vida constante en el desarrollo de tecnolog\u00eda nuclear, aportando al avance e independencia del pa\u00eds, que se ubica en el grupo privilegiado de naciones que maneja el ciclo at\u00f3mico de forma aut\u00f3noma, gracias a la iniciativa del general Juan Domingo Per\u00f3n, que dio la [&hellip;]<\/p>\n","protected":false},"author":7,"featured_media":32143,"comment_status":"open","ping_status":"open","sticky":false,"template":"","format":"standard","meta":{"_exactmetrics_skip_tracking":false,"_exactmetrics_sitenote_active":false,"_exactmetrics_sitenote_note":"","_exactmetrics_sitenote_category":0,"jnews-multi-image_gallery":[],"jnews_single_post":{"subtitle":"El delegado de ATE Maximiliano L\u00f3pez Pinto explic\u00f3 la actualidad del organismo. ","format":"standard","video":"","gallery":"","source_name":"","source_url":"","via_name":"","via_url":"","override_template":"0","override":[{"template":"1","single_blog_custom":"","parallax":"1","fullscreen":"1","layout":"right-sidebar","sidebar":"default-sidebar","second_sidebar":"default-sidebar","sticky_sidebar":"1","share_position":"top","share_float_style":"share-monocrhome","show_share_counter":"1","show_view_counter":"1","show_featured":"1","show_post_meta":"1","show_post_author":"1","show_post_author_image":"1","show_post_date":"1","post_date_format":"default","post_date_format_custom":"Y\/m\/d","show_post_category":"1","show_post_reading_time":"0","post_reading_time_wpm":"300","show_zoom_button":"0","zoom_button_out_step":"2","zoom_button_in_step":"3","show_post_tag":"1","show_prev_next_post":"1","show_popup_post":"1","number_popup_post":"1","show_author_box":"0","show_post_related":"0","show_inline_post_related":"0"}],"override_image_size":"0","image_override":[{"single_post_thumbnail_size":"crop-500","single_post_gallery_size":"crop-500"}],"trending_post":"0","trending_post_position":"meta","trending_post_label":"Trending","sponsored_post":"0","sponsored_post_label":"Sponsored by","sponsored_post_name":"","sponsored_post_url":"","sponsored_post_logo_enable":"0","sponsored_post_logo":"","sponsored_post_desc":"","disable_ad":"0"},"jnews_primary_category":{"id":""},"jnews_social_meta":{"fb_title":"","fb_description":"","fb_image":"","twitter_title":"","twitter_description":"","twitter_image":""},"jnews_review":[],"enable_review":"0","type":"percentage","name":"","summary":"","brand":"","sku":"","good":[{"good_text":""}],"bad":[{"bad_text":""}],"score_override":"","override_value":"","rating":[{"rating_text":"","rating_number":"10"}],"price":[{"shop":"","price":"","link":"","icon":""}],"jnews_override_counter":{"override_view_counter":"0","view_counter_number":"0","override_share_counter":"0","share_counter_number":"0","override_like_counter":"0","like_counter_number":"0","override_dislike_counter":"0","dislike_counter_number":"0"},"jnews_post_split":{"enable_post_split":"0","post_split":[{"template":"1","tag":"h2","numbering":"asc","mode":"normal","first":"0","enable_toc":"0","toc_type":"normal"}]},"footnotes":""},"categories":[18,346],"tags":[1129,397],"class_list":["post-32136","post","type-post","status-publish","format-standard","has-post-thumbnail","hentry","category-nacionales","category-prensa-y-comunicacion","tag-72-aniversario","tag-comision-nacional-de-energia-atomica-cnea"],"jetpack_featured_media_url":"https:\/\/atecordoba.org\/wp-content\/uploads\/2022\/06\/71-aniversario-CNEA2-copia.jpg","_links":{"self":[{"href":"https:\/\/atecordoba.org\/index.php?rest_route=\/wp\/v2\/posts\/32136","targetHints":{"allow":["GET"]}}],"collection":[{"href":"https:\/\/atecordoba.org\/index.php?rest_route=\/wp\/v2\/posts"}],"about":[{"href":"https:\/\/atecordoba.org\/index.php?rest_route=\/wp\/v2\/types\/post"}],"author":[{"embeddable":true,"href":"https:\/\/atecordoba.org\/index.php?rest_route=\/wp\/v2\/users\/7"}],"replies":[{"embeddable":true,"href":"https:\/\/atecordoba.org\/index.php?rest_route=%2Fwp%2Fv2%2Fcomments&post=32136"}],"version-history":[{"count":4,"href":"https:\/\/atecordoba.org\/index.php?rest_route=\/wp\/v2\/posts\/32136\/revisions"}],"predecessor-version":[{"id":32144,"href":"https:\/\/atecordoba.org\/index.php?rest_route=\/wp\/v2\/posts\/32136\/revisions\/32144"}],"wp:featuredmedia":[{"embeddable":true,"href":"https:\/\/atecordoba.org\/index.php?rest_route=\/wp\/v2\/media\/32143"}],"wp:attachment":[{"href":"https:\/\/atecordoba.org\/index.php?rest_route=%2Fwp%2Fv2%2Fmedia&parent=32136"}],"wp:term":[{"taxonomy":"category","embeddable":true,"href":"https:\/\/atecordoba.org\/index.php?rest_route=%2Fwp%2Fv2%2Fcategories&post=32136"},{"taxonomy":"post_tag","embeddable":true,"href":"https:\/\/atecordoba.org\/index.php?rest_route=%2Fwp%2Fv2%2Ftags&post=32136"}],"curies":[{"name":"wp","href":"https:\/\/api.w.org\/{rel}","templated":true}]}}