{"id":32121,"date":"2022-06-01T09:58:22","date_gmt":"2022-06-01T12:58:22","guid":{"rendered":"https:\/\/atecordoba.org\/?p=32121"},"modified":"2022-06-01T09:58:49","modified_gmt":"2022-06-01T12:58:49","slug":"san-francisco-realizaran-charla-taller-sobre-violencia-de-genero","status":"publish","type":"post","link":"https:\/\/atecordoba.org\/?p=32121","title":{"rendered":"San Francisco: realizar\u00e1n charla\u2013taller sobre violencia de g\u00e9nero"},"content":{"rendered":"\n<p><\/p>\n\n\n\n<div class=\"wp-block-image is-style-default\"><figure class=\"aligncenter size-full\"><img decoding=\"async\" src=\"https:\/\/atecordoba.org\/wp-content\/uploads\/2022\/06\/logo-ATE-genero.jpeg\" alt=\"\" class=\"wp-image-32122\" \/><\/figure><\/div>\n\n\n\n<p>Este el viernes 3 de junio la Seccional ATE San Justo organiza una charla-taller de capacitaci\u00f3n sobre violencia de g\u00e9nero que contar\u00e1 con la disertaci\u00f3n del fiscal de Delitos Complejos de San Francisco, Bernardo Alberione. La actividad ser\u00e1 moderada por la directora del Departamento de la Seccional, \u00a0 Andrea Carrasco.<br><br>&#8220;Esta jornada constituir\u00e1 un espacio muy importante para la informaci\u00f3n, la concientizaci\u00f3n y reflexi\u00f3n sobre la acci\u00f3n ante estas situaciones de vulneraci\u00f3n&#8221;, dijo Carrasco. La Asociaci\u00f3n Civil Basta de Violencia Domestica, Madres Territoriales Nacional apoya la actividad.<br><br>Se trata de una iniciativa abierta al p\u00fablico en general con entrada libre y gratuita, que se llevar\u00e1 a cabo en el Auditorio del Jockey Club San Francisco, a las 18:30 horas. Para m\u00e1s informaci\u00f3n comunicarse al celular 3564-651962 (solo WhatsApp). Se entregar\u00e1n Certificados. Se puede llevar equipo de mate. <\/p>\n\n\n\n<p><\/p>\n","protected":false},"excerpt":{"rendered":"<p>Este el viernes 3 de junio la Seccional ATE San Justo organiza una charla-taller de capacitaci\u00f3n sobre violencia de g\u00e9nero que contar\u00e1 con la disertaci\u00f3n del fiscal de Delitos Complejos de San Francisco, Bernardo Alberione. La actividad ser\u00e1 moderada por la directora del Departamento de la Seccional, \u00a0 Andrea Carrasco. &#8220;Esta jornada constituir\u00e1 un espacio [&hellip;]<\/p>\n","protected":false},"author":7,"featured_media":32122,"comment_status":"open","ping_status":"open","sticky":false,"template":"","format":"standard","meta":{"_exactmetrics_skip_tracking":false,"_exactmetrics_sitenote_active":false,"_exactmetrics_sitenote_note":"","_exactmetrics_sitenote_category":0,"jnews-multi-image_gallery":[],"jnews_single_post":{"subtitle":"La actividad contar\u00e1 con la disertaci\u00f3n del fiscal de Delitos Complejos de San Francisco, Bernardo Alberione.","format":"standard","video":"","gallery":"","source_name":"","source_url":"","via_name":"","via_url":"","override_template":"0","override":[{"template":"1","single_blog_custom":"","parallax":"1","fullscreen":"1","layout":"right-sidebar","sidebar":"default-sidebar","second_sidebar":"default-sidebar","sticky_sidebar":"1","share_position":"top","share_float_style":"share-monocrhome","show_share_counter":"1","show_view_counter":"1","show_featured":"1","show_post_meta":"1","show_post_author":"1","show_post_author_image":"1","show_post_date":"1","post_date_format":"default","post_date_format_custom":"Y\/m\/d","show_post_category":"1","show_post_reading_time":"0","post_reading_time_wpm":"300","show_zoom_button":"0","zoom_button_out_step":"2","zoom_button_in_step":"3","show_post_tag":"1","show_prev_next_post":"1","show_popup_post":"1","number_popup_post":"1","show_author_box":"0","show_post_related":"0","show_inline_post_related":"0"}],"override_image_size":"0","image_override":[{"single_post_thumbnail_size":"crop-500","single_post_gallery_size":"crop-500"}],"trending_post":"0","trending_post_position":"meta","trending_post_label":"Trending","sponsored_post":"0","sponsored_post_label":"Sponsored by","sponsored_post_name":"","sponsored_post_url":"","sponsored_post_logo_enable":"0","sponsored_post_logo":"","sponsored_post_desc":"","disable_ad":"0"},"jnews_primary_category":{"id":""},"jnews_social_meta":{"fb_title":"G\u00e9neros: realizar\u00e1n charla\u2013taller sobre violencia de g\u00e9nero en San Francisco.","fb_description":"","fb_image":"","twitter_title":"","twitter_description":"","twitter_image":""},"jnews_review":[],"enable_review":"0","type":"percentage","name":"","summary":"","brand":"","sku":"","good":[{"good_text":""}],"bad":[{"bad_text":""}],"score_override":"","override_value":"","rating":[{"rating_text":"","rating_number":"10"}],"price":[{"shop":"","price":"","link":"","icon":""}],"jnews_override_counter":{"override_view_counter":"0","view_counter_number":"0","override_share_counter":"0","share_counter_number":"0","override_like_counter":"0","like_counter_number":"0","override_dislike_counter":"0","dislike_counter_number":"0"},"jnews_post_split":{"enable_post_split":"0","post_split":[{"template":"1","tag":"h2","numbering":"asc","mode":"normal","first":"0","enable_toc":"0","toc_type":"normal"}]},"footnotes":""},"categories":[325,148],"tags":[1128],"class_list":["post-32121","post","type-post","status-publish","format-standard","has-post-thumbnail","hentry","category-generos-y-diversidades","category-san-justo","tag-charla-sobre-violencia-de-genero"],"jetpack_featured_media_url":"https:\/\/atecordoba.org\/wp-content\/uploads\/2022\/06\/logo-ATE-genero-e1654088320828.jpeg","_links":{"self":[{"href":"https:\/\/atecordoba.org\/index.php?rest_route=\/wp\/v2\/posts\/32121","targetHints":{"allow":["GET"]}}],"collection":[{"href":"https:\/\/atecordoba.org\/index.php?rest_route=\/wp\/v2\/posts"}],"about":[{"href":"https:\/\/atecordoba.org\/index.php?rest_route=\/wp\/v2\/types\/post"}],"author":[{"embeddable":true,"href":"https:\/\/atecordoba.org\/index.php?rest_route=\/wp\/v2\/users\/7"}],"replies":[{"embeddable":true,"href":"https:\/\/atecordoba.org\/index.php?rest_route=%2Fwp%2Fv2%2Fcomments&post=32121"}],"version-history":[{"count":1,"href":"https:\/\/atecordoba.org\/index.php?rest_route=\/wp\/v2\/posts\/32121\/revisions"}],"predecessor-version":[{"id":32123,"href":"https:\/\/atecordoba.org\/index.php?rest_route=\/wp\/v2\/posts\/32121\/revisions\/32123"}],"wp:featuredmedia":[{"embeddable":true,"href":"https:\/\/atecordoba.org\/index.php?rest_route=\/wp\/v2\/media\/32122"}],"wp:attachment":[{"href":"https:\/\/atecordoba.org\/index.php?rest_route=%2Fwp%2Fv2%2Fmedia&parent=32121"}],"wp:term":[{"taxonomy":"category","embeddable":true,"href":"https:\/\/atecordoba.org\/index.php?rest_route=%2Fwp%2Fv2%2Fcategories&post=32121"},{"taxonomy":"post_tag","embeddable":true,"href":"https:\/\/atecordoba.org\/index.php?rest_route=%2Fwp%2Fv2%2Ftags&post=32121"}],"curies":[{"name":"wp","href":"https:\/\/api.w.org\/{rel}","templated":true}]}}