{"id":3212,"date":"2013-09-04T15:35:43","date_gmt":"2013-09-04T18:35:43","guid":{"rendered":"http:\/\/www.atecordoba.org\/?p=3212"},"modified":"2013-09-04T15:35:43","modified_gmt":"2013-09-04T18:35:43","slug":"ate-se-reunio-esta-manana-con-el-ministro-de-trabajo-angel-brito","status":"publish","type":"post","link":"https:\/\/atecordoba.org\/?p=3212","title":{"rendered":"ATE se reuni\u00f3 esta ma\u00f1ana con el ministro de Trabajo Angel Brito"},"content":{"rendered":"<p><em>Conforme se hab\u00eda acordado el lunes pasado, hoy por la ma\u00f1ana se llev\u00f3 a cabo una reuni\u00f3n entre la conducci\u00f3n de ATE C\u00f3rdoba y el encargado de la cartera laboral.\u00a0<\/em><\/p>\n<p style=\"text-align: center;\"><a href=\"http:\/\/www.atecordoba.org\/wp-content\/uploads\/2013\/09\/reunion-ATE-angel-brito.png\"><img loading=\"lazy\" decoding=\"async\" class=\" wp-image-3213 aligncenter\" alt=\"reunion ATE - angel brito\" src=\"http:\/\/www.atecordoba.org\/wp-content\/uploads\/2013\/09\/reunion-ATE-angel-brito.png\" width=\"640\" height=\"480\" \/><\/a><\/p>\n<p>El encuentro se llev\u00f3 a cabo en el Centro C\u00edvico y la delegaci\u00f3n de ATE estuvo encabezada por nuestra secretaria General, Mar\u00eda Teresa Romero, junto a los compa\u00f1eros Walter Secondino, secretario General de ATE Villa Mar\u00eda, Cristian Colman, secretario General de ATE R\u00edo Tercero, la secretaria Administrativa de la conducci\u00f3n provincial, Mar\u00eda Liliana Salerno, y el equipo jur\u00eddico, integrado por Eugenio Biafore y Mar\u00eda Terragno. En tanto, por la cartera de Trabajo, acompa\u00f1\u00f3 al ministro el funcionario Javier Perona.<\/p>\n<p>En la oportunidad, el ministro requiri\u00f3 informaci\u00f3n respecto al conflicto de reconocimiento de nuestro gremio en el \u00e1mbito provincial y municipal, por lo que Romero le detall\u00f3 c\u00f3mo ATE fue discriminado, al punto que los delegados resultaron desconocidos por los funcionarios de diversas \u00e1reas y fue apartado de toda negociaci\u00f3n sectorial, aun cuando el Ministerio de Trabajo de la Naci\u00f3n se exped\u00eda sucesivamente, confirmando la legalidad de nuestro gremio. ATE tambi\u00e9n sufri\u00f3 la quita del c\u00f3digo de descuento de la cuota de afiliaci\u00f3n.<\/p>\n<p>En la reuni\u00f3n, que se extendi\u00f3 por dos horas, el ministro se comprometi\u00f3 a gestionar una mesa de di\u00e1logo con el gobierno de C\u00f3rdoba a los efectos de normalizar la relaci\u00f3n institucional entre nuestro gremio y las autoridades provinciales.<\/p>\n<p>En consecuencia, la delegaci\u00f3n de ATE se retir\u00f3 satisfecha de la reuni\u00f3n, esperando que en lo sucesivo se avance en respecto al \u00e1mbito de discusi\u00f3n con la Provincia, en el marco del propio Ministerio de Trabajo, conforme lo dispuesto en la sentencia emitida recientemente por la C\u00e1mara Nacional del Trabajo.<\/p>\n<p>&nbsp;<\/p>\n<p>Mar\u00eda Teresa Romero<\/p>\n<p>Secretaria General<\/p>\n<p>ATE C\u00f3rdoba<\/p>\n<p>&nbsp;<\/p>\n","protected":false},"excerpt":{"rendered":"<p>Conforme se hab\u00eda acordado el lunes pasado, hoy por la ma\u00f1ana se llev\u00f3 a cabo una reuni\u00f3n entre la conducci\u00f3n de ATE C\u00f3rdoba y el encargado de la cartera laboral.\u00a0 El encuentro se llev\u00f3 a cabo en el Centro C\u00edvico y la delegaci\u00f3n de ATE estuvo encabezada por nuestra secretaria General, Mar\u00eda Teresa Romero, junto [&hellip;]<\/p>\n","protected":false},"author":1,"featured_media":19220,"comment_status":"open","ping_status":"open","sticky":false,"template":"","format":"standard","meta":{"_exactmetrics_skip_tracking":false,"_exactmetrics_sitenote_active":false,"_exactmetrics_sitenote_note":"","_exactmetrics_sitenote_category":0,"jnews-multi-image_gallery":[],"jnews_single_post":[],"jnews_primary_category":[],"jnews_social_meta":[],"jnews_review":[],"enable_review":"","type":"","name":"","summary":"","brand":"","sku":"","good":[],"bad":[],"score_override":"","override_value":"","rating":[],"price":[],"jnews_override_counter":[],"jnews_post_split":[],"footnotes":""},"categories":[90,53,8],"tags":[],"class_list":["post-3212","post","type-post","status-publish","format-standard","has-post-thumbnail","hentry","category-campana","category-comunicados-de-prensa","category-provinciales"],"jetpack_featured_media_url":"https:\/\/atecordoba.org\/wp-content\/uploads\/2020\/05\/logo-nuevochico-e1561581322808.png","_links":{"self":[{"href":"https:\/\/atecordoba.org\/index.php?rest_route=\/wp\/v2\/posts\/3212","targetHints":{"allow":["GET"]}}],"collection":[{"href":"https:\/\/atecordoba.org\/index.php?rest_route=\/wp\/v2\/posts"}],"about":[{"href":"https:\/\/atecordoba.org\/index.php?rest_route=\/wp\/v2\/types\/post"}],"author":[{"embeddable":true,"href":"https:\/\/atecordoba.org\/index.php?rest_route=\/wp\/v2\/users\/1"}],"replies":[{"embeddable":true,"href":"https:\/\/atecordoba.org\/index.php?rest_route=%2Fwp%2Fv2%2Fcomments&post=3212"}],"version-history":[{"count":0,"href":"https:\/\/atecordoba.org\/index.php?rest_route=\/wp\/v2\/posts\/3212\/revisions"}],"wp:featuredmedia":[{"embeddable":true,"href":"https:\/\/atecordoba.org\/index.php?rest_route=\/wp\/v2\/media\/19220"}],"wp:attachment":[{"href":"https:\/\/atecordoba.org\/index.php?rest_route=%2Fwp%2Fv2%2Fmedia&parent=3212"}],"wp:term":[{"taxonomy":"category","embeddable":true,"href":"https:\/\/atecordoba.org\/index.php?rest_route=%2Fwp%2Fv2%2Fcategories&post=3212"},{"taxonomy":"post_tag","embeddable":true,"href":"https:\/\/atecordoba.org\/index.php?rest_route=%2Fwp%2Fv2%2Ftags&post=3212"}],"curies":[{"name":"wp","href":"https:\/\/api.w.org\/{rel}","templated":true}]}}