{"id":32117,"date":"2022-06-01T09:46:03","date_gmt":"2022-06-01T12:46:03","guid":{"rendered":"https:\/\/atecordoba.org\/?p=32117"},"modified":"2022-06-01T14:25:03","modified_gmt":"2022-06-01T17:25:03","slug":"dia-historico-en-ate-ayer-el-53-congreso-extraordinario-reformo-el-estatuto","status":"publish","type":"post","link":"https:\/\/atecordoba.org\/?p=32117","title":{"rendered":"\u00a1D\u00eda hist\u00f3rico en ATE!: Ayer, el 53\u00b0 Congreso Extraordinario reform\u00f3 el Estatuto"},"content":{"rendered":"\n<div class=\"wp-block-image is-style-default\"><figure class=\"aligncenter size-full\"><img decoding=\"async\" src=\"https:\/\/atecordoba.org\/wp-content\/uploads\/2022\/06\/53-congreso-nacional.jpg\" alt=\"\" class=\"wp-image-32118\"\/><\/figure><\/div>\n\n\n\n<p>Hace seis a\u00f1os el Consejo Directivo Nacional lanz\u00f3 la convocatoria para la modificaci\u00f3n del Estatuto de ATE con el objetivo de actualizar esta herramienta para las transformaciones sociales, culturales y pol\u00edticas de los tiempos que corren y para seguir abriendo y consolidando la participaci\u00f3n. <\/p>\n\n\n\n<p>El proceso, iniciado en 2016, tuvo un intervalo durante los dos a\u00f1os de pandemia por Covid-19. El debate continu\u00f3 hasta que, durante el Congreso Federal realizado en marzo de este a\u00f1o, se aprob\u00f3 avanzar en la discusi\u00f3n de la propuesta de reforma a lo largo y ancho del pa\u00eds, en cada asamblea, en cada Seccional y en los Congresos provinciales.<\/p>\n\n\n\n<p>Como cierre de ese largo proceso de debate colectivo, con la participaci\u00f3n destacada de nuestra secretario General Federico Giuliani y los congresales por la provincia, el 53\u00b0 Congreso Extraordinario aprob\u00f3 hoy, por mayor\u00eda absoluta (de 198 congresales s\u00f3lo 32 se abstuvieron), la reforma estatutaria que para una ATE con paridad de g\u00e9nero, con mayor descentralizaci\u00f3n y territorializaci\u00f3n, con m\u00e1s desarrollo federal y con m\u00e1s democracia sindical.<\/p>\n\n\n\n<ul class=\"wp-block-list\"><li><strong>Paridad de g\u00e9nero:<\/strong>&nbsp;Para reconocer el protagonismo militante de las compa\u00f1eras, se establece la paridad del 50% en las direcciones de Seccionales, Consejos Directivos Provinciales, Consejo Directivo de la Ciudad de Buenos Aires, y Consejo Directivo Nacional. Adem\u00e1s, la f\u00f3rmula de la Secretar\u00eda General y de la Secretar\u00eda Adjunta en todos los niveles deber\u00e1 ser ocupada por un var\u00f3n y una mujer.<\/li><li><strong>M\u00e1s participaci\u00f3n:<\/strong>&nbsp;Se incorpora a los jubilados y las jubiladas a los \u00f3rganos de conducci\u00f3n, con voz y voto.<\/li><li><strong>M\u00e1s territorializaci\u00f3n y federalismo:<\/strong>&nbsp;Para poner al sindicato cada vez m\u00e1s cerca de las y los afiliados se<br>propicia la creaci\u00f3n de Seccionales. Para ello, el CDN destinar\u00e1 el 20% de su participaci\u00f3n en la cuota<br>sindical a los Consejos Directivos Provinciales.<\/li><li>El Consejo Directivo de la&nbsp;<strong>Ciudad de Buenos Aires&nbsp;<\/strong>tendr\u00e1 como&nbsp;<strong>\u00f3rgano m\u00e1ximo un Congreso<\/strong>&nbsp;como el resto de las provincias, en reemplazo de la Asamblea General.<\/li><li><strong>Democracia sindical:&nbsp;<\/strong>Para los cargos de Secretario\/a General \u2013del CDN, de los CDPs, del CD de Ciudad de<br>Buenos Aires y de las Seccionales- se limita la posibilidad de reelecci\u00f3n a dos mandatos consecutivos.<\/li><li><strong>Se establece la paridad y alternancia en los cargos deliberativos.<\/strong><\/li><li>El Secretariado Nacional incorpora tres Secretar\u00edas: La de Convenios Colectivos, la de Derechos Humanos,<br>y la de G\u00e9nero y Diversidad.<\/li><li><strong>Incorpora la responsabilidad del Consejo Directivo Nacional&nbsp;<\/strong>en la organizaci\u00f3n de los trabajadores y trabajadoras nacionales.<\/li><\/ul>\n\n\n\n<p><strong>Balance<\/strong><\/p>\n\n\n\n<div class=\"wp-block-image is-style-default\"><figure class=\"alignleft size-full is-resized\"><img loading=\"lazy\" decoding=\"async\" src=\"https:\/\/atecordoba.org\/wp-content\/uploads\/2022\/06\/giuliani-degenaro.jpeg\" alt=\"\" class=\"wp-image-32130\" width=\"288\" height=\"360\" srcset=\"https:\/\/atecordoba.org\/wp-content\/uploads\/2022\/06\/giuliani-degenaro.jpeg 720w, https:\/\/atecordoba.org\/wp-content\/uploads\/2022\/06\/giuliani-degenaro-240x300.jpeg 240w\" sizes=\"auto, (max-width: 288px) 100vw, 288px\" \/><figcaption>El secretario Administrativo del CDN, Eduardo De Genaro, junto a Giuliani en el Congreso Nacional de ATE<\/figcaption><\/figure><\/div>\n\n\n\n<p>En di\u00e1logo con el programa radial Entre todos y todas, que la Secretaria de Prensa de ATE C\u00f3rdoba emite cada martes pro GEN FM107,5, Giuliani hizo su balance del c\u00f3nclave m\u00e1ximo de ATE, valorando que &#8220;la reforma del Estatuto pone a nuestro sindicato a la vanguardia, no solo en Argentina sino en Latinoam\u00e9rica. Se estableci\u00f3 la paridad de g\u00e9nero obligatoria para la conformaci\u00f3n de listas en todos los niveles de elecci\u00f3n interna, que tiene que ser 50% y 50% como requisito para presentar listas. Esto tiene que ver con el proceso de avanzada del Movimiento Feminista y de la lucha de g\u00e9neros y diversidades en nuestro sindicato y en el Estado en general&#8221;.<\/p>\n\n\n\n<p>La reforma tambi\u00e9n ordena la alternancia de cargo por lo cual, si la secretaria General es una mujer, el secretario adjunto ser\u00e1 un hombre y viceversa- A esto se sum\u00f3 la creaci\u00f3n de tres secretarias: de G\u00e9nero, de DDHH y Pueblos Originarios y la Secretaria de Convenios Colectivos de Trabajo, que tiene por fin unificar las pol\u00edticas de ATE para con los organismos nacionales en todo el territorio argentino, &#8220;no solo as los efectos de fijar las pautas salariales con el Estado patr\u00f3n sino tambi\u00e9n los distintos marcos de CCT que tienen todos los organismos&#8221;, dijo el dirigente.<\/p>\n\n\n\n<p>Respecto a la coyuntura pol\u00edtica actual, Giuliani afirm\u00f3 que &#8220;ratificamos con el voto la confianza a la decisi\u00f3n de incorporar a las compa\u00f1eras y les compa\u00f1eres a las decisiones de conducci\u00f3n de nuestro gremio. La lectura pol\u00edtica: este es el m\u00e1ximo \u00f3rgano de decisorio de nuestro gremio. De 222 congresales habilitados, fuimos 200, es decir casi la totalidad, con representaci\u00f3n de las 24 provincias y estaban todas las listas de todos los colores de ATE&#8221;.<\/p>\n\n\n\n<p><strong>Conflictividad territorial y paro provincial del 16 de junio<\/strong><\/p>\n\n\n\n<p>Adem\u00e1s, Giuliani respondi\u00f3 a la consulta respecto a la temperatura de las luchas actuales. &#8220;En el di\u00e1logo con las y los compa\u00f1eros secretarios generales de las distintas provincias se nota la alta conflictividad territorial y la necesidad de unificar los conflictos. En C\u00f3rdoba lo venimos haciendo, vamos camino a una asamblea popular con paro provincial, junto a distintas organizaciones de campo popular, y entendemos que son las definiciones que deben tomarse para lograr la unidad en la diversidad. Los movimientos piqueteros, los sindicatos, las organizaciones sociales y pol\u00edticas vamos avanzando, pero eso despu\u00e9s no se puede trasladar linealmente a cada uno de los territorios. &nbsp;Hay idiosincrasias, culturas y din\u00e1micas pol\u00edticas propias, pero vemos que hay mucha conflictividad. Por eso necesitamos que ATE construye una medida de fuerza nacional que unifique cada uno de los planteos para que no quede sectorizada o provincializada la lucha&#8221;.<\/p>\n\n\n<p><iframe loading=\"lazy\" width=\"100%\" height=\"175px\" scrolling=\"no\" frameborder=\"no\" src=\"\/\/ar.radiocut.fm\/audiocut\/embed\/hori\/entrevista-a-federico-giuliani-sobre-participacion-en-65o-congreso-ate-nacional\/\" ><\/iframe><\/p>\n\n\n\n<p>En esa l\u00ednea, el dirigente dijo que el plenario de organizaciones del jueves pasado &#8220;fue fruto de la jornada de lucha del 24 de mayo y el Cabildo Abierto y movilizaci\u00f3n que hicimos en C\u00f3rdoba, con m\u00e1s de 2000 compa\u00f1eros y compa\u00f1eras en la calle, donde definimos avanzar en instancias de unidad un poco m\u00e1s org\u00e1nicas&#8221;. <\/p>\n\n\n\n<p>&#8220;Fue as\u00ed que a los dos d\u00edas de la marcha nos encontramos en ATE para discutir pol\u00edtica, con la necesidad de construir una jornada en com\u00fan. Ahora vamos a la segunda jornada, donde ya hay un rumbo, que va a ser el 16 de junio seguramente en conjunto con los movimientos piqueteros: una gran asamblea popular con paro provincial, para que las bases promuevan hacia las conducciones nacionales de las centrales obreras tomen la demanda a gritos de construir una jornada de paro nacional&#8221;, concluy\u00f3.<\/p>\n","protected":false},"excerpt":{"rendered":"<p>Hace seis a\u00f1os el Consejo Directivo Nacional lanz\u00f3 la convocatoria para la modificaci\u00f3n del Estatuto de ATE con el objetivo de actualizar esta herramienta para las transformaciones sociales, culturales y pol\u00edticas de los tiempos que corren y para seguir abriendo y consolidando la participaci\u00f3n. El proceso, iniciado en 2016, tuvo un intervalo durante los dos [&hellip;]<\/p>\n","protected":false},"author":7,"featured_media":32118,"comment_status":"open","ping_status":"open","sticky":false,"template":"","format":"standard","meta":{"_exactmetrics_skip_tracking":false,"_exactmetrics_sitenote_active":false,"_exactmetrics_sitenote_note":"","_exactmetrics_sitenote_category":0,"jnews-multi-image_gallery":[],"jnews_single_post":{"subtitle":"Tras seis a\u00f1os de debate y propuestas, por amplia mayor\u00eda, las y los congresales aprobaron la reforma de la herramienta m\u00e1s fundamental del sindicato.","format":"standard","video":"","gallery":"","source_name":"","source_url":"","via_name":"","via_url":"","override_template":"0","override":[{"template":"1","single_blog_custom":"","parallax":"1","fullscreen":"1","layout":"right-sidebar","sidebar":"default-sidebar","second_sidebar":"default-sidebar","sticky_sidebar":"1","share_position":"top","share_float_style":"share-monocrhome","show_share_counter":"1","show_view_counter":"1","show_featured":"1","show_post_meta":"1","show_post_author":"1","show_post_author_image":"1","show_post_date":"1","post_date_format":"default","post_date_format_custom":"Y\/m\/d","show_post_category":"1","show_post_reading_time":"0","post_reading_time_wpm":"300","show_zoom_button":"0","zoom_button_out_step":"2","zoom_button_in_step":"3","show_post_tag":"1","show_prev_next_post":"1","show_popup_post":"1","number_popup_post":"1","show_author_box":"0","show_post_related":"0","show_inline_post_related":"0"}],"override_image_size":"0","image_override":[{"single_post_thumbnail_size":"crop-500","single_post_gallery_size":"crop-500"}],"trending_post":"0","trending_post_position":"meta","trending_post_label":"Trending","sponsored_post":"0","sponsored_post_label":"Sponsored by","sponsored_post_name":"","sponsored_post_url":"","sponsored_post_logo_enable":"0","sponsored_post_logo":"","sponsored_post_desc":"","disable_ad":"0"},"jnews_primary_category":{"id":""},"jnews_social_meta":{"fb_title":"","fb_description":"","fb_image":"","twitter_title":"","twitter_description":"","twitter_image":""},"jnews_review":[],"enable_review":"0","type":"percentage","name":"","summary":"","brand":"","sku":"","good":[{"good_text":""}],"bad":[{"bad_text":""}],"score_override":"","override_value":"","rating":[{"rating_text":"","rating_number":"10"}],"price":[{"shop":"","price":"","link":"","icon":""}],"jnews_override_counter":{"override_view_counter":"0","view_counter_number":"0","override_share_counter":"0","share_counter_number":"0","override_like_counter":"0","like_counter_number":"0","override_dislike_counter":"0","dislike_counter_number":"0"},"jnews_post_split":{"enable_post_split":"0","post_split":[{"template":"1","tag":"h2","numbering":"asc","mode":"normal","first":"0","enable_toc":"0","toc_type":"normal"}]},"footnotes":""},"categories":[756],"tags":[1127],"class_list":["post-32117","post","type-post","status-publish","format-standard","has-post-thumbnail","hentry","category-consejo-directivo-nacional-cdn","tag-congreso-nacional"],"jetpack_featured_media_url":"https:\/\/atecordoba.org\/wp-content\/uploads\/2022\/06\/53-congreso-nacional-e1654087548318.jpg","_links":{"self":[{"href":"https:\/\/atecordoba.org\/index.php?rest_route=\/wp\/v2\/posts\/32117","targetHints":{"allow":["GET"]}}],"collection":[{"href":"https:\/\/atecordoba.org\/index.php?rest_route=\/wp\/v2\/posts"}],"about":[{"href":"https:\/\/atecordoba.org\/index.php?rest_route=\/wp\/v2\/types\/post"}],"author":[{"embeddable":true,"href":"https:\/\/atecordoba.org\/index.php?rest_route=\/wp\/v2\/users\/7"}],"replies":[{"embeddable":true,"href":"https:\/\/atecordoba.org\/index.php?rest_route=%2Fwp%2Fv2%2Fcomments&post=32117"}],"version-history":[{"count":9,"href":"https:\/\/atecordoba.org\/index.php?rest_route=\/wp\/v2\/posts\/32117\/revisions"}],"predecessor-version":[{"id":32135,"href":"https:\/\/atecordoba.org\/index.php?rest_route=\/wp\/v2\/posts\/32117\/revisions\/32135"}],"wp:featuredmedia":[{"embeddable":true,"href":"https:\/\/atecordoba.org\/index.php?rest_route=\/wp\/v2\/media\/32118"}],"wp:attachment":[{"href":"https:\/\/atecordoba.org\/index.php?rest_route=%2Fwp%2Fv2%2Fmedia&parent=32117"}],"wp:term":[{"taxonomy":"category","embeddable":true,"href":"https:\/\/atecordoba.org\/index.php?rest_route=%2Fwp%2Fv2%2Fcategories&post=32117"},{"taxonomy":"post_tag","embeddable":true,"href":"https:\/\/atecordoba.org\/index.php?rest_route=%2Fwp%2Fv2%2Ftags&post=32117"}],"curies":[{"name":"wp","href":"https:\/\/api.w.org\/{rel}","templated":true}]}}