{"id":32095,"date":"2022-05-31T12:25:26","date_gmt":"2022-05-31T15:25:26","guid":{"rendered":"https:\/\/atecordoba.org\/?p=32095"},"modified":"2022-06-02T11:56:00","modified_gmt":"2022-06-02T14:56:00","slug":"con-un-locro-popular-ate-recordo-el-cordobazo-y-el-25-de-mayo-bajo-clamores-de-unidad-y-lucha","status":"publish","type":"post","link":"https:\/\/atecordoba.org\/?p=32095","title":{"rendered":"Con un locro popular ATE record\u00f3 el Cordobazo y el 25 de mayo bajo clamores de unidad y lucha"},"content":{"rendered":"\n<div class=\"wp-block-image is-style-default\"><figure class=\"aligncenter size-large is-resized\"><img loading=\"lazy\" decoding=\"async\" src=\"https:\/\/atecordoba.org\/wp-content\/uploads\/2022\/05\/284865831_5682602791783814_5532807644718643230_n-1024x576.jpg\" alt=\"\" class=\"wp-image-32096\" width=\"768\" height=\"432\" \/><\/figure><\/div>\n\n\n\n<p>El pasado viernes 27 de mayo el Consejo Directivo Provincial organiz\u00f3 un locro donde estuvieron invitados militantes de ATE y dirigentes nacionales, provinciales y municipales para disfrutar un momento ameno y fraterno encabezado por el secretario General de ATE C\u00f3rdoba, Federico Giuliani.<\/p>\n\n\n\n<figure class=\"wp-block-embed is-type-video is-provider-youtube wp-block-embed-youtube wp-embed-aspect-4-3 wp-has-aspect-ratio\"><div class=\"wp-block-embed__wrapper\">\n<div class=\"epyt-video-wrapper\"><iframe loading=\"lazy\"  style=\"display: block; margin: 0px auto;\"  id=\"_ytid_40872\"  width=\"480\" height=\"360\"  data-origwidth=\"480\" data-origheight=\"360\" src=\"https:\/\/www.youtube.com\/embed\/rTYWTiwl_2U?enablejsapi=1&#038;autoplay=0&#038;cc_load_policy=0&#038;cc_lang_pref=&#038;iv_load_policy=3&#038;loop=0&#038;rel=0&#038;fs=1&#038;playsinline=0&#038;autohide=2&#038;theme=dark&#038;color=red&#038;controls=1&#038;disablekb=0&#038;\" class=\"__youtube_prefs__  epyt-is-override  no-lazyload\" title=\"YouTube player\"  allow=\"fullscreen; accelerometer; autoplay; clipboard-write; encrypted-media; gyroscope; picture-in-picture; web-share\" referrerpolicy=\"strict-origin-when-cross-origin\" allowfullscreen data-no-lazy=\"1\" data-skipgform_ajax_framebjll=\"\"><\/iframe><\/div>\n<\/div><\/figure>\n\n\n\n<p>La conducci\u00f3n de ATE quiso as\u00ed celebrar este &#8216;mayo de luchas&#8217; que se coron\u00f3 con la gran movilizaci\u00f3n del martes 24, &#8220;una marcha hist\u00f3rica de ATE y de nuestra CTA&#8221;, dijo Giuliani. En la oportunidad, las y los compa\u00f1eros presentes evocaron el Cordobazo y la Revoluci\u00f3n de Mayo, fechas tan caras al sentimiento popular, destacando la pol\u00edtica de unidad que se lleva adelante desde la conducci\u00f3n y destacando que es la forma de fortalecer nuestro sindicato para los tiempos que se vienen.<\/p>\n\n\n\n<figure class=\"wp-block-gallery has-nested-images columns-default is-cropped wp-block-gallery-1 is-layout-flex wp-block-gallery-is-layout-flex\">\n<figure class=\"wp-block-image size-large is-style-default\"><img loading=\"lazy\" decoding=\"async\" width=\"1024\" height=\"576\" data-id=\"32098\" src=\"https:\/\/atecordoba.org\/wp-content\/uploads\/2022\/05\/284472845_5682603441783749_8320220644000061438_n-1024x576.jpg\" alt=\"\" class=\"wp-image-32098\" srcset=\"https:\/\/atecordoba.org\/wp-content\/uploads\/2022\/05\/284472845_5682603441783749_8320220644000061438_n-1024x576.jpg 1024w, https:\/\/atecordoba.org\/wp-content\/uploads\/2022\/05\/284472845_5682603441783749_8320220644000061438_n-300x169.jpg 300w, https:\/\/atecordoba.org\/wp-content\/uploads\/2022\/05\/284472845_5682603441783749_8320220644000061438_n-768x432.jpg 768w, https:\/\/atecordoba.org\/wp-content\/uploads\/2022\/05\/284472845_5682603441783749_8320220644000061438_n-1536x864.jpg 1536w, https:\/\/atecordoba.org\/wp-content\/uploads\/2022\/05\/284472845_5682603441783749_8320220644000061438_n-750x422.jpg 750w, https:\/\/atecordoba.org\/wp-content\/uploads\/2022\/05\/284472845_5682603441783749_8320220644000061438_n-1140x641.jpg 1140w, https:\/\/atecordoba.org\/wp-content\/uploads\/2022\/05\/284472845_5682603441783749_8320220644000061438_n.jpg 1600w\" sizes=\"auto, (max-width: 1024px) 100vw, 1024px\" \/><\/figure>\n\n\n\n<figure class=\"wp-block-image size-large is-style-default\"><img loading=\"lazy\" decoding=\"async\" width=\"1024\" height=\"576\" data-id=\"32099\" src=\"https:\/\/atecordoba.org\/wp-content\/uploads\/2022\/05\/284232916_5682603241783769_1491726885265058770_n-1024x576.jpg\" alt=\"\" class=\"wp-image-32099\" srcset=\"https:\/\/atecordoba.org\/wp-content\/uploads\/2022\/05\/284232916_5682603241783769_1491726885265058770_n-1024x576.jpg 1024w, https:\/\/atecordoba.org\/wp-content\/uploads\/2022\/05\/284232916_5682603241783769_1491726885265058770_n-300x169.jpg 300w, https:\/\/atecordoba.org\/wp-content\/uploads\/2022\/05\/284232916_5682603241783769_1491726885265058770_n-768x432.jpg 768w, https:\/\/atecordoba.org\/wp-content\/uploads\/2022\/05\/284232916_5682603241783769_1491726885265058770_n-1536x864.jpg 1536w, https:\/\/atecordoba.org\/wp-content\/uploads\/2022\/05\/284232916_5682603241783769_1491726885265058770_n-750x422.jpg 750w, https:\/\/atecordoba.org\/wp-content\/uploads\/2022\/05\/284232916_5682603241783769_1491726885265058770_n-1140x641.jpg 1140w, https:\/\/atecordoba.org\/wp-content\/uploads\/2022\/05\/284232916_5682603241783769_1491726885265058770_n.jpg 1600w\" sizes=\"auto, (max-width: 1024px) 100vw, 1024px\" \/><\/figure>\n\n\n\n<figure class=\"wp-block-image size-large is-style-default\"><img loading=\"lazy\" decoding=\"async\" width=\"1024\" height=\"576\" data-id=\"32097\" src=\"https:\/\/atecordoba.org\/wp-content\/uploads\/2022\/05\/284275420_5682603791783714_8120701890777691912_n-1024x576.jpg\" alt=\"\" class=\"wp-image-32097\" srcset=\"https:\/\/atecordoba.org\/wp-content\/uploads\/2022\/05\/284275420_5682603791783714_8120701890777691912_n-1024x576.jpg 1024w, https:\/\/atecordoba.org\/wp-content\/uploads\/2022\/05\/284275420_5682603791783714_8120701890777691912_n-300x169.jpg 300w, https:\/\/atecordoba.org\/wp-content\/uploads\/2022\/05\/284275420_5682603791783714_8120701890777691912_n-768x432.jpg 768w, https:\/\/atecordoba.org\/wp-content\/uploads\/2022\/05\/284275420_5682603791783714_8120701890777691912_n-1536x864.jpg 1536w, https:\/\/atecordoba.org\/wp-content\/uploads\/2022\/05\/284275420_5682603791783714_8120701890777691912_n-750x422.jpg 750w, https:\/\/atecordoba.org\/wp-content\/uploads\/2022\/05\/284275420_5682603791783714_8120701890777691912_n-1140x641.jpg 1140w, https:\/\/atecordoba.org\/wp-content\/uploads\/2022\/05\/284275420_5682603791783714_8120701890777691912_n.jpg 1600w\" sizes=\"auto, (max-width: 1024px) 100vw, 1024px\" \/><\/figure>\n<\/figure>\n\n\n\n<p>En tal sentido, Giulaini dijo que &#8220;el 24 tuvimos una jornada hist\u00f3rica con m\u00e1s de 2000 compa\u00f1eros en la calle y dentro de dos d\u00edas un nuevo aniversario del Cordobazo por lo tanto nos parec\u00eda importante este encuentro&#8221;.<\/p>\n\n\n\n<p>El dirigente valor\u00f3 &#8220;qu\u00e9 bueno que es luchar, que bueno es encontrarnos en la calle, como lo venimos haciendo desde que asumimos, pero tambi\u00e9n en este tipo de instancias de fortalecimiento de los v\u00ednculos afectivos. Yo siempre digo que no hay proyecto pol\u00edtico-sindical que podamos llevar adelante si no hay afecto. Entendemos que estamos en tiempos muy dif\u00edciles a nivel nacional y provincial, por lo cual hay que construir unidad hasta que duela. Dejarnos de diferencias secundarias, priorizar donde est\u00e1 el enemigo, identificarlo, no ser funcionales a la divisi\u00f3n de nuestro sindicato por cuestiones tal vez menores, porque nos tenemos que juntar. No solo el panorama actual es dif\u00edcil, con la inflaci\u00f3n, los salarios que no alcanzan, la precarizaci\u00f3n laboral y el hambre que hay en Argentina, sino por lo que se viene&#8221;.<\/p>\n\n\n\n<figure class=\"wp-block-gallery has-nested-images columns-default is-cropped wp-block-gallery-2 is-layout-flex wp-block-gallery-is-layout-flex\">\n<figure class=\"wp-block-image size-large is-style-default\"><img loading=\"lazy\" decoding=\"async\" width=\"1024\" height=\"576\" data-id=\"32100\" src=\"https:\/\/atecordoba.org\/wp-content\/uploads\/2022\/05\/284866445_5682603175117109_6450662189230188020_n-1024x576.jpg\" alt=\"\" class=\"wp-image-32100\" srcset=\"https:\/\/atecordoba.org\/wp-content\/uploads\/2022\/05\/284866445_5682603175117109_6450662189230188020_n-1024x576.jpg 1024w, https:\/\/atecordoba.org\/wp-content\/uploads\/2022\/05\/284866445_5682603175117109_6450662189230188020_n-300x169.jpg 300w, https:\/\/atecordoba.org\/wp-content\/uploads\/2022\/05\/284866445_5682603175117109_6450662189230188020_n-768x432.jpg 768w, https:\/\/atecordoba.org\/wp-content\/uploads\/2022\/05\/284866445_5682603175117109_6450662189230188020_n-1536x864.jpg 1536w, https:\/\/atecordoba.org\/wp-content\/uploads\/2022\/05\/284866445_5682603175117109_6450662189230188020_n-750x422.jpg 750w, https:\/\/atecordoba.org\/wp-content\/uploads\/2022\/05\/284866445_5682603175117109_6450662189230188020_n-1140x641.jpg 1140w, https:\/\/atecordoba.org\/wp-content\/uploads\/2022\/05\/284866445_5682603175117109_6450662189230188020_n.jpg 1600w\" sizes=\"auto, (max-width: 1024px) 100vw, 1024px\" \/><\/figure>\n\n\n\n<figure class=\"wp-block-image size-large is-style-default\"><img loading=\"lazy\" decoding=\"async\" width=\"1024\" height=\"576\" data-id=\"32101\" src=\"https:\/\/atecordoba.org\/wp-content\/uploads\/2022\/05\/284921278_5682603191783774_6098858459123724097_n-1024x576.jpg\" alt=\"\" class=\"wp-image-32101\" srcset=\"https:\/\/atecordoba.org\/wp-content\/uploads\/2022\/05\/284921278_5682603191783774_6098858459123724097_n-1024x576.jpg 1024w, https:\/\/atecordoba.org\/wp-content\/uploads\/2022\/05\/284921278_5682603191783774_6098858459123724097_n-300x169.jpg 300w, https:\/\/atecordoba.org\/wp-content\/uploads\/2022\/05\/284921278_5682603191783774_6098858459123724097_n-768x432.jpg 768w, https:\/\/atecordoba.org\/wp-content\/uploads\/2022\/05\/284921278_5682603191783774_6098858459123724097_n-1536x864.jpg 1536w, https:\/\/atecordoba.org\/wp-content\/uploads\/2022\/05\/284921278_5682603191783774_6098858459123724097_n-750x422.jpg 750w, https:\/\/atecordoba.org\/wp-content\/uploads\/2022\/05\/284921278_5682603191783774_6098858459123724097_n-1140x641.jpg 1140w, https:\/\/atecordoba.org\/wp-content\/uploads\/2022\/05\/284921278_5682603191783774_6098858459123724097_n.jpg 1600w\" sizes=\"auto, (max-width: 1024px) 100vw, 1024px\" \/><\/figure>\n\n\n\n<figure class=\"wp-block-image size-large is-style-default\"><img loading=\"lazy\" decoding=\"async\" width=\"1024\" height=\"576\" data-id=\"32102\" src=\"https:\/\/atecordoba.org\/wp-content\/uploads\/2022\/05\/284851420_5682603381783755_7102393616951811526_n-1024x576.jpg\" alt=\"\" class=\"wp-image-32102\" srcset=\"https:\/\/atecordoba.org\/wp-content\/uploads\/2022\/05\/284851420_5682603381783755_7102393616951811526_n-1024x576.jpg 1024w, https:\/\/atecordoba.org\/wp-content\/uploads\/2022\/05\/284851420_5682603381783755_7102393616951811526_n-300x169.jpg 300w, https:\/\/atecordoba.org\/wp-content\/uploads\/2022\/05\/284851420_5682603381783755_7102393616951811526_n-768x432.jpg 768w, https:\/\/atecordoba.org\/wp-content\/uploads\/2022\/05\/284851420_5682603381783755_7102393616951811526_n-1536x864.jpg 1536w, https:\/\/atecordoba.org\/wp-content\/uploads\/2022\/05\/284851420_5682603381783755_7102393616951811526_n-750x422.jpg 750w, https:\/\/atecordoba.org\/wp-content\/uploads\/2022\/05\/284851420_5682603381783755_7102393616951811526_n-1140x641.jpg 1140w, https:\/\/atecordoba.org\/wp-content\/uploads\/2022\/05\/284851420_5682603381783755_7102393616951811526_n.jpg 1600w\" sizes=\"auto, (max-width: 1024px) 100vw, 1024px\" \/><\/figure>\n<\/figure>\n\n\n\n<p>Respecto al panorama pol\u00edtico, Giuliani lament\u00f3 que &#8220;se est\u00e1 alfombrando el camino para que el a\u00f1o que viene vuelva esa derecha olig\u00e1rquica recalcitrante a terminar lo que no concluyeron durante el macrismo. Por lo cual necesitamos un sindicato vivo, activo, que resista y tenga poder en la lucha para resistir las medidas de ajuste que se viene. Por eso, insisto, unidad hasta que nos duela, no ser funcionales a la divisi\u00f3n y dejar de lado las mezquindades, los personalismos, las cuestiones individuales&#8221;.<\/p>\n\n\n\n<p>&#8220;Yo siempre digo que, lamentablemente, nos toc\u00f3 asumir en un momento de ATE donde hubo una lecci\u00f3n de cinco listas y no es f\u00e1cil reconstruir un sindicato con cinco armados distintos. Pero el desaf\u00edo fue siempre el mismo, tener un sindicato de puertas abiertas. Tenemos limitaciones, pero siempre dejamos todo. El que no est\u00e1 es porque no quiere y los debates tambi\u00e9n se dan ac\u00e1, es mentira que hay que darlos en una oficina entre cinco, ocho o diez tipos. Se dan en la calle, en los plenarios, por eso tambi\u00e9n hemos dejado algunas aclaraciones respecto a nuestra pol\u00edtica econ\u00f3mica, tan bien administrada por nuestro compa\u00f1ero Ricardo Reyna&#8221;, destac\u00f3.<\/p>\n\n\n\n<figure class=\"wp-block-gallery has-nested-images columns-default is-cropped wp-block-gallery-3 is-layout-flex wp-block-gallery-is-layout-flex\">\n<figure class=\"wp-block-image size-large is-style-default\"><img loading=\"lazy\" decoding=\"async\" width=\"1024\" height=\"576\" data-id=\"32103\" src=\"https:\/\/atecordoba.org\/wp-content\/uploads\/2022\/05\/285006122_5682603601783733_8382667121814135292_n-1024x576.jpg\" alt=\"\" class=\"wp-image-32103\" srcset=\"https:\/\/atecordoba.org\/wp-content\/uploads\/2022\/05\/285006122_5682603601783733_8382667121814135292_n-1024x576.jpg 1024w, https:\/\/atecordoba.org\/wp-content\/uploads\/2022\/05\/285006122_5682603601783733_8382667121814135292_n-300x169.jpg 300w, https:\/\/atecordoba.org\/wp-content\/uploads\/2022\/05\/285006122_5682603601783733_8382667121814135292_n-768x432.jpg 768w, https:\/\/atecordoba.org\/wp-content\/uploads\/2022\/05\/285006122_5682603601783733_8382667121814135292_n-1536x864.jpg 1536w, https:\/\/atecordoba.org\/wp-content\/uploads\/2022\/05\/285006122_5682603601783733_8382667121814135292_n-750x422.jpg 750w, https:\/\/atecordoba.org\/wp-content\/uploads\/2022\/05\/285006122_5682603601783733_8382667121814135292_n-1140x641.jpg 1140w, https:\/\/atecordoba.org\/wp-content\/uploads\/2022\/05\/285006122_5682603601783733_8382667121814135292_n.jpg 1600w\" sizes=\"auto, (max-width: 1024px) 100vw, 1024px\" \/><\/figure>\n\n\n\n<figure class=\"wp-block-image size-large is-style-default\"><img loading=\"lazy\" decoding=\"async\" width=\"1024\" height=\"576\" data-id=\"32105\" src=\"https:\/\/atecordoba.org\/wp-content\/uploads\/2022\/05\/284924186_5682603585117068_4943551483119441408_n-1024x576.jpg\" alt=\"\" class=\"wp-image-32105\" srcset=\"https:\/\/atecordoba.org\/wp-content\/uploads\/2022\/05\/284924186_5682603585117068_4943551483119441408_n-1024x576.jpg 1024w, https:\/\/atecordoba.org\/wp-content\/uploads\/2022\/05\/284924186_5682603585117068_4943551483119441408_n-300x169.jpg 300w, https:\/\/atecordoba.org\/wp-content\/uploads\/2022\/05\/284924186_5682603585117068_4943551483119441408_n-768x432.jpg 768w, https:\/\/atecordoba.org\/wp-content\/uploads\/2022\/05\/284924186_5682603585117068_4943551483119441408_n-1536x864.jpg 1536w, https:\/\/atecordoba.org\/wp-content\/uploads\/2022\/05\/284924186_5682603585117068_4943551483119441408_n-750x422.jpg 750w, https:\/\/atecordoba.org\/wp-content\/uploads\/2022\/05\/284924186_5682603585117068_4943551483119441408_n-1140x641.jpg 1140w, https:\/\/atecordoba.org\/wp-content\/uploads\/2022\/05\/284924186_5682603585117068_4943551483119441408_n.jpg 1600w\" sizes=\"auto, (max-width: 1024px) 100vw, 1024px\" \/><\/figure>\n\n\n\n<figure class=\"wp-block-image size-large is-style-default\"><img loading=\"lazy\" decoding=\"async\" width=\"1024\" height=\"576\" data-id=\"32104\" src=\"https:\/\/atecordoba.org\/wp-content\/uploads\/2022\/05\/284951774_5682602775117149_6215233627117741170_n-1024x576.jpg\" alt=\"\" class=\"wp-image-32104\" srcset=\"https:\/\/atecordoba.org\/wp-content\/uploads\/2022\/05\/284951774_5682602775117149_6215233627117741170_n-1024x576.jpg 1024w, https:\/\/atecordoba.org\/wp-content\/uploads\/2022\/05\/284951774_5682602775117149_6215233627117741170_n-300x169.jpg 300w, https:\/\/atecordoba.org\/wp-content\/uploads\/2022\/05\/284951774_5682602775117149_6215233627117741170_n-768x432.jpg 768w, https:\/\/atecordoba.org\/wp-content\/uploads\/2022\/05\/284951774_5682602775117149_6215233627117741170_n-1536x864.jpg 1536w, https:\/\/atecordoba.org\/wp-content\/uploads\/2022\/05\/284951774_5682602775117149_6215233627117741170_n-750x422.jpg 750w, https:\/\/atecordoba.org\/wp-content\/uploads\/2022\/05\/284951774_5682602775117149_6215233627117741170_n-1140x641.jpg 1140w, https:\/\/atecordoba.org\/wp-content\/uploads\/2022\/05\/284951774_5682602775117149_6215233627117741170_n.jpg 1600w\" sizes=\"auto, (max-width: 1024px) 100vw, 1024px\" \/><\/figure>\n<\/figure>\n\n\n\n<p><strong>Di\u00e1logo abierto<\/strong><\/p>\n\n\n\n<p>Para Giuliani &#8220;se puede discutir todo, pero no poner a la persona delante de la instituci\u00f3n, nosotros estamos de paso. \u00bfCu\u00e1nto m\u00e1s podemos estar? \u00bfUna gesti\u00f3n, dos? Este gremio va camino de cumplir 100 a\u00f1os, f\u00edjense se habr\u00e1n pasado dirigentas y dirigentes. Por lo cual digo que hay que priorizar las banderas hist\u00f3ricas de ATE, priorizar el sindicato y despu\u00e9s las personas&#8221;.<\/p>\n\n\n\n<p>Y alent\u00f3 a consolidar la estructura organizativa de ATE &#8220;sacando delegados y delegadas, organizando los conflictos. Hay mucha problem\u00e1tica en los lugares de laburo y hay que darle un norte unificado a los compa\u00f1eros para que la pelea sea una. En definitiva, que logremos llevar adelante no solo nuestros reclamos laborales sino construir una sociedad m\u00e1s justa&#8221;.<\/p>\n\n\n\n<figure class=\"wp-block-gallery has-nested-images columns-default is-cropped wp-block-gallery-4 is-layout-flex wp-block-gallery-is-layout-flex\">\n<figure class=\"wp-block-image size-large is-style-default\"><img loading=\"lazy\" decoding=\"async\" width=\"1024\" height=\"576\" data-id=\"32106\" src=\"https:\/\/atecordoba.org\/wp-content\/uploads\/2022\/05\/285147850_5682603621783731_740798395435518554_n-1024x576.jpg\" alt=\"\" class=\"wp-image-32106\" srcset=\"https:\/\/atecordoba.org\/wp-content\/uploads\/2022\/05\/285147850_5682603621783731_740798395435518554_n-1024x576.jpg 1024w, https:\/\/atecordoba.org\/wp-content\/uploads\/2022\/05\/285147850_5682603621783731_740798395435518554_n-300x169.jpg 300w, https:\/\/atecordoba.org\/wp-content\/uploads\/2022\/05\/285147850_5682603621783731_740798395435518554_n-768x432.jpg 768w, https:\/\/atecordoba.org\/wp-content\/uploads\/2022\/05\/285147850_5682603621783731_740798395435518554_n-1536x864.jpg 1536w, https:\/\/atecordoba.org\/wp-content\/uploads\/2022\/05\/285147850_5682603621783731_740798395435518554_n-750x422.jpg 750w, https:\/\/atecordoba.org\/wp-content\/uploads\/2022\/05\/285147850_5682603621783731_740798395435518554_n-1140x641.jpg 1140w, https:\/\/atecordoba.org\/wp-content\/uploads\/2022\/05\/285147850_5682603621783731_740798395435518554_n.jpg 1600w\" sizes=\"auto, (max-width: 1024px) 100vw, 1024px\" \/><\/figure>\n\n\n\n<figure class=\"wp-block-image size-large is-style-default\"><img loading=\"lazy\" decoding=\"async\" width=\"1024\" height=\"576\" data-id=\"32107\" src=\"https:\/\/atecordoba.org\/wp-content\/uploads\/2022\/05\/284958530_5682603795117047_3212774150796712148_n-1024x576.jpg\" alt=\"\" class=\"wp-image-32107\" srcset=\"https:\/\/atecordoba.org\/wp-content\/uploads\/2022\/05\/284958530_5682603795117047_3212774150796712148_n-1024x576.jpg 1024w, https:\/\/atecordoba.org\/wp-content\/uploads\/2022\/05\/284958530_5682603795117047_3212774150796712148_n-300x169.jpg 300w, https:\/\/atecordoba.org\/wp-content\/uploads\/2022\/05\/284958530_5682603795117047_3212774150796712148_n-768x432.jpg 768w, https:\/\/atecordoba.org\/wp-content\/uploads\/2022\/05\/284958530_5682603795117047_3212774150796712148_n-1536x864.jpg 1536w, https:\/\/atecordoba.org\/wp-content\/uploads\/2022\/05\/284958530_5682603795117047_3212774150796712148_n-750x422.jpg 750w, https:\/\/atecordoba.org\/wp-content\/uploads\/2022\/05\/284958530_5682603795117047_3212774150796712148_n-1140x641.jpg 1140w, https:\/\/atecordoba.org\/wp-content\/uploads\/2022\/05\/284958530_5682603795117047_3212774150796712148_n.jpg 1600w\" sizes=\"auto, (max-width: 1024px) 100vw, 1024px\" \/><\/figure>\n\n\n\n<figure class=\"wp-block-image size-large is-style-default\"><img loading=\"lazy\" decoding=\"async\" width=\"1024\" height=\"576\" data-id=\"32108\" src=\"https:\/\/atecordoba.org\/wp-content\/uploads\/2022\/05\/285110361_5682602815117145_8491827849467503250_n-1024x576.jpg\" alt=\"\" class=\"wp-image-32108\" srcset=\"https:\/\/atecordoba.org\/wp-content\/uploads\/2022\/05\/285110361_5682602815117145_8491827849467503250_n-1024x576.jpg 1024w, https:\/\/atecordoba.org\/wp-content\/uploads\/2022\/05\/285110361_5682602815117145_8491827849467503250_n-300x169.jpg 300w, https:\/\/atecordoba.org\/wp-content\/uploads\/2022\/05\/285110361_5682602815117145_8491827849467503250_n-768x432.jpg 768w, https:\/\/atecordoba.org\/wp-content\/uploads\/2022\/05\/285110361_5682602815117145_8491827849467503250_n-1536x864.jpg 1536w, https:\/\/atecordoba.org\/wp-content\/uploads\/2022\/05\/285110361_5682602815117145_8491827849467503250_n-750x422.jpg 750w, https:\/\/atecordoba.org\/wp-content\/uploads\/2022\/05\/285110361_5682602815117145_8491827849467503250_n-1140x641.jpg 1140w, https:\/\/atecordoba.org\/wp-content\/uploads\/2022\/05\/285110361_5682602815117145_8491827849467503250_n.jpg 1600w\" sizes=\"auto, (max-width: 1024px) 100vw, 1024px\" \/><\/figure>\n<\/figure>\n\n\n\n<p>Y concluy\u00f3: &#8220;podremos tener mil errores, pero nadie nos va a poder sacar en cara que estamos poniendo el cuerpo, que recorremos los sectores, que los compa\u00f1eros nos ven en el cara a cara para dar el debate de frente. Hay que recuperar la confianza pol\u00edtica, no ver al lado quien es el que nos caga. &nbsp;A no militar con cara de culo, hay que militar con alegr\u00eda porque, como dec\u00eda el Gringo Tosco \u201cla \u00fanica divisi\u00f3n que hacemos es entre los que se junta para traicionar y entregar a los laburantes y entre los que nos juntamos para organizar la nueva realidad\u201d. Gracias compa\u00f1eras, gracias compa\u00f1eros&#8221;.<\/p>\n\n\n\n<p><strong>Otras voces<\/strong><\/p>\n\n\n\n<p><strong>Nora Cendra, ATE Santa Mar\u00eda:<\/strong> &#8220;Yo siento este sindicato desde 1976 y antes, y espero que est\u00e1 uni\u00f3n sirva para salir adelante y tener el pa\u00eds justo y soberano que todos necesitamos&#8221;.<\/p>\n\n\n\n<p><strong>Carina Arg\u00fcello, ATE ANA<\/strong>C: ATE es un lugar donde nos juntamos trabajadores y trabajadoras para reivindicar nuestros derechos, es organizaci\u00f3n, pero tambi\u00e9n es familia, compartir el pan y la mesa.<\/p>\n\n\n\n<p><strong>Celeste Mart\u00ednez, Casa del Joven:<\/strong> M\u00e1s all\u00e1 de las circunstancias, siempre es bueno seguir celebrando la vida. Espero que nos podamos seguir encontrando en otras celebraciones del Cordobazo<\/p>\n\n\n\n<p><strong>Gabriela Vite, Administraci\u00f3n de Parques Nacionales<\/strong>: Estoy muy feliz por tener este momento de encuentro de diversidades, pero trabajando para lograr un sistema m\u00e1s justo. Y atravesado por el amor para alcanzar una buena calidad de vida, un buen vivir para todas las personas.<\/p>\n\n\n\n<p><strong>Mar\u00eda Spaventa, Ministerio de Desarrollo Social de la Naci\u00f3n<\/strong>: muy feliz de reunirnos con trabajadores y trabajadoras, recordando fechas, muy importantes para nuestro pueblo como el Cordobazo y el 25 de mayo. ATE est\u00e1 a la altura de las circunstancias, no solo por la representaci\u00f3n gremial que tenemos sino tambi\u00e9n por la lucha feminista que est\u00e1 llevando a cabo.<\/p>\n\n\n\n<p><strong>Javier Bracamonte<\/strong>,<strong> Hospital Aeron\u00e1utico<\/strong>: En el gremio se comparte la mesa y la lucha. Aca todos estamos del mismo lado, apuntando a un solo fin, que es la unidad del trabajo y lograr que el trabajo nos dignifique.<\/p>\n\n\n\n<p><strong>Jorge Chalup, Ministerio de Trabajo de la Naci\u00f3n: <\/strong>Lo importante es trabajar para la unidad porque nuestro sindicato es la herramienta que tenemos los trabajadores para dar pelea que tenemos que dar. Por eso hay que cuidar la herramienta. Es bueno saber que la historia no empieza con nosotros y tenemos que crecer para ser efectivos en la pelea que damos.<\/p>\n\n\n\n<figure class=\"wp-block-gallery has-nested-images columns-default is-cropped wp-block-gallery-5 is-layout-flex wp-block-gallery-is-layout-flex\">\n<figure class=\"wp-block-image size-large is-style-default\"><a href=\"https:\/\/atecordoba.org\/wp-content\/uploads\/2022\/05\/284274194_5682604198450340_7334699870804285956_n.jpg\"><img loading=\"lazy\" decoding=\"async\" width=\"1024\" height=\"576\" data-id=\"32110\" src=\"https:\/\/atecordoba.org\/wp-content\/uploads\/2022\/05\/284274194_5682604198450340_7334699870804285956_n-1024x576.jpg\" alt=\"\" class=\"wp-image-32110\" srcset=\"https:\/\/atecordoba.org\/wp-content\/uploads\/2022\/05\/284274194_5682604198450340_7334699870804285956_n-1024x576.jpg 1024w, https:\/\/atecordoba.org\/wp-content\/uploads\/2022\/05\/284274194_5682604198450340_7334699870804285956_n-300x169.jpg 300w, https:\/\/atecordoba.org\/wp-content\/uploads\/2022\/05\/284274194_5682604198450340_7334699870804285956_n-768x432.jpg 768w, https:\/\/atecordoba.org\/wp-content\/uploads\/2022\/05\/284274194_5682604198450340_7334699870804285956_n-1536x864.jpg 1536w, https:\/\/atecordoba.org\/wp-content\/uploads\/2022\/05\/284274194_5682604198450340_7334699870804285956_n-750x422.jpg 750w, https:\/\/atecordoba.org\/wp-content\/uploads\/2022\/05\/284274194_5682604198450340_7334699870804285956_n-1140x641.jpg 1140w, https:\/\/atecordoba.org\/wp-content\/uploads\/2022\/05\/284274194_5682604198450340_7334699870804285956_n.jpg 1600w\" sizes=\"auto, (max-width: 1024px) 100vw, 1024px\" \/><\/a><\/figure>\n\n\n\n<figure class=\"wp-block-image size-large is-style-default\"><a href=\"https:\/\/atecordoba.org\/wp-content\/uploads\/2022\/05\/284844532_5682603838450376_7548576052125343383_n.jpg\"><img loading=\"lazy\" decoding=\"async\" width=\"1024\" height=\"576\" data-id=\"32111\" src=\"https:\/\/atecordoba.org\/wp-content\/uploads\/2022\/05\/284844532_5682603838450376_7548576052125343383_n-1024x576.jpg\" alt=\"\" class=\"wp-image-32111\" srcset=\"https:\/\/atecordoba.org\/wp-content\/uploads\/2022\/05\/284844532_5682603838450376_7548576052125343383_n-1024x576.jpg 1024w, https:\/\/atecordoba.org\/wp-content\/uploads\/2022\/05\/284844532_5682603838450376_7548576052125343383_n-300x169.jpg 300w, https:\/\/atecordoba.org\/wp-content\/uploads\/2022\/05\/284844532_5682603838450376_7548576052125343383_n-768x432.jpg 768w, https:\/\/atecordoba.org\/wp-content\/uploads\/2022\/05\/284844532_5682603838450376_7548576052125343383_n-1536x864.jpg 1536w, https:\/\/atecordoba.org\/wp-content\/uploads\/2022\/05\/284844532_5682603838450376_7548576052125343383_n-750x422.jpg 750w, https:\/\/atecordoba.org\/wp-content\/uploads\/2022\/05\/284844532_5682603838450376_7548576052125343383_n-1140x641.jpg 1140w, https:\/\/atecordoba.org\/wp-content\/uploads\/2022\/05\/284844532_5682603838450376_7548576052125343383_n.jpg 1600w\" sizes=\"auto, (max-width: 1024px) 100vw, 1024px\" \/><\/a><\/figure>\n\n\n\n<figure class=\"wp-block-image size-large is-style-default\"><a href=\"https:\/\/atecordoba.org\/wp-content\/uploads\/2022\/05\/285061480_5682603965117030_3911167695615349458_n.jpg\"><img loading=\"lazy\" decoding=\"async\" width=\"1024\" height=\"576\" data-id=\"32109\" src=\"https:\/\/atecordoba.org\/wp-content\/uploads\/2022\/05\/285061480_5682603965117030_3911167695615349458_n-1024x576.jpg\" alt=\"\" class=\"wp-image-32109\" srcset=\"https:\/\/atecordoba.org\/wp-content\/uploads\/2022\/05\/285061480_5682603965117030_3911167695615349458_n-1024x576.jpg 1024w, https:\/\/atecordoba.org\/wp-content\/uploads\/2022\/05\/285061480_5682603965117030_3911167695615349458_n-300x169.jpg 300w, https:\/\/atecordoba.org\/wp-content\/uploads\/2022\/05\/285061480_5682603965117030_3911167695615349458_n-768x432.jpg 768w, https:\/\/atecordoba.org\/wp-content\/uploads\/2022\/05\/285061480_5682603965117030_3911167695615349458_n-1536x864.jpg 1536w, https:\/\/atecordoba.org\/wp-content\/uploads\/2022\/05\/285061480_5682603965117030_3911167695615349458_n-750x422.jpg 750w, https:\/\/atecordoba.org\/wp-content\/uploads\/2022\/05\/285061480_5682603965117030_3911167695615349458_n-1140x641.jpg 1140w, https:\/\/atecordoba.org\/wp-content\/uploads\/2022\/05\/285061480_5682603965117030_3911167695615349458_n.jpg 1600w\" sizes=\"auto, (max-width: 1024px) 100vw, 1024px\" \/><\/a><\/figure>\n\n\n\n<figure class=\"wp-block-image size-large is-style-default\"><a href=\"https:\/\/atecordoba.org\/wp-content\/uploads\/2022\/05\/284987033_5682604038450356_2434466086672195750_n.jpg\"><img loading=\"lazy\" decoding=\"async\" width=\"1024\" height=\"576\" data-id=\"32112\" src=\"https:\/\/atecordoba.org\/wp-content\/uploads\/2022\/05\/284987033_5682604038450356_2434466086672195750_n-1024x576.jpg\" alt=\"\" class=\"wp-image-32112\" srcset=\"https:\/\/atecordoba.org\/wp-content\/uploads\/2022\/05\/284987033_5682604038450356_2434466086672195750_n-1024x576.jpg 1024w, https:\/\/atecordoba.org\/wp-content\/uploads\/2022\/05\/284987033_5682604038450356_2434466086672195750_n-300x169.jpg 300w, https:\/\/atecordoba.org\/wp-content\/uploads\/2022\/05\/284987033_5682604038450356_2434466086672195750_n-768x432.jpg 768w, https:\/\/atecordoba.org\/wp-content\/uploads\/2022\/05\/284987033_5682604038450356_2434466086672195750_n-1536x864.jpg 1536w, https:\/\/atecordoba.org\/wp-content\/uploads\/2022\/05\/284987033_5682604038450356_2434466086672195750_n-750x422.jpg 750w, https:\/\/atecordoba.org\/wp-content\/uploads\/2022\/05\/284987033_5682604038450356_2434466086672195750_n-1140x641.jpg 1140w, https:\/\/atecordoba.org\/wp-content\/uploads\/2022\/05\/284987033_5682604038450356_2434466086672195750_n.jpg 1600w\" sizes=\"auto, (max-width: 1024px) 100vw, 1024px\" \/><\/a><\/figure>\n\n\n\n<figure class=\"wp-block-image size-large is-style-default\"><a href=\"https:\/\/atecordoba.org\/wp-content\/uploads\/2022\/05\/284366717_5682604065117020_7419410259629806598_n.jpg\"><img loading=\"lazy\" decoding=\"async\" width=\"1024\" height=\"576\" data-id=\"32114\" src=\"https:\/\/atecordoba.org\/wp-content\/uploads\/2022\/05\/284366717_5682604065117020_7419410259629806598_n-1024x576.jpg\" alt=\"\" class=\"wp-image-32114\" srcset=\"https:\/\/atecordoba.org\/wp-content\/uploads\/2022\/05\/284366717_5682604065117020_7419410259629806598_n-1024x576.jpg 1024w, https:\/\/atecordoba.org\/wp-content\/uploads\/2022\/05\/284366717_5682604065117020_7419410259629806598_n-300x169.jpg 300w, https:\/\/atecordoba.org\/wp-content\/uploads\/2022\/05\/284366717_5682604065117020_7419410259629806598_n-768x432.jpg 768w, https:\/\/atecordoba.org\/wp-content\/uploads\/2022\/05\/284366717_5682604065117020_7419410259629806598_n-1536x864.jpg 1536w, https:\/\/atecordoba.org\/wp-content\/uploads\/2022\/05\/284366717_5682604065117020_7419410259629806598_n-750x422.jpg 750w, https:\/\/atecordoba.org\/wp-content\/uploads\/2022\/05\/284366717_5682604065117020_7419410259629806598_n-1140x641.jpg 1140w, https:\/\/atecordoba.org\/wp-content\/uploads\/2022\/05\/284366717_5682604065117020_7419410259629806598_n.jpg 1600w\" sizes=\"auto, (max-width: 1024px) 100vw, 1024px\" \/><\/a><\/figure>\n\n\n\n<figure class=\"wp-block-image size-large is-style-default\"><a href=\"https:\/\/atecordoba.org\/wp-content\/uploads\/2022\/05\/284706454_5682604161783677_2093587709450979507_n.jpg\"><img loading=\"lazy\" decoding=\"async\" width=\"1024\" height=\"576\" data-id=\"32113\" src=\"https:\/\/atecordoba.org\/wp-content\/uploads\/2022\/05\/284706454_5682604161783677_2093587709450979507_n-1024x576.jpg\" alt=\"\" class=\"wp-image-32113\" srcset=\"https:\/\/atecordoba.org\/wp-content\/uploads\/2022\/05\/284706454_5682604161783677_2093587709450979507_n-1024x576.jpg 1024w, https:\/\/atecordoba.org\/wp-content\/uploads\/2022\/05\/284706454_5682604161783677_2093587709450979507_n-300x169.jpg 300w, https:\/\/atecordoba.org\/wp-content\/uploads\/2022\/05\/284706454_5682604161783677_2093587709450979507_n-768x432.jpg 768w, https:\/\/atecordoba.org\/wp-content\/uploads\/2022\/05\/284706454_5682604161783677_2093587709450979507_n-1536x864.jpg 1536w, https:\/\/atecordoba.org\/wp-content\/uploads\/2022\/05\/284706454_5682604161783677_2093587709450979507_n-750x422.jpg 750w, https:\/\/atecordoba.org\/wp-content\/uploads\/2022\/05\/284706454_5682604161783677_2093587709450979507_n-1140x641.jpg 1140w, https:\/\/atecordoba.org\/wp-content\/uploads\/2022\/05\/284706454_5682604161783677_2093587709450979507_n.jpg 1600w\" sizes=\"auto, (max-width: 1024px) 100vw, 1024px\" \/><\/a><\/figure>\n<\/figure>\n","protected":false},"excerpt":{"rendered":"<p>El pasado viernes 27 de mayo el Consejo Directivo Provincial organiz\u00f3 un locro donde estuvieron invitados militantes de ATE y dirigentes nacionales, provinciales y municipales para disfrutar un momento ameno y fraterno encabezado por el secretario General de ATE C\u00f3rdoba, Federico Giuliani. La conducci\u00f3n de ATE quiso as\u00ed celebrar este &#8216;mayo de luchas&#8217; que se [&hellip;]<\/p>\n","protected":false},"author":7,"featured_media":32096,"comment_status":"open","ping_status":"open","sticky":false,"template":"","format":"standard","meta":{"_exactmetrics_skip_tracking":false,"_exactmetrics_sitenote_active":false,"_exactmetrics_sitenote_note":"","_exactmetrics_sitenote_category":0,"jnews-multi-image_gallery":[],"jnews_single_post":{"subtitle":"El secretario General de ATE C\u00f3rdoba, Federico Giuliani, destac\u00f3 que mayo fue un mes de luchas para nuestro gremio. \"Se puede discutir todo, pero no poner a la persona delante de la instituci\u00f3n, nosotros estamos de paso. Por lo cual digo que hay que priorizar las banderas hist\u00f3ricas de ATE, priorizar el sindicato y despu\u00e9s las personas\", se\u00f1al\u00f3 el dirigente..","format":"standard","video":"","gallery":"","source_name":"","source_url":"","via_name":"","via_url":"","override_template":"0","override":[{"template":"1","single_blog_custom":"","parallax":"1","fullscreen":"1","layout":"right-sidebar","sidebar":"default-sidebar","second_sidebar":"default-sidebar","sticky_sidebar":"1","share_position":"top","share_float_style":"share-monocrhome","show_share_counter":"1","show_view_counter":"1","show_featured":"1","show_post_meta":"1","show_post_author":"1","show_post_author_image":"1","show_post_date":"1","post_date_format":"default","post_date_format_custom":"Y\/m\/d","show_post_category":"1","show_post_reading_time":"0","post_reading_time_wpm":"300","show_zoom_button":"0","zoom_button_out_step":"2","zoom_button_in_step":"3","show_post_tag":"1","show_prev_next_post":"1","show_popup_post":"1","number_popup_post":"1","show_author_box":"0","show_post_related":"0","show_inline_post_related":"0"}],"override_image_size":"0","image_override":[{"single_post_thumbnail_size":"crop-500","single_post_gallery_size":"crop-500"}],"trending_post":"0","trending_post_position":"meta","trending_post_label":"Trending","sponsored_post":"0","sponsored_post_label":"Sponsored by","sponsored_post_name":"","sponsored_post_url":"","sponsored_post_logo_enable":"0","sponsored_post_logo":"","sponsored_post_desc":"","disable_ad":"0"},"jnews_primary_category":{"id":""},"jnews_social_meta":{"fb_title":"","fb_description":"","fb_image":"","twitter_title":"","twitter_description":"","twitter_image":""},"jnews_review":[],"enable_review":"0","type":"percentage","name":"","summary":"","brand":"","sku":"","good":[{"good_text":""}],"bad":[{"bad_text":""}],"score_override":"","override_value":"","rating":[{"rating_text":"","rating_number":"10"}],"price":[{"shop":"","price":"","link":"","icon":""}],"jnews_override_counter":{"override_view_counter":"0","view_counter_number":"0","override_share_counter":"0","share_counter_number":"0","override_like_counter":"0","like_counter_number":"0","override_dislike_counter":"0","dislike_counter_number":"0"},"jnews_post_split":{"enable_post_split":"0","post_split":[{"template":"1","tag":"h2","numbering":"asc","mode":"normal","first":"0","enable_toc":"0","toc_type":"normal"}]},"footnotes":""},"categories":[1],"tags":[],"class_list":["post-32095","post","type-post","status-publish","format-standard","has-post-thumbnail","hentry","category-sin-categoria"],"jetpack_featured_media_url":"https:\/\/atecordoba.org\/wp-content\/uploads\/2022\/05\/284865831_5682602791783814_5532807644718643230_n-e1654181746161.jpg","_links":{"self":[{"href":"https:\/\/atecordoba.org\/index.php?rest_route=\/wp\/v2\/posts\/32095","targetHints":{"allow":["GET"]}}],"collection":[{"href":"https:\/\/atecordoba.org\/index.php?rest_route=\/wp\/v2\/posts"}],"about":[{"href":"https:\/\/atecordoba.org\/index.php?rest_route=\/wp\/v2\/types\/post"}],"author":[{"embeddable":true,"href":"https:\/\/atecordoba.org\/index.php?rest_route=\/wp\/v2\/users\/7"}],"replies":[{"embeddable":true,"href":"https:\/\/atecordoba.org\/index.php?rest_route=%2Fwp%2Fv2%2Fcomments&post=32095"}],"version-history":[{"count":2,"href":"https:\/\/atecordoba.org\/index.php?rest_route=\/wp\/v2\/posts\/32095\/revisions"}],"predecessor-version":[{"id":32116,"href":"https:\/\/atecordoba.org\/index.php?rest_route=\/wp\/v2\/posts\/32095\/revisions\/32116"}],"wp:featuredmedia":[{"embeddable":true,"href":"https:\/\/atecordoba.org\/index.php?rest_route=\/wp\/v2\/media\/32096"}],"wp:attachment":[{"href":"https:\/\/atecordoba.org\/index.php?rest_route=%2Fwp%2Fv2%2Fmedia&parent=32095"}],"wp:term":[{"taxonomy":"category","embeddable":true,"href":"https:\/\/atecordoba.org\/index.php?rest_route=%2Fwp%2Fv2%2Fcategories&post=32095"},{"taxonomy":"post_tag","embeddable":true,"href":"https:\/\/atecordoba.org\/index.php?rest_route=%2Fwp%2Fv2%2Ftags&post=32095"}],"curies":[{"name":"wp","href":"https:\/\/api.w.org\/{rel}","templated":true}]}}