{"id":32089,"date":"2022-05-30T13:40:01","date_gmt":"2022-05-30T16:40:01","guid":{"rendered":"https:\/\/atecordoba.org\/?p=32089"},"modified":"2022-05-30T13:40:06","modified_gmt":"2022-05-30T16:40:06","slug":"diego-villegas-valoramos-el-dialogo-con-los-intendentes-para-avanzar-en-mejoras-para-las-y-los-municipales","status":"publish","type":"post","link":"https:\/\/atecordoba.org\/?p=32089","title":{"rendered":"Diego Villegas: &#8220;valoramos el di\u00e1logo con los intendentes para avanzar en mejoras para las y los municipales&#8221;"},"content":{"rendered":"\n<div class=\"wp-block-image is-style-default\"><figure class=\"aligncenter size-large is-resized\"><img loading=\"lazy\" decoding=\"async\" src=\"https:\/\/atecordoba.org\/wp-content\/uploads\/2022\/05\/diego-villegas-1024x594.jpeg\" alt=\"\" class=\"wp-image-32090\" width=\"768\" height=\"446\" \/><figcaption>Diego Villegas, secretario General de ATE Adelia Mar\u00eda.<\/figcaption><\/figure><\/div>\n\n\n\n<p>El secretario General de ATE Adelia Mar\u00eda, Diego Villegas, dio una serie de definiciones la semana pasada sobre la pol\u00edtica de ATE en el sur provincial, en el marco de una entrevista que le realiz\u00f3 la radio de la localidad de San Basilio.<\/p>\n\n\n\n<p>En la oportunidad, Villegas adelant\u00f3 que viajar\u00e1 hoy a participar del Congreso Nacional ordinario y extraordinario de ATE, donde se pondr\u00e1 a consideraci\u00f3n de las y los congresales de todo el pa\u00eds la memoria de actividades y el balance contable de los actuado desde 2019 a la fecha, debido a que la pandemia impidi\u00f3 realizar los correspondientes a los a\u00f1os 2019 y 2020. El secretario General de la seccional es uno delos seis congresales titulares por C\u00f3rdoba de una comitiva que encabeza el secretario General del Consejo Directivo Provincial (CDP), Federico Giuliani.<\/p>\n\n\n\n<p>Consultado sobre como viene la relaci\u00f3n con los intendentes de la regi\u00f3n a los fines de avanzar con la agenda de derechos que plantea ATE par ael sctor municipal, Villegas destac\u00f3 la \u00faltima reuni\u00f3n mantenida con la municipalidad de San Basilio y dijo que &#8221; tratamos de tener di\u00e1logo con todos los municipios para no llegar a algo m\u00e1s, que despu\u00e9s termina repercutiendo en la regi\u00f3n. Estamos en Las Vertientes, Sampacho, Bulnes, Chajan, San Basilio, Adelia Mar\u00eda, Huanchillas, La Carlota, Serrano, Jovita, Del Campillo, Villa Valeria, Ital\u00f3 y Picen. Es muy amplia la zona, muchos kil\u00f3metros y estamos contentos de como viene la gesti\u00f3n hasta el momento. Si bien hay mucho por avanzar, de a poco lo vamos logrando&#8221;.<\/p>\n\n\n\n<p>Consultado sobre la cuesti\u00f3n salarial, Villegas afirm\u00f3 que &#8220;con esta inflaci\u00f3n los sueldos est\u00e1n devastados. Sobre todo el municipal que es el m\u00e1s bajo de los tres niveles del Estado. Tratamos de negociar el porcentaje m\u00e1s alto posible para tratar de compensar la inflaci\u00f3n pero los aumentos de precios no permiten cerrar las negociaciones. Ahora dicen que va a haber un 60% de inflaci\u00f3n, pero me parece que va a ser m\u00e1s&#8221;.<\/p>\n\n\n\n<p>De todas formas, el dirigente destac\u00f3 que &#8220;gracias a dios los aumentos son acumulativos y as\u00ed ten\u00e9s un poco m\u00e1s. Pero hay que reunirse con los intendentes varias veces al a\u00f1o&#8221;.<\/p>\n\n\n\n<p>Por otro lado, el delegado municipal de ATE de San Basilio Marcelo Alfonso explic\u00f3 que &#8220;en todos lados pedimos dos mudas al a\u00f1o, por lo general est\u00e1 reglamentado en todos los estatutos municipales. Tambi\u00e9n ac\u00e1 vamos avanzando en concretar la muda de ropa propia de la Municipalidad de San Basilio, un uniforme con un buzo como complemento. Y le damos la tranquilidad a los trabajadores que se bono de asistencia que se le prometi\u00f3, m\u00e1s all\u00e1 de que tengan faltas si est\u00e1n justificadas por enfermedad, vacaciones y dem\u00e1s&#8221;.<\/p>\n\n\n\n<p>El delegado remarc\u00f3 tambi\u00e9n que &#8220;a 50 a\u00f1os de la aprobaci\u00f3n de la Ley de Higiene y Seguridad en el Trabajo, seguimos buscando la seguridad del trabajador. Pedimos a las autoridades el cumplimiento de todas las medidas de higiene y seguridad necesarias para alcanzar la dignidad en el trabajo. Todos estos logros son muy importantes porque dignifican al trabajador municipal que fue desconocido o ninguneado durante tantos a\u00f1os. Debemos tener la relevancia como trabajadores en la sociedad porque ejercemos un rol importante como tantos otros&#8221;.<\/p>\n","protected":false},"excerpt":{"rendered":"<p>El secretario General de ATE Adelia Mar\u00eda, Diego Villegas, dio una serie de definiciones la semana pasada sobre la pol\u00edtica de ATE en el sur provincial, en el marco de una entrevista que le realiz\u00f3 la radio de la localidad de San Basilio. En la oportunidad, Villegas adelant\u00f3 que viajar\u00e1 hoy a participar del Congreso [&hellip;]<\/p>\n","protected":false},"author":7,"featured_media":32090,"comment_status":"open","ping_status":"open","sticky":false,"template":"","format":"standard","meta":{"_exactmetrics_skip_tracking":false,"_exactmetrics_sitenote_active":false,"_exactmetrics_sitenote_note":"","_exactmetrics_sitenote_category":0,"jnews-multi-image_gallery":[],"jnews_single_post":{"subtitle":"El secretario General de la seccional hizo un repaso de la actividad que lleva adelante ATE en el sector municipal del sur provincial. ","format":"standard","video":"","gallery":"","source_name":"","source_url":"","via_name":"","via_url":"","override_template":"0","override":[{"template":"1","single_blog_custom":"","parallax":"1","fullscreen":"1","layout":"right-sidebar","sidebar":"default-sidebar","second_sidebar":"default-sidebar","sticky_sidebar":"1","share_position":"top","share_float_style":"share-monocrhome","show_share_counter":"1","show_view_counter":"1","show_featured":"1","show_post_meta":"1","show_post_author":"1","show_post_author_image":"1","show_post_date":"1","post_date_format":"default","post_date_format_custom":"Y\/m\/d","show_post_category":"1","show_post_reading_time":"0","post_reading_time_wpm":"300","show_zoom_button":"0","zoom_button_out_step":"2","zoom_button_in_step":"3","show_post_tag":"1","show_prev_next_post":"1","show_popup_post":"1","number_popup_post":"1","show_author_box":"0","show_post_related":"0","show_inline_post_related":"0"}],"override_image_size":"0","image_override":[{"single_post_thumbnail_size":"crop-500","single_post_gallery_size":"crop-500"}],"trending_post":"0","trending_post_position":"meta","trending_post_label":"Trending","sponsored_post":"0","sponsored_post_label":"Sponsored by","sponsored_post_name":"","sponsored_post_url":"","sponsored_post_logo_enable":"0","sponsored_post_logo":"","sponsored_post_desc":"","disable_ad":"0"},"jnews_primary_category":{"id":""},"jnews_social_meta":{"fb_title":"ATE Adelia Mar\u00eda: \"valoramos el di\u00e1logo con los intendentes para avanzar en mejoras para las y los municipales\", dijo Diego Villegas.","fb_description":"","fb_image":"","twitter_title":"","twitter_description":"","twitter_image":""},"jnews_review":[],"enable_review":"0","type":"percentage","name":"","summary":"","brand":"","sku":"","good":[{"good_text":""}],"bad":[{"bad_text":""}],"score_override":"","override_value":"","rating":[{"rating_text":"","rating_number":"10"}],"price":[{"shop":"","price":"","link":"","icon":""}],"jnews_override_counter":{"override_view_counter":"0","view_counter_number":"0","override_share_counter":"0","share_counter_number":"0","override_like_counter":"0","like_counter_number":"0","override_dislike_counter":"0","dislike_counter_number":"0"},"jnews_post_split":{"enable_post_split":"0","post_split":[{"template":"1","tag":"h2","numbering":"asc","mode":"normal","first":"0","enable_toc":"0","toc_type":"normal"}]},"footnotes":""},"categories":[149,34],"tags":[662],"class_list":["post-32089","post","type-post","status-publish","format-standard","has-post-thumbnail","hentry","category-adelia-maria","category-seccionales","tag-san-basilio"],"jetpack_featured_media_url":"https:\/\/atecordoba.org\/wp-content\/uploads\/2022\/05\/diego-villegas-e1653928793473.jpeg","_links":{"self":[{"href":"https:\/\/atecordoba.org\/index.php?rest_route=\/wp\/v2\/posts\/32089","targetHints":{"allow":["GET"]}}],"collection":[{"href":"https:\/\/atecordoba.org\/index.php?rest_route=\/wp\/v2\/posts"}],"about":[{"href":"https:\/\/atecordoba.org\/index.php?rest_route=\/wp\/v2\/types\/post"}],"author":[{"embeddable":true,"href":"https:\/\/atecordoba.org\/index.php?rest_route=\/wp\/v2\/users\/7"}],"replies":[{"embeddable":true,"href":"https:\/\/atecordoba.org\/index.php?rest_route=%2Fwp%2Fv2%2Fcomments&post=32089"}],"version-history":[{"count":1,"href":"https:\/\/atecordoba.org\/index.php?rest_route=\/wp\/v2\/posts\/32089\/revisions"}],"predecessor-version":[{"id":32091,"href":"https:\/\/atecordoba.org\/index.php?rest_route=\/wp\/v2\/posts\/32089\/revisions\/32091"}],"wp:featuredmedia":[{"embeddable":true,"href":"https:\/\/atecordoba.org\/index.php?rest_route=\/wp\/v2\/media\/32090"}],"wp:attachment":[{"href":"https:\/\/atecordoba.org\/index.php?rest_route=%2Fwp%2Fv2%2Fmedia&parent=32089"}],"wp:term":[{"taxonomy":"category","embeddable":true,"href":"https:\/\/atecordoba.org\/index.php?rest_route=%2Fwp%2Fv2%2Fcategories&post=32089"},{"taxonomy":"post_tag","embeddable":true,"href":"https:\/\/atecordoba.org\/index.php?rest_route=%2Fwp%2Fv2%2Ftags&post=32089"}],"curies":[{"name":"wp","href":"https:\/\/api.w.org\/{rel}","templated":true}]}}