{"id":32085,"date":"2022-05-27T14:19:24","date_gmt":"2022-05-27T17:19:24","guid":{"rendered":"https:\/\/atecordoba.org\/?p=32085"},"modified":"2022-05-27T14:19:32","modified_gmt":"2022-05-27T17:19:32","slug":"san-basilio-municipales-van-por-aumento-salarial-y-pase-a-planta-permanente","status":"publish","type":"post","link":"https:\/\/atecordoba.org\/?p=32085","title":{"rendered":"San Basilio: municipales van por aumento salarial y pase a planta permanente"},"content":{"rendered":"\n<div class=\"wp-block-image is-style-default\"><figure class=\"aligncenter size-large is-resized\"><img loading=\"lazy\" decoding=\"async\" src=\"https:\/\/atecordoba.org\/wp-content\/uploads\/2022\/05\/SAN-BASILIO-2-1-1024x764.jpeg\" alt=\"\" class=\"wp-image-32086\" width=\"768\" height=\"573\" srcset=\"https:\/\/atecordoba.org\/wp-content\/uploads\/2022\/05\/SAN-BASILIO-2-1-1024x764.jpeg 1024w, https:\/\/atecordoba.org\/wp-content\/uploads\/2022\/05\/SAN-BASILIO-2-1-300x224.jpeg 300w, https:\/\/atecordoba.org\/wp-content\/uploads\/2022\/05\/SAN-BASILIO-2-1-768x573.jpeg 768w, https:\/\/atecordoba.org\/wp-content\/uploads\/2022\/05\/SAN-BASILIO-2-1-750x560.jpeg 750w, https:\/\/atecordoba.org\/wp-content\/uploads\/2022\/05\/SAN-BASILIO-2-1.jpeg 1075w\" sizes=\"auto, (max-width: 768px) 100vw, 768px\" \/><\/figure><\/div>\n\n\n\n<p>Tras una audiencia de ATE con el intendente de la localidad de San Basilio, Rub\u00e9n Moine, el delegado municipal de ATE en la localidad de sur provincial, Marcelo Alfonso, brind\u00f3 una entrevista a una radio local donde explic\u00f3 los motivos de la convocatoria al paro provincial de ATE realizado el martes pasado.<\/p>\n\n\n\n<p>Alfonso, integrante de la conducci\u00f3n de la seccional ATE Adelia Mar\u00eda, valor\u00f3 que se haya concretado la audiencia, pero record\u00f3 que est\u00e1 pendiente de avanzar en la Municipalidad con una agenda de reivindicaciones que encabeza la demanda salarial y el pase a planta permanente de los municipales.<\/p>\n\n\n\n<p>Consultado al respecto, Alfonso dijo que \u201clamentablemente llegamos a las medidas de fuerza despu\u00e9s que nuestro secretario General Federico Giuliani realice planteos por todos los medios sobre cu\u00e1les son las necesidades, sobre todo en el sueldo que es lo que nos dignifica y hace posible que nuestros hijos e hijas puedan crecer en un pa\u00eds mejor que el que nos toc\u00f3 vivir a nosotros\u201d.<\/p>\n\n\n\n<p>En ese sentido, el delegado avanz\u00f3 recordando \u201ca aquellas grandes mujeres y hombres que construyeron esta Naci\u00f3n, queremos saber de qu\u00e9 se trata. Porque todo trabajador y trabajadora necesita saber cu\u00e1l es nuestro destino como estatales, todos necesitamos esa estabilidad laboral que ordena la Constituci\u00f3n Nacional, tan necesaria para poder proyectar nuestra vida\u201d.<\/p>\n\n\n\n<p>Y concluy\u00f3: \u201cno es posible que hay compa\u00f1eros con 20 o 25 a\u00f1os de antig\u00fcedad y no tener su propia vivienda, no tener nada que legarle a sus hijos e hijas. &nbsp;En la audiencia planteamos el pase a planta permanente de nuestros compa\u00f1eros\u201d.<\/p>\n","protected":false},"excerpt":{"rendered":"<p>Tras una audiencia de ATE con el intendente de la localidad de San Basilio, Rub\u00e9n Moine, el delegado municipal de ATE en la localidad de sur provincial, Marcelo Alfonso, brind\u00f3 una entrevista a una radio local donde explic\u00f3 los motivos de la convocatoria al paro provincial de ATE realizado el martes pasado. Alfonso, integrante de [&hellip;]<\/p>\n","protected":false},"author":7,"featured_media":31962,"comment_status":"open","ping_status":"open","sticky":false,"template":"","format":"standard","meta":{"_exactmetrics_skip_tracking":false,"_exactmetrics_sitenote_active":false,"_exactmetrics_sitenote_note":"","_exactmetrics_sitenote_category":0,"jnews-multi-image_gallery":[],"jnews_single_post":{"subtitle":"El delegado Alfonso explic\u00f3 que el paro provincial se fundament\u00f3 en las necesidades de las y los trabajadores que no son atendidas por los municipios.","format":"standard","video":"","gallery":"","source_name":"","source_url":"","via_name":"","via_url":"","override_template":"0","override":[{"template":"1","single_blog_custom":"","parallax":"1","fullscreen":"1","layout":"right-sidebar","sidebar":"default-sidebar","second_sidebar":"default-sidebar","sticky_sidebar":"1","share_position":"top","share_float_style":"share-monocrhome","show_share_counter":"1","show_view_counter":"1","show_featured":"1","show_post_meta":"1","show_post_author":"1","show_post_author_image":"1","show_post_date":"1","post_date_format":"default","post_date_format_custom":"Y\/m\/d","show_post_category":"1","show_post_reading_time":"0","post_reading_time_wpm":"300","show_zoom_button":"0","zoom_button_out_step":"2","zoom_button_in_step":"3","show_post_tag":"1","show_prev_next_post":"1","show_popup_post":"1","number_popup_post":"1","show_author_box":"0","show_post_related":"0","show_inline_post_related":"0"}],"override_image_size":"0","image_override":[{"single_post_thumbnail_size":"crop-500","single_post_gallery_size":"crop-500"}],"trending_post":"0","trending_post_position":"meta","trending_post_label":"Trending","sponsored_post":"0","sponsored_post_label":"Sponsored by","sponsored_post_name":"","sponsored_post_url":"","sponsored_post_logo_enable":"0","sponsored_post_logo":"","sponsored_post_desc":"","disable_ad":"0"},"jnews_primary_category":{"id":""},"jnews_social_meta":{"fb_title":"San Basilio: municipales van por aumento salarial y pase a planta permanente ","fb_description":"","fb_image":"","twitter_title":"","twitter_description":"","twitter_image":""},"jnews_review":[],"enable_review":"0","type":"percentage","name":"","summary":"","brand":"","sku":"","good":[{"good_text":""}],"bad":[{"bad_text":""}],"score_override":"","override_value":"","rating":[{"rating_text":"","rating_number":"10"}],"price":[{"shop":"","price":"","link":"","icon":""}],"jnews_override_counter":{"override_view_counter":"0","view_counter_number":"0","override_share_counter":"0","share_counter_number":"0","override_like_counter":"0","like_counter_number":"0","override_dislike_counter":"0","dislike_counter_number":"0"},"jnews_post_split":{"enable_post_split":"0","post_split":[{"template":"1","tag":"h2","numbering":"asc","mode":"normal","first":"0","enable_toc":"0","toc_type":"normal"}]},"footnotes":""},"categories":[149],"tags":[662],"class_list":["post-32085","post","type-post","status-publish","format-standard","has-post-thumbnail","hentry","category-adelia-maria","tag-san-basilio"],"jetpack_featured_media_url":"https:\/\/atecordoba.org\/wp-content\/uploads\/2022\/05\/SAN-BASILIO-2-e1652792914810.jpeg","_links":{"self":[{"href":"https:\/\/atecordoba.org\/index.php?rest_route=\/wp\/v2\/posts\/32085","targetHints":{"allow":["GET"]}}],"collection":[{"href":"https:\/\/atecordoba.org\/index.php?rest_route=\/wp\/v2\/posts"}],"about":[{"href":"https:\/\/atecordoba.org\/index.php?rest_route=\/wp\/v2\/types\/post"}],"author":[{"embeddable":true,"href":"https:\/\/atecordoba.org\/index.php?rest_route=\/wp\/v2\/users\/7"}],"replies":[{"embeddable":true,"href":"https:\/\/atecordoba.org\/index.php?rest_route=%2Fwp%2Fv2%2Fcomments&post=32085"}],"version-history":[{"count":1,"href":"https:\/\/atecordoba.org\/index.php?rest_route=\/wp\/v2\/posts\/32085\/revisions"}],"predecessor-version":[{"id":32087,"href":"https:\/\/atecordoba.org\/index.php?rest_route=\/wp\/v2\/posts\/32085\/revisions\/32087"}],"wp:featuredmedia":[{"embeddable":true,"href":"https:\/\/atecordoba.org\/index.php?rest_route=\/wp\/v2\/media\/31962"}],"wp:attachment":[{"href":"https:\/\/atecordoba.org\/index.php?rest_route=%2Fwp%2Fv2%2Fmedia&parent=32085"}],"wp:term":[{"taxonomy":"category","embeddable":true,"href":"https:\/\/atecordoba.org\/index.php?rest_route=%2Fwp%2Fv2%2Fcategories&post=32085"},{"taxonomy":"post_tag","embeddable":true,"href":"https:\/\/atecordoba.org\/index.php?rest_route=%2Fwp%2Fv2%2Ftags&post=32085"}],"curies":[{"name":"wp","href":"https:\/\/api.w.org\/{rel}","templated":true}]}}