{"id":32082,"date":"2022-05-27T13:49:30","date_gmt":"2022-05-27T16:49:30","guid":{"rendered":"https:\/\/atecordoba.org\/?p=32082"},"modified":"2022-05-27T13:49:34","modified_gmt":"2022-05-27T16:49:34","slug":"por-la-paritaria-salarial-ate-conicet-convoca-a-asamblea-en-la-unc","status":"publish","type":"post","link":"https:\/\/atecordoba.org\/?p=32082","title":{"rendered":"Por la paritaria salarial ATE Conicet convoca a asamblea en la UNC"},"content":{"rendered":"\n<div class=\"wp-block-image is-style-default\"><figure class=\"alignright size-large is-resized\"><img loading=\"lazy\" decoding=\"async\" src=\"https:\/\/atecordoba.org\/wp-content\/uploads\/2022\/05\/284383932_1359406181221113_4050556976397964948_n-724x1024.png\" alt=\"\" class=\"wp-image-32083\" width=\"362\" height=\"512\" \/><\/figure><\/div>\n\n\n\n<p>El pr\u00f3ximo 8 de junio, a las 16 horas, se llevar\u00e1 a cabo una asamblea presencial convocada por ATE para las y los trabajadores de Conicet en C\u00f3rdoba a los fines de definir una estrategia gremial del sector con miras a la paritaria del Estado nacional que se abrir\u00e1 en breve.<\/p>\n\n\n\n<p>La convocatoria es para el mi\u00e9rcoles 8 de junio a las 16 horas en la Plaza Seca de la Facultad de Filosof\u00eda y Humanidades de la Universidad Nacional de C\u00f3rdoba, en la Ciudad Universitaria.<\/p>\n\n\n\n<p>La agenda de reivindicaciones incluye la pr\u00f3rroga de las becas afectadas por la pandemia, actualmente sin definir.<\/p>\n\n\n\n<p>Adem\u00e1s, se realizar\u00e1 la presentaci\u00f3n de la lista de los y las candidatas para la elecci\u00f3n de delegadas y delegados de ATE Conicet que se realizar\u00e1 el 22 de junio, donde se conform\u00f3 una lista de unidad conformada por Nelci Pascual (CPA, IMBIV UNC-CONICET), Lilen Prystupczuk (becaria doctoral, IDEA UNC-CONICET), Carola Soria (becaria doctoral, IIByT- CONICET), Ayelen Branca (becaria doctoral , CIFFYH UNC-CONICET), Macarena Fern\u00e1ndez (becaria postdoctoral, IIPsi UNC-CONICET) y Santiago Benitez Vieyra (CIC, IMBIV UNC-CONICET)<\/p>\n\n\n\n<p><strong>El temario<\/strong><\/p>\n\n\n\n<p>-Paritaria, situaci\u00f3n salarial y plan de lucha: ante el inminente cierre de otra paritaria que no le gana a la inflaci\u00f3n y que, en consecuencia, otra vez no recupera la p\u00e9rdida del poder adquisitivo salarial es que te invitamos a organizarnos.<\/p>\n\n\n\n<p>-Pr\u00f3rrogas de becas afectadas por la pandemia: Ante la ausencia de medidas que permitan tener previsibilidad para el desarrollo de los planes doctorales y postdoctorales invitamos a participar y debatir c\u00f3mo efectivizar el reclamo.<\/p>\n\n\n\n<p>-Presentaci\u00f3n de las y los candidatos a las elecciones de delegadas y delegados de ATE CONICET C\u00f3rdoba.<\/p>\n","protected":false},"excerpt":{"rendered":"<p>El pr\u00f3ximo 8 de junio, a las 16 horas, se llevar\u00e1 a cabo una asamblea presencial convocada por ATE para las y los trabajadores de Conicet en C\u00f3rdoba a los fines de definir una estrategia gremial del sector con miras a la paritaria del Estado nacional que se abrir\u00e1 en breve. La convocatoria es para [&hellip;]<\/p>\n","protected":false},"author":7,"featured_media":32083,"comment_status":"open","ping_status":"open","sticky":false,"template":"","format":"standard","meta":{"_exactmetrics_skip_tracking":false,"_exactmetrics_sitenote_active":false,"_exactmetrics_sitenote_note":"","_exactmetrics_sitenote_category":0,"jnews-multi-image_gallery":[],"jnews_single_post":{"subtitle":"Esta previsto tambi\u00e9n la presentaci\u00f3n de la lista de unidad de candidatos y candidatas de ATE para la elecci\u00f3n de delegados y delegadas del 22 de junio.","format":"standard","video":"","gallery":"","source_name":"","source_url":"","via_name":"","via_url":"","override_template":"0","override":[{"template":"1","single_blog_custom":"","parallax":"1","fullscreen":"1","layout":"right-sidebar","sidebar":"default-sidebar","second_sidebar":"default-sidebar","sticky_sidebar":"1","share_position":"top","share_float_style":"share-monocrhome","show_share_counter":"1","show_view_counter":"1","show_featured":"1","show_post_meta":"1","show_post_author":"1","show_post_author_image":"1","show_post_date":"1","post_date_format":"default","post_date_format_custom":"Y\/m\/d","show_post_category":"1","show_post_reading_time":"0","post_reading_time_wpm":"300","show_zoom_button":"0","zoom_button_out_step":"2","zoom_button_in_step":"3","show_post_tag":"1","show_prev_next_post":"1","show_popup_post":"1","number_popup_post":"1","show_author_box":"0","show_post_related":"0","show_inline_post_related":"0"}],"override_image_size":"0","image_override":[{"single_post_thumbnail_size":"crop-500","single_post_gallery_size":"crop-500"}],"trending_post":"0","trending_post_position":"meta","trending_post_label":"Trending","sponsored_post":"0","sponsored_post_label":"Sponsored by","sponsored_post_name":"","sponsored_post_url":"","sponsored_post_logo_enable":"0","sponsored_post_logo":"","sponsored_post_desc":"","disable_ad":"0"},"jnews_primary_category":{"id":""},"jnews_social_meta":{"fb_title":"Nacionales: Por la paritaria salarial ATE Conicet convoca a asamblea en la UNC ","fb_description":"","fb_image":"","twitter_title":"","twitter_description":"","twitter_image":""},"jnews_review":[],"enable_review":"0","type":"percentage","name":"","summary":"","brand":"","sku":"","good":[{"good_text":""}],"bad":[{"bad_text":""}],"score_override":"","override_value":"","rating":[{"rating_text":"","rating_number":"10"}],"price":[{"shop":"","price":"","link":"","icon":""}],"jnews_override_counter":{"override_view_counter":"0","view_counter_number":"0","override_share_counter":"0","share_counter_number":"0","override_like_counter":"0","like_counter_number":"0","override_dislike_counter":"0","dislike_counter_number":"0"},"jnews_post_split":{"enable_post_split":"0","post_split":[{"template":"1","tag":"h2","numbering":"asc","mode":"normal","first":"0","enable_toc":"0","toc_type":"normal"}]},"footnotes":""},"categories":[18],"tags":[61],"class_list":["post-32082","post","type-post","status-publish","format-standard","has-post-thumbnail","hentry","category-nacionales","tag-conicet"],"jetpack_featured_media_url":"https:\/\/atecordoba.org\/wp-content\/uploads\/2022\/05\/284383932_1359406181221113_4050556976397964948_n-e1653670071692.png","_links":{"self":[{"href":"https:\/\/atecordoba.org\/index.php?rest_route=\/wp\/v2\/posts\/32082","targetHints":{"allow":["GET"]}}],"collection":[{"href":"https:\/\/atecordoba.org\/index.php?rest_route=\/wp\/v2\/posts"}],"about":[{"href":"https:\/\/atecordoba.org\/index.php?rest_route=\/wp\/v2\/types\/post"}],"author":[{"embeddable":true,"href":"https:\/\/atecordoba.org\/index.php?rest_route=\/wp\/v2\/users\/7"}],"replies":[{"embeddable":true,"href":"https:\/\/atecordoba.org\/index.php?rest_route=%2Fwp%2Fv2%2Fcomments&post=32082"}],"version-history":[{"count":1,"href":"https:\/\/atecordoba.org\/index.php?rest_route=\/wp\/v2\/posts\/32082\/revisions"}],"predecessor-version":[{"id":32084,"href":"https:\/\/atecordoba.org\/index.php?rest_route=\/wp\/v2\/posts\/32082\/revisions\/32084"}],"wp:featuredmedia":[{"embeddable":true,"href":"https:\/\/atecordoba.org\/index.php?rest_route=\/wp\/v2\/media\/32083"}],"wp:attachment":[{"href":"https:\/\/atecordoba.org\/index.php?rest_route=%2Fwp%2Fv2%2Fmedia&parent=32082"}],"wp:term":[{"taxonomy":"category","embeddable":true,"href":"https:\/\/atecordoba.org\/index.php?rest_route=%2Fwp%2Fv2%2Fcategories&post=32082"},{"taxonomy":"post_tag","embeddable":true,"href":"https:\/\/atecordoba.org\/index.php?rest_route=%2Fwp%2Fv2%2Ftags&post=32082"}],"curies":[{"name":"wp","href":"https:\/\/api.w.org\/{rel}","templated":true}]}}