{"id":32071,"date":"2022-05-26T14:54:01","date_gmt":"2022-05-26T17:54:01","guid":{"rendered":"https:\/\/atecordoba.org\/?p=32071"},"modified":"2022-05-27T12:20:20","modified_gmt":"2022-05-27T15:20:20","slug":"presentan-el-libro-de-arnaldo-gomez-en-el-local-del-ptp","status":"publish","type":"post","link":"https:\/\/atecordoba.org\/?p=32071","title":{"rendered":"Presentan el libro de Arnoldo G\u00f3mez en el local del PTP"},"content":{"rendered":"\n<div class=\"wp-block-image is-style-default\"><figure class=\"aligncenter size-full is-resized\"><img loading=\"lazy\" decoding=\"async\" src=\"https:\/\/atecordoba.org\/wp-content\/uploads\/2022\/05\/libro-pcr.jpeg\" alt=\"\" class=\"wp-image-32072\" width=\"705\" height=\"582\" \/><\/figure><\/div>\n\n\n\n<p>El consejo directivo Provincial saluda la presentaci\u00f3n en C\u00f3rdoba de la nueva obra del compa\u00f1ero Arnoldo G\u00f3mez, La Argentina Oculta, que se realizar\u00e1 ma\u00f1ana viernes 27 de mayo, a las 18,30 horas, en el local del Partido del Trabajo y del Pueblo (PTP), Eusebio Mansilla 677, C\u00f3rdoba capital. <\/p>\n\n\n\n<p>Desde ATE agradecemos la invitaci\u00f3n a la actividad y la hacemos extensiva a todas y todos nuestros afiliados, destacando la importancia de la articulaci\u00f3n entre las organizaciones libres del pueblo para conformar un horizonte de liberaci\u00f3n nacional.<\/p>\n\n\n\n<p><strong>El libro<\/strong><\/p>\n\n\n\n<p>Este libro de Arnoldo G\u00f3mez incluye una selecci\u00f3n de las columnas del autor emitidas durante 2020 y 2021 en el programa radial Argentina ayer y hoy, de Radio Belgrano de Buenos Aires. Las mismas, as\u00ed como art\u00edculos publicados en el semanario Hoy (\u00f3rgano del Partido Comunista Revolucionario) , recorren los asuntos pol\u00edticos y econ\u00f3micos de la actualidad nacional, analizando aquello que los medios predominantes dejan de lado, ocultan o tergiversan porque revelan la dependencia de Argentina y la opresi\u00f3n sobre el pueblo.<\/p>\n\n\n\n<p>Los temas fueron agrupados aqu\u00ed en tres secciones. La primera trata sobre la pandemia de Covid y la necesidad de un impuesto a las grandes fortunas, dando un panorama de las mismas, de sus poseedores y su rol en la econom\u00eda argentina. La segunda parte aborda lo relativo al caso Vicentin y a temas de soberan\u00eda. La tercera, los asuntos relacionados con la inflaci\u00f3n, el Banco Central y la deuda externa.<\/p>\n\n\n\n<p>Un hecho evidente en todo el an\u00e1lisis es el papel predominante en nuestro pa\u00eds de los distintos sectores de la burgues\u00eda intermediaria de monopolios imperialistas, algo que viene estudiando el autor en libros como El proyecto K. La nueva hegemon\u00eda y el ascenso chino y Los Macri, la burgues\u00eda intermediaria y la dependencia argentina (ambos en el cat\u00e1logo de nuestra editorial).<\/p>\n\n\n\n<p>Estas notas, que desocultan parte de la realidad argentina desde el punto de vista de los intereses de la clase obrera y el pueblo, constituyen un aporte para quienes buscamos la transformaci\u00f3n liberadora de nuestra patria.<\/p>\n","protected":false},"excerpt":{"rendered":"<p>El consejo directivo Provincial saluda la presentaci\u00f3n en C\u00f3rdoba de la nueva obra del compa\u00f1ero Arnoldo G\u00f3mez, La Argentina Oculta, que se realizar\u00e1 ma\u00f1ana viernes 27 de mayo, a las 18,30 horas, en el local del Partido del Trabajo y del Pueblo (PTP), Eusebio Mansilla 677, C\u00f3rdoba capital. Desde ATE agradecemos la invitaci\u00f3n a la [&hellip;]<\/p>\n","protected":false},"author":7,"featured_media":32072,"comment_status":"open","ping_status":"open","sticky":false,"template":"","format":"standard","meta":{"_exactmetrics_skip_tracking":false,"_exactmetrics_sitenote_active":false,"_exactmetrics_sitenote_note":"","_exactmetrics_sitenote_category":0,"jnews-multi-image_gallery":[],"jnews_single_post":{"subtitle":"Desde ATE agradecemos la invitaci\u00f3n a la actividad y la hacemos extensiva a todas y todos nuestros afiliados.","format":"standard","video":"","gallery":"","source_name":"","source_url":"","via_name":"","via_url":"","override_template":"0","override":[{"template":"1","single_blog_custom":"","parallax":"1","fullscreen":"1","layout":"right-sidebar","sidebar":"default-sidebar","second_sidebar":"default-sidebar","sticky_sidebar":"1","share_position":"top","share_float_style":"share-monocrhome","show_share_counter":"1","show_view_counter":"1","show_featured":"1","show_post_meta":"1","show_post_author":"1","show_post_author_image":"1","show_post_date":"1","post_date_format":"default","post_date_format_custom":"Y\/m\/d","show_post_category":"1","show_post_reading_time":"0","post_reading_time_wpm":"300","show_zoom_button":"0","zoom_button_out_step":"2","zoom_button_in_step":"3","show_post_tag":"1","show_prev_next_post":"1","show_popup_post":"1","number_popup_post":"1","show_author_box":"0","show_post_related":"0","show_inline_post_related":"0"}],"override_image_size":"0","image_override":[{"single_post_thumbnail_size":"crop-500","single_post_gallery_size":"crop-500"}],"trending_post":"0","trending_post_position":"meta","trending_post_label":"Trending","sponsored_post":"0","sponsored_post_label":"Sponsored by","sponsored_post_name":"","sponsored_post_url":"","sponsored_post_logo_enable":"0","sponsored_post_logo":"","sponsored_post_desc":"","disable_ad":"0"},"jnews_primary_category":{"id":""},"jnews_social_meta":{"fb_title":"Acci\u00f3n pol\u00edtica: presentan el libro de Arnaldo G\u00f3mez en el local del PTP","fb_description":"","fb_image":"","twitter_title":"","twitter_description":"","twitter_image":""},"jnews_review":[],"enable_review":"0","type":"percentage","name":"","summary":"","brand":"","sku":"","good":[{"good_text":""}],"bad":[{"bad_text":""}],"score_override":"","override_value":"","rating":[{"rating_text":"","rating_number":"10"}],"price":[{"shop":"","price":"","link":"","icon":""}],"jnews_override_counter":{"override_view_counter":"0","view_counter_number":"0","override_share_counter":"0","share_counter_number":"0","override_like_counter":"0","like_counter_number":"0","override_dislike_counter":"0","dislike_counter_number":"0"},"jnews_post_split":{"enable_post_split":"0","post_split":[{"template":"1","tag":"h2","numbering":"asc","mode":"normal","first":"0","enable_toc":"0","toc_type":"normal"}]},"footnotes":""},"categories":[10],"tags":[1124],"class_list":["post-32071","post","type-post","status-publish","format-standard","has-post-thumbnail","hentry","category-accion-politica","tag-libro-de-arnaldo-gomez"],"jetpack_featured_media_url":"https:\/\/atecordoba.org\/wp-content\/uploads\/2022\/05\/libro-pcr-e1653587749520.jpeg","_links":{"self":[{"href":"https:\/\/atecordoba.org\/index.php?rest_route=\/wp\/v2\/posts\/32071","targetHints":{"allow":["GET"]}}],"collection":[{"href":"https:\/\/atecordoba.org\/index.php?rest_route=\/wp\/v2\/posts"}],"about":[{"href":"https:\/\/atecordoba.org\/index.php?rest_route=\/wp\/v2\/types\/post"}],"author":[{"embeddable":true,"href":"https:\/\/atecordoba.org\/index.php?rest_route=\/wp\/v2\/users\/7"}],"replies":[{"embeddable":true,"href":"https:\/\/atecordoba.org\/index.php?rest_route=%2Fwp%2Fv2%2Fcomments&post=32071"}],"version-history":[{"count":2,"href":"https:\/\/atecordoba.org\/index.php?rest_route=\/wp\/v2\/posts\/32071\/revisions"}],"predecessor-version":[{"id":32081,"href":"https:\/\/atecordoba.org\/index.php?rest_route=\/wp\/v2\/posts\/32071\/revisions\/32081"}],"wp:featuredmedia":[{"embeddable":true,"href":"https:\/\/atecordoba.org\/index.php?rest_route=\/wp\/v2\/media\/32072"}],"wp:attachment":[{"href":"https:\/\/atecordoba.org\/index.php?rest_route=%2Fwp%2Fv2%2Fmedia&parent=32071"}],"wp:term":[{"taxonomy":"category","embeddable":true,"href":"https:\/\/atecordoba.org\/index.php?rest_route=%2Fwp%2Fv2%2Fcategories&post=32071"},{"taxonomy":"post_tag","embeddable":true,"href":"https:\/\/atecordoba.org\/index.php?rest_route=%2Fwp%2Fv2%2Ftags&post=32071"}],"curies":[{"name":"wp","href":"https:\/\/api.w.org\/{rel}","templated":true}]}}