{"id":32066,"date":"2022-05-26T11:16:57","date_gmt":"2022-05-26T14:16:57","guid":{"rendered":"https:\/\/atecordoba.org\/?p=32066"},"modified":"2022-05-27T10:02:09","modified_gmt":"2022-05-27T13:02:09","slug":"reconocimiento-a-ate-punilla-por-homenaje-a-la-companera-desaparecida-amelia-insaurralde","status":"publish","type":"post","link":"https:\/\/atecordoba.org\/?p=32066","title":{"rendered":"Reconocimiento a ATE Punilla por homenaje a la compa\u00f1era desaparecida Amelia Insaurralde"},"content":{"rendered":"\n<div class=\"wp-block-image\"><figure class=\"aligncenter size-large\"><img loading=\"lazy\" decoding=\"async\" width=\"1024\" height=\"614\" src=\"https:\/\/atecordoba.org\/wp-content\/uploads\/2022\/05\/ddhhSANTAMARIA-1024x614.jpg\" alt=\"\" class=\"wp-image-32069\"\/><figcaption>Afiche del homenaje realizado en 2021 a las y los desaparecidos del Valle de Punilla. (archivo)<\/figcaption><\/figure><\/div>\n\n\n\n<p>Con la firma del secretario General de ATE C\u00f3rdoba, Federico Giuliani, y del director del Departamento de DDHH y secretario de Formaci\u00f3n, C\u00e9sar Theaux, el Consejo Directivo Provincial (CDP) emiti\u00f3 hoy una comunicaci\u00f3n haciendo el reconocimiento a las y los compa\u00f1eros de ATE Punilla por su labor en favor del reconocimiento a la figura de la docente desaparecida del Departamento Punilla Amelia Insaurralde, militante del Partido Comunista, secuestrada junto a otras 8 personas el 8 de abril de 1976 . <\/p>\n\n\n\n<p>Insaurralde result\u00f3 asesinada en el Centro Clandestino de Detenci\u00f3n Campo La Ribera, la ex c\u00e1rcel militar que r\u00e9gimen dictatorial utiliz\u00f3 para mantener secuestros en la clandestinidad, torturar y desaparecer ciudadanos y ciudadanas en C\u00f3rdoba durante los oscuros a\u00f1os de la dictadura c\u00edvico-militar impuesta a sangre y fuego en 1976.<\/p>\n\n\n\n<p>Hoy 26 de mayo se cumple, adem\u00e1s otro aniversario de la irrupci\u00f3n de la Fuerza A\u00e9rea en la Colonia ]Santa Mar\u00eda, hospital neuropsiqui\u00e1trico, donde fuerzas represivas secuestraron a la Comisi\u00f3n Directiva de la seccional ATE Santa Mar\u00eda, instalando un centro de torturas en el mismo predio del centro de salud.<\/p>\n\n\n\n<p>En ese contexto, la comunicaci\u00f3n del CDP saluda &#8220;al equipo de trabajo que, en unidad y poniendo por delante las coincidencias, ha sabido ganar la batalla institucional para que una calle de la localidad de Santa Mar\u00eda lleve el nombre de Amelia Insaurralde, compa\u00f1era asesinada en las funestas horas de la \u00faltima Dictadura C\u00edvico-Militar&#8221;.<\/p>\n\n\n\n<p>Y apunta en relaci\u00f3n a Insaurralde que &#8220;Amelia siempre trabaj\u00f3 en la unidad de las organizaciones populares en lucha. Por aquello a\u00f1os estaba m\u00e1s que claro que la lucha contra las oligarqu\u00edas vern\u00e1culas y el imperialismo pod\u00eda darse solo si quienes anhelaban la liberaci\u00f3n de nuestra Patria golpeaban de manera conjunta y estrechaban los lazos de solidaridad: \u00a1cu\u00e1nta falta hace a veces hoy en d\u00eda esos grados de conciencia de que las salidas son colectivas que nos supieran marcar compa\u00f1eras como Amelia! Ella, por ejemplo, fue una pieza clave en el operativo mediante el cual pudimos mantener escondido y bajo cuidados al \u201cGringo\u201d Agust\u00edn Tosco, en aquellas sus \u00faltimas semanas: fue en la casa de Amelia que este gran compa\u00f1ero encontr\u00f3 cobijo mientras escapaba de las fauces de la Dictadura, a\u00fan m\u00e1s crueles que las de su enfermedad&#8221;.<\/p>\n\n\n\n<p>Y concluye se\u00f1alando que los cr\u00edmenes pol\u00edticos, el miedo y el terror como pol\u00edtica de Estado &#8220;tuvieron la intenci\u00f3n de desgarrar estos lazos populares de cuidado, cari\u00f1o y solidaridad en la lucha. Es nuestra tarea reconstruirlos: en ellos se ir\u00e1 nuestra vida, a pesar de los muchos escollos que puedan venir de afuera, de quienes mandan, y de quienes en nuestras propias filas a\u00fan no entiendan que la consigna sigue siendo \u201cliberaci\u00f3n o dependencia\u201d y que para ello deben dejarse de lado particularidades y egos que nada aportan. Amelia, con tu ejemplo y el de toda esa gran Comisi\u00f3n Directiva de ATE Punilla y de las y los luchadores del Valle, \u00a1a la Victoria!&#8221;<\/p>\n\n\n<a href=\"https:\/\/atecordoba.org\/wp-content\/uploads\/2022\/05\/26-06-Salutacion-Santa-Maria-Amelia-Insaurralde.pdf\" class=\"pdfemb-viewer\" style=\"\" data-width=\"max\" data-height=\"max\" data-toolbar=\"bottom\" data-toolbar-fixed=\"off\">26-06-Salutacion-Santa-Maria-Amelia-Insaurralde<\/a>\n<p class=\"wp-block-pdfemb-pdf-embedder-viewer\"><\/p>\n","protected":false},"excerpt":{"rendered":"<p>Con la firma del secretario General de ATE C\u00f3rdoba, Federico Giuliani, y del director del Departamento de DDHH y secretario de Formaci\u00f3n, C\u00e9sar Theaux, el Consejo Directivo Provincial (CDP) emiti\u00f3 hoy una comunicaci\u00f3n haciendo el reconocimiento a las y los compa\u00f1eros de ATE Punilla por su labor en favor del reconocimiento a la figura de [&hellip;]<\/p>\n","protected":false},"author":7,"featured_media":32069,"comment_status":"open","ping_status":"open","sticky":false,"template":"","format":"standard","meta":{"_exactmetrics_skip_tracking":false,"_exactmetrics_sitenote_active":false,"_exactmetrics_sitenote_note":"","_exactmetrics_sitenote_category":0,"jnews-multi-image_gallery":[],"jnews_single_post":{"subtitle":"Por iniciativa conjunta de organizaciones del Departamento Punilla se reconoci\u00f3 a la docente provincial asesinada en el Campo La ribera.","format":"standard","video":"","gallery":"","source_name":"","source_url":"","via_name":"","via_url":"","override_template":"0","override":[{"template":"1","single_blog_custom":"","parallax":"1","fullscreen":"1","layout":"right-sidebar","sidebar":"default-sidebar","second_sidebar":"default-sidebar","sticky_sidebar":"1","share_position":"top","share_float_style":"share-monocrhome","show_share_counter":"1","show_view_counter":"1","show_featured":"1","show_post_meta":"1","show_post_author":"1","show_post_author_image":"1","show_post_date":"1","post_date_format":"default","post_date_format_custom":"Y\/m\/d","show_post_category":"1","show_post_reading_time":"0","post_reading_time_wpm":"300","show_zoom_button":"0","zoom_button_out_step":"2","zoom_button_in_step":"3","show_post_tag":"1","show_prev_next_post":"1","show_popup_post":"1","number_popup_post":"1","show_author_box":"0","show_post_related":"0","show_inline_post_related":"0"}],"override_image_size":"0","image_override":[{"single_post_thumbnail_size":"crop-500","single_post_gallery_size":"crop-500"}],"trending_post":"0","trending_post_position":"meta","trending_post_label":"Trending","sponsored_post":"0","sponsored_post_label":"Sponsored by","sponsored_post_name":"","sponsored_post_url":"","sponsored_post_logo_enable":"0","sponsored_post_logo":"","sponsored_post_desc":"","disable_ad":"0"},"jnews_primary_category":{"id":""},"jnews_social_meta":{"fb_title":"DDHH: Reconocimiento a ATE Punilla por homenaje a la compa\u00f1era desaparecida Amelia Insaurralde","fb_description":"","fb_image":"","twitter_title":"","twitter_description":"","twitter_image":""},"jnews_review":[],"enable_review":"0","type":"percentage","name":"","summary":"","brand":"","sku":"","good":[{"good_text":""}],"bad":[{"bad_text":""}],"score_override":"","override_value":"","rating":[{"rating_text":"","rating_number":"10"}],"price":[{"shop":"","price":"","link":"","icon":""}],"jnews_override_counter":{"override_view_counter":"0","view_counter_number":"0","override_share_counter":"0","share_counter_number":"0","override_like_counter":"0","like_counter_number":"0","override_dislike_counter":"0","dislike_counter_number":"0"},"jnews_post_split":{"enable_post_split":"0","post_split":[{"template":"1","tag":"h2","numbering":"asc","mode":"normal","first":"0","enable_toc":"0","toc_type":"normal"}]},"footnotes":""},"categories":[122],"tags":[1123,1122],"class_list":["post-32066","post","type-post","status-publish","format-standard","has-post-thumbnail","hentry","category-ddhh","tag-amelia-insaurralde","tag-valle-de-punilla"],"jetpack_featured_media_url":"https:\/\/atecordoba.org\/wp-content\/uploads\/2022\/05\/ddhhSANTAMARIA-e1653574458443.jpg","_links":{"self":[{"href":"https:\/\/atecordoba.org\/index.php?rest_route=\/wp\/v2\/posts\/32066","targetHints":{"allow":["GET"]}}],"collection":[{"href":"https:\/\/atecordoba.org\/index.php?rest_route=\/wp\/v2\/posts"}],"about":[{"href":"https:\/\/atecordoba.org\/index.php?rest_route=\/wp\/v2\/types\/post"}],"author":[{"embeddable":true,"href":"https:\/\/atecordoba.org\/index.php?rest_route=\/wp\/v2\/users\/7"}],"replies":[{"embeddable":true,"href":"https:\/\/atecordoba.org\/index.php?rest_route=%2Fwp%2Fv2%2Fcomments&post=32066"}],"version-history":[{"count":2,"href":"https:\/\/atecordoba.org\/index.php?rest_route=\/wp\/v2\/posts\/32066\/revisions"}],"predecessor-version":[{"id":32076,"href":"https:\/\/atecordoba.org\/index.php?rest_route=\/wp\/v2\/posts\/32066\/revisions\/32076"}],"wp:featuredmedia":[{"embeddable":true,"href":"https:\/\/atecordoba.org\/index.php?rest_route=\/wp\/v2\/media\/32069"}],"wp:attachment":[{"href":"https:\/\/atecordoba.org\/index.php?rest_route=%2Fwp%2Fv2%2Fmedia&parent=32066"}],"wp:term":[{"taxonomy":"category","embeddable":true,"href":"https:\/\/atecordoba.org\/index.php?rest_route=%2Fwp%2Fv2%2Fcategories&post=32066"},{"taxonomy":"post_tag","embeddable":true,"href":"https:\/\/atecordoba.org\/index.php?rest_route=%2Fwp%2Fv2%2Ftags&post=32066"}],"curies":[{"name":"wp","href":"https:\/\/api.w.org\/{rel}","templated":true}]}}