{"id":32031,"date":"2022-05-24T14:25:44","date_gmt":"2022-05-24T17:25:44","guid":{"rendered":"https:\/\/atecordoba.org\/?p=32031"},"modified":"2022-05-24T14:38:35","modified_gmt":"2022-05-24T17:38:35","slug":"paro-de-ate-cordoba-historica-movilizacion-junto-a-la-ctaa-y-organizaciones-sociales","status":"publish","type":"post","link":"https:\/\/atecordoba.org\/?p=32031","title":{"rendered":"Paro de ATE C\u00f3rdoba: hist\u00f3rica movilizaci\u00f3n junto a la CTAA y organizaciones sociales"},"content":{"rendered":"\n<div class=\"wp-block-image is-style-default\"><figure class=\"aligncenter size-large is-resized\"><img loading=\"lazy\" decoding=\"async\" src=\"https:\/\/atecordoba.org\/wp-content\/uploads\/2022\/05\/20220524_104632-1024x576.jpg\" alt=\"\" class=\"wp-image-32032\" width=\"768\" height=\"432\"\/><\/figure><\/div>\n\n\n\n<p>Hoy se llev\u00f3 a cabo una hist\u00f3rica movilizaci\u00f3n en la capital provincial en el marco del paro que decret\u00f3 ATE C\u00f3rdoba en todas las dependencias oficiales, conjuntamente con la movilizaci\u00f3n de organizaciones que integran la CTA Aut\u00f3noma y las organizaciones sociales Corriente Clasista y Combativa (CCC) y el Polo Obrero. Nuestra Central hab\u00eda resuelto una Jornada de Lucha a nivel nacional que en C\u00f3rdoba se cumpli\u00f3 acabadamente.<\/p>\n\n\n\n<p>\u201cLa deuda sigue siendo interna, hacia adentro, en cada barriada, en cada rinc\u00f3n de nuestra patria. Hay que garantizar el trabajo digno, pero en tanto hay que aumentar las asignaciones y extenderlas a quienes no las reciben. Los recursos no son delos gobierno sino del pueblo. Si hay recursos que sean para todos\u201d, manifest\u00f3 el secretario General de ATE C\u00f3rdoba, Federico Giuliani, durante el acto que se concret\u00f3 en la esquina de Col\u00f3n y General Paz.<\/p>\n\n\n\n<figure class=\"wp-block-gallery has-nested-images columns-default is-cropped wp-block-gallery-1 is-layout-flex wp-block-gallery-is-layout-flex\">\n<figure class=\"wp-block-image size-large is-style-default\"><img loading=\"lazy\" decoding=\"async\" width=\"1024\" height=\"576\" data-id=\"32035\" src=\"https:\/\/atecordoba.org\/wp-content\/uploads\/2022\/05\/20220524_105014-1024x576.jpg\" alt=\"\" class=\"wp-image-32035\" srcset=\"https:\/\/atecordoba.org\/wp-content\/uploads\/2022\/05\/20220524_105014-1024x576.jpg 1024w, https:\/\/atecordoba.org\/wp-content\/uploads\/2022\/05\/20220524_105014-300x169.jpg 300w, https:\/\/atecordoba.org\/wp-content\/uploads\/2022\/05\/20220524_105014-768x432.jpg 768w, https:\/\/atecordoba.org\/wp-content\/uploads\/2022\/05\/20220524_105014-1536x864.jpg 1536w, https:\/\/atecordoba.org\/wp-content\/uploads\/2022\/05\/20220524_105014-2048x1152.jpg 2048w, https:\/\/atecordoba.org\/wp-content\/uploads\/2022\/05\/20220524_105014-750x422.jpg 750w, https:\/\/atecordoba.org\/wp-content\/uploads\/2022\/05\/20220524_105014-1140x641.jpg 1140w\" sizes=\"auto, (max-width: 1024px) 100vw, 1024px\" \/><\/figure>\n\n\n\n<figure class=\"wp-block-image size-large is-style-default\"><img loading=\"lazy\" decoding=\"async\" width=\"1024\" height=\"576\" data-id=\"32034\" src=\"https:\/\/atecordoba.org\/wp-content\/uploads\/2022\/05\/20220524_101609-1024x576.jpg\" alt=\"\" class=\"wp-image-32034\" srcset=\"https:\/\/atecordoba.org\/wp-content\/uploads\/2022\/05\/20220524_101609-1024x576.jpg 1024w, https:\/\/atecordoba.org\/wp-content\/uploads\/2022\/05\/20220524_101609-300x169.jpg 300w, https:\/\/atecordoba.org\/wp-content\/uploads\/2022\/05\/20220524_101609-768x432.jpg 768w, https:\/\/atecordoba.org\/wp-content\/uploads\/2022\/05\/20220524_101609-1536x864.jpg 1536w, https:\/\/atecordoba.org\/wp-content\/uploads\/2022\/05\/20220524_101609-2048x1152.jpg 2048w, https:\/\/atecordoba.org\/wp-content\/uploads\/2022\/05\/20220524_101609-750x422.jpg 750w, https:\/\/atecordoba.org\/wp-content\/uploads\/2022\/05\/20220524_101609-1140x641.jpg 1140w\" sizes=\"auto, (max-width: 1024px) 100vw, 1024px\" \/><\/figure>\n\n\n\n<figure class=\"wp-block-image size-large is-style-default\"><img loading=\"lazy\" decoding=\"async\" width=\"1024\" height=\"576\" data-id=\"32033\" src=\"https:\/\/atecordoba.org\/wp-content\/uploads\/2022\/05\/20220524_101748-1024x576.jpg\" alt=\"\" class=\"wp-image-32033\" srcset=\"https:\/\/atecordoba.org\/wp-content\/uploads\/2022\/05\/20220524_101748-1024x576.jpg 1024w, https:\/\/atecordoba.org\/wp-content\/uploads\/2022\/05\/20220524_101748-300x169.jpg 300w, https:\/\/atecordoba.org\/wp-content\/uploads\/2022\/05\/20220524_101748-768x432.jpg 768w, https:\/\/atecordoba.org\/wp-content\/uploads\/2022\/05\/20220524_101748-1536x864.jpg 1536w, https:\/\/atecordoba.org\/wp-content\/uploads\/2022\/05\/20220524_101748-2048x1152.jpg 2048w, https:\/\/atecordoba.org\/wp-content\/uploads\/2022\/05\/20220524_101748-750x422.jpg 750w, https:\/\/atecordoba.org\/wp-content\/uploads\/2022\/05\/20220524_101748-1140x641.jpg 1140w\" sizes=\"auto, (max-width: 1024px) 100vw, 1024px\" \/><\/figure>\n<\/figure>\n\n\n\n<p>El dirigente encabez\u00f3 la concentraci\u00f3n de unos 1200 compa\u00f1eros y compa\u00f1eras que avanzaron por el centro de la ciudad para reclamar paritarias libres que superen la inflaci\u00f3n, que terminen con la precarizaci\u00f3n laboral con el pase a planta permanente, y la agenda de las organizaciones sociales: el hambre, el trabajo genuino, acceso a la vivienda, a la tierra, salud y a la educaci\u00f3n p\u00fablica gratuita y de calidad.<\/p>\n\n\n\n<p>En la oportunidad, estuvieron organizaciones integrantes de la Federaci\u00f3n Nacional Territorial (FENAT-CTAA) de R\u00edo Cuarto, Cruz del Eje y Capital, ATE, la CCC, Polo Obrero, Comunidades de Pueblos Originarios nucleados en CTAA Punilla y Sierras Chicas, AMMAR y los sindicatos privados de la CTAA SOMPRA, SITRAIC y CIS.<\/p>\n\n\n\n<p>En horas de la ma\u00f1ana la conducci\u00f3n provincial de la CTA- A convoc\u00f3 a concentrar en la calle Entre R\u00edos 450. Desde all\u00ed marcharon hacia el acto central, en un sentido homenaje al aniversario del Primer Paro Nacional de la Central de Trabajadores de la Argentina realizado el 29 de mayo de 2002.&nbsp;<\/p>\n\n\n\n<figure class=\"wp-block-gallery has-nested-images columns-default is-cropped wp-block-gallery-2 is-layout-flex wp-block-gallery-is-layout-flex\">\n<figure class=\"wp-block-image size-large is-style-default\"><img loading=\"lazy\" decoding=\"async\" width=\"1024\" height=\"576\" data-id=\"32038\" src=\"https:\/\/atecordoba.org\/wp-content\/uploads\/2022\/05\/20220524_105521-1024x576.jpg\" alt=\"\" class=\"wp-image-32038\" srcset=\"https:\/\/atecordoba.org\/wp-content\/uploads\/2022\/05\/20220524_105521-1024x576.jpg 1024w, https:\/\/atecordoba.org\/wp-content\/uploads\/2022\/05\/20220524_105521-300x169.jpg 300w, https:\/\/atecordoba.org\/wp-content\/uploads\/2022\/05\/20220524_105521-768x432.jpg 768w, https:\/\/atecordoba.org\/wp-content\/uploads\/2022\/05\/20220524_105521-1536x864.jpg 1536w, https:\/\/atecordoba.org\/wp-content\/uploads\/2022\/05\/20220524_105521-2048x1152.jpg 2048w, https:\/\/atecordoba.org\/wp-content\/uploads\/2022\/05\/20220524_105521-750x422.jpg 750w, https:\/\/atecordoba.org\/wp-content\/uploads\/2022\/05\/20220524_105521-1140x641.jpg 1140w\" sizes=\"auto, (max-width: 1024px) 100vw, 1024px\" \/><\/figure>\n\n\n\n<figure class=\"wp-block-image size-large is-style-default\"><img loading=\"lazy\" decoding=\"async\" width=\"1024\" height=\"576\" data-id=\"32037\" src=\"https:\/\/atecordoba.org\/wp-content\/uploads\/2022\/05\/20220524_105627-1024x576.jpg\" alt=\"\" class=\"wp-image-32037\" srcset=\"https:\/\/atecordoba.org\/wp-content\/uploads\/2022\/05\/20220524_105627-1024x576.jpg 1024w, https:\/\/atecordoba.org\/wp-content\/uploads\/2022\/05\/20220524_105627-300x169.jpg 300w, https:\/\/atecordoba.org\/wp-content\/uploads\/2022\/05\/20220524_105627-768x432.jpg 768w, https:\/\/atecordoba.org\/wp-content\/uploads\/2022\/05\/20220524_105627-1536x864.jpg 1536w, https:\/\/atecordoba.org\/wp-content\/uploads\/2022\/05\/20220524_105627-2048x1152.jpg 2048w, https:\/\/atecordoba.org\/wp-content\/uploads\/2022\/05\/20220524_105627-750x422.jpg 750w, https:\/\/atecordoba.org\/wp-content\/uploads\/2022\/05\/20220524_105627-1140x641.jpg 1140w\" sizes=\"auto, (max-width: 1024px) 100vw, 1024px\" \/><\/figure>\n\n\n\n<figure class=\"wp-block-image size-large is-style-default\"><img loading=\"lazy\" decoding=\"async\" width=\"1024\" height=\"576\" data-id=\"32036\" src=\"https:\/\/atecordoba.org\/wp-content\/uploads\/2022\/05\/20220524_105234-1024x576.jpg\" alt=\"\" class=\"wp-image-32036\" srcset=\"https:\/\/atecordoba.org\/wp-content\/uploads\/2022\/05\/20220524_105234-1024x576.jpg 1024w, https:\/\/atecordoba.org\/wp-content\/uploads\/2022\/05\/20220524_105234-300x169.jpg 300w, https:\/\/atecordoba.org\/wp-content\/uploads\/2022\/05\/20220524_105234-768x432.jpg 768w, https:\/\/atecordoba.org\/wp-content\/uploads\/2022\/05\/20220524_105234-1536x864.jpg 1536w, https:\/\/atecordoba.org\/wp-content\/uploads\/2022\/05\/20220524_105234-2048x1152.jpg 2048w, https:\/\/atecordoba.org\/wp-content\/uploads\/2022\/05\/20220524_105234-750x422.jpg 750w, https:\/\/atecordoba.org\/wp-content\/uploads\/2022\/05\/20220524_105234-1140x641.jpg 1140w\" sizes=\"auto, (max-width: 1024px) 100vw, 1024px\" \/><\/figure>\n<\/figure>\n\n\n\n<p>\u201cLas organizaciones que conforman la CTA Aut\u00f3noma C\u00f3rdoba se plegaron a la jornada nacional de lucha que ha convocado nuestra central con el eje principal de la deuda es con el pueblo, fuera el FMI y no al pago de la deuda externa\u201d, dijo Giuliani a la prensa.<\/p>\n\n\n\n<p>El dirigente sindical cont\u00f3 en\u00a0Radio La Ranchada\u00a0que la convocatoria se abri\u00f3 a \u201cotras organizaciones del campo popular, planteando una agenda que incluye a trabajadores estatales y privados\u201d. Tambi\u00e9n se record\u00f3 el aniversario de Cordobazo.<\/p>\n\n\n\n<figure class=\"wp-block-embed is-type-video is-provider-youtube wp-block-embed-youtube wp-embed-aspect-16-9 wp-has-aspect-ratio\"><div class=\"wp-block-embed__wrapper\">\n<div class=\"epyt-video-wrapper\"><iframe loading=\"lazy\"  style=\"display: block; margin: 0px auto;\"  id=\"_ytid_25903\"  width=\"480\" height=\"270\"  data-origwidth=\"480\" data-origheight=\"270\" src=\"https:\/\/www.youtube.com\/embed\/bmUmAZlNxfM?enablejsapi=1&#038;autoplay=0&#038;cc_load_policy=0&#038;cc_lang_pref=&#038;iv_load_policy=3&#038;loop=0&#038;rel=0&#038;fs=1&#038;playsinline=0&#038;autohide=2&#038;theme=dark&#038;color=red&#038;controls=1&#038;disablekb=0&#038;\" class=\"__youtube_prefs__  epyt-is-override  no-lazyload\" title=\"YouTube player\"  allow=\"fullscreen; accelerometer; autoplay; clipboard-write; encrypted-media; gyroscope; picture-in-picture; web-share\" referrerpolicy=\"strict-origin-when-cross-origin\" allowfullscreen data-no-lazy=\"1\" data-skipgform_ajax_framebjll=\"\"><\/iframe><\/div>\n<\/div><\/figure>\n\n\n\n<p><strong>Organizar la lucha<\/strong><\/p>\n\n\n\n<p>El acto tuvo la palabra de numerosos dirigentes que alentaron la construcci\u00f3n de una agenda de unidad, frente a la crisis que d\u00eda a d\u00eda afecta con fuerza a las familias de nuestro pa\u00eds. \u201cQuiero saludar que no hemos perdido la calle que es el lugar natural para la calle trabajadora. Con alegr\u00eda vamos a cambiar la realidad\u201d, comenz\u00f3 Giuliani al cerrar el acto.<\/p>\n\n\n\n<p>Y remarc\u00f3 que \u201ceste gremio y esta central demuestran est\u00e1n al lado de las y los trabajadores, como lo hicimos en loa pandemia\u201d.<\/p>\n\n\n\n<figure class=\"wp-block-gallery has-nested-images columns-default is-cropped wp-block-gallery-3 is-layout-flex wp-block-gallery-is-layout-flex\">\n<figure class=\"wp-block-image size-large is-style-default\"><img loading=\"lazy\" decoding=\"async\" width=\"1024\" height=\"576\" data-id=\"32041\" src=\"https:\/\/atecordoba.org\/wp-content\/uploads\/2022\/05\/20220524_112843-1024x576.jpg\" alt=\"\" class=\"wp-image-32041\" srcset=\"https:\/\/atecordoba.org\/wp-content\/uploads\/2022\/05\/20220524_112843-1024x576.jpg 1024w, https:\/\/atecordoba.org\/wp-content\/uploads\/2022\/05\/20220524_112843-300x169.jpg 300w, https:\/\/atecordoba.org\/wp-content\/uploads\/2022\/05\/20220524_112843-768x432.jpg 768w, https:\/\/atecordoba.org\/wp-content\/uploads\/2022\/05\/20220524_112843-1536x864.jpg 1536w, https:\/\/atecordoba.org\/wp-content\/uploads\/2022\/05\/20220524_112843-2048x1152.jpg 2048w, https:\/\/atecordoba.org\/wp-content\/uploads\/2022\/05\/20220524_112843-750x422.jpg 750w, https:\/\/atecordoba.org\/wp-content\/uploads\/2022\/05\/20220524_112843-1140x641.jpg 1140w\" sizes=\"auto, (max-width: 1024px) 100vw, 1024px\" \/><\/figure>\n\n\n\n<figure class=\"wp-block-image size-large is-style-default\"><img loading=\"lazy\" decoding=\"async\" width=\"1024\" height=\"576\" data-id=\"32039\" src=\"https:\/\/atecordoba.org\/wp-content\/uploads\/2022\/05\/WhatsApp-Image-2022-05-24-at-1.05.40-PM-1-1024x576.jpeg\" alt=\"\" class=\"wp-image-32039\" srcset=\"https:\/\/atecordoba.org\/wp-content\/uploads\/2022\/05\/WhatsApp-Image-2022-05-24-at-1.05.40-PM-1-1024x576.jpeg 1024w, https:\/\/atecordoba.org\/wp-content\/uploads\/2022\/05\/WhatsApp-Image-2022-05-24-at-1.05.40-PM-1-300x169.jpeg 300w, https:\/\/atecordoba.org\/wp-content\/uploads\/2022\/05\/WhatsApp-Image-2022-05-24-at-1.05.40-PM-1-768x432.jpeg 768w, https:\/\/atecordoba.org\/wp-content\/uploads\/2022\/05\/WhatsApp-Image-2022-05-24-at-1.05.40-PM-1-1536x864.jpeg 1536w, https:\/\/atecordoba.org\/wp-content\/uploads\/2022\/05\/WhatsApp-Image-2022-05-24-at-1.05.40-PM-1-750x422.jpeg 750w, https:\/\/atecordoba.org\/wp-content\/uploads\/2022\/05\/WhatsApp-Image-2022-05-24-at-1.05.40-PM-1-1140x641.jpeg 1140w, https:\/\/atecordoba.org\/wp-content\/uploads\/2022\/05\/WhatsApp-Image-2022-05-24-at-1.05.40-PM-1.jpeg 1600w\" sizes=\"auto, (max-width: 1024px) 100vw, 1024px\" \/><\/figure>\n\n\n\n<figure class=\"wp-block-image size-large is-style-default\"><img loading=\"lazy\" decoding=\"async\" width=\"1024\" height=\"576\" data-id=\"32040\" src=\"https:\/\/atecordoba.org\/wp-content\/uploads\/2022\/05\/WhatsApp-Image-2022-05-24-at-1.05.40-PM-1024x576.jpeg\" alt=\"\" class=\"wp-image-32040\" srcset=\"https:\/\/atecordoba.org\/wp-content\/uploads\/2022\/05\/WhatsApp-Image-2022-05-24-at-1.05.40-PM-1024x576.jpeg 1024w, https:\/\/atecordoba.org\/wp-content\/uploads\/2022\/05\/WhatsApp-Image-2022-05-24-at-1.05.40-PM-300x169.jpeg 300w, https:\/\/atecordoba.org\/wp-content\/uploads\/2022\/05\/WhatsApp-Image-2022-05-24-at-1.05.40-PM-768x432.jpeg 768w, https:\/\/atecordoba.org\/wp-content\/uploads\/2022\/05\/WhatsApp-Image-2022-05-24-at-1.05.40-PM-1536x864.jpeg 1536w, https:\/\/atecordoba.org\/wp-content\/uploads\/2022\/05\/WhatsApp-Image-2022-05-24-at-1.05.40-PM-750x422.jpeg 750w, https:\/\/atecordoba.org\/wp-content\/uploads\/2022\/05\/WhatsApp-Image-2022-05-24-at-1.05.40-PM-1140x641.jpeg 1140w, https:\/\/atecordoba.org\/wp-content\/uploads\/2022\/05\/WhatsApp-Image-2022-05-24-at-1.05.40-PM.jpeg 1600w\" sizes=\"auto, (max-width: 1024px) 100vw, 1024px\" \/><\/figure>\n<\/figure>\n\n\n\n<p>El dirigente repudi\u00f3 el pago de la deuda externa acordado recientemente por el gobierno del Presidente Alberto Fern\u00e1ndez e insisti\u00f3 que \u201cla deuda sigue siendo interna, hacia adentro, en cada barriada, en cada rinc\u00f3n de nuestra patria\u201d. &nbsp;Y reclam\u00f3 al gobernador Schiaretti que diga \u201cqu\u00e9 va a hacer con el Ministerio de Trabajo cerrado y operando para las patronales que no recibe a los gremios de la CTA, qu\u00e9 va a hacer con la precarizaci\u00f3n laboral en el estado provincial, qu\u00e9 va a hacer con la autov\u00eda que va a devastar nuestro ambiente\u201d.<\/p>\n\n\n\n<p>Seguidamente, verti\u00f3 numerosos conceptos en aras de lograr la unidad de la clase trabajadora \u201cya que hoy hay cuatro actos en C\u00f3rdoba y eso desperdicia fuerza mientras en El Panal (casa de gobierno) se juntan para definir cada d\u00eda que da\u00f1o nos pueden hacer a los trabajadores y trabajadoras y nos sacan el pan de nuestras mesas\u201d.<\/p>\n\n\n\n<figure class=\"wp-block-gallery has-nested-images columns-default is-cropped wp-block-gallery-4 is-layout-flex wp-block-gallery-is-layout-flex\">\n<figure class=\"wp-block-image size-large is-style-default\"><img loading=\"lazy\" decoding=\"async\" width=\"1024\" height=\"576\" data-id=\"32047\" src=\"https:\/\/atecordoba.org\/wp-content\/uploads\/2022\/05\/20220524_113111-1024x576.jpg\" alt=\"\" class=\"wp-image-32047\" srcset=\"https:\/\/atecordoba.org\/wp-content\/uploads\/2022\/05\/20220524_113111-1024x576.jpg 1024w, https:\/\/atecordoba.org\/wp-content\/uploads\/2022\/05\/20220524_113111-300x169.jpg 300w, https:\/\/atecordoba.org\/wp-content\/uploads\/2022\/05\/20220524_113111-768x432.jpg 768w, https:\/\/atecordoba.org\/wp-content\/uploads\/2022\/05\/20220524_113111-1536x864.jpg 1536w, https:\/\/atecordoba.org\/wp-content\/uploads\/2022\/05\/20220524_113111-2048x1152.jpg 2048w, https:\/\/atecordoba.org\/wp-content\/uploads\/2022\/05\/20220524_113111-750x422.jpg 750w, https:\/\/atecordoba.org\/wp-content\/uploads\/2022\/05\/20220524_113111-1140x641.jpg 1140w\" sizes=\"auto, (max-width: 1024px) 100vw, 1024px\" \/><\/figure>\n\n\n\n<figure class=\"wp-block-image size-large is-style-default\"><img loading=\"lazy\" decoding=\"async\" width=\"1024\" height=\"576\" data-id=\"32046\" src=\"https:\/\/atecordoba.org\/wp-content\/uploads\/2022\/05\/WhatsApp-Image-2022-05-24-at-1.05.40-PM-2-1024x576.jpeg\" alt=\"\" class=\"wp-image-32046\" srcset=\"https:\/\/atecordoba.org\/wp-content\/uploads\/2022\/05\/WhatsApp-Image-2022-05-24-at-1.05.40-PM-2-1024x576.jpeg 1024w, https:\/\/atecordoba.org\/wp-content\/uploads\/2022\/05\/WhatsApp-Image-2022-05-24-at-1.05.40-PM-2-300x169.jpeg 300w, https:\/\/atecordoba.org\/wp-content\/uploads\/2022\/05\/WhatsApp-Image-2022-05-24-at-1.05.40-PM-2-768x432.jpeg 768w, https:\/\/atecordoba.org\/wp-content\/uploads\/2022\/05\/WhatsApp-Image-2022-05-24-at-1.05.40-PM-2-1536x864.jpeg 1536w, https:\/\/atecordoba.org\/wp-content\/uploads\/2022\/05\/WhatsApp-Image-2022-05-24-at-1.05.40-PM-2-750x422.jpeg 750w, https:\/\/atecordoba.org\/wp-content\/uploads\/2022\/05\/WhatsApp-Image-2022-05-24-at-1.05.40-PM-2-1140x641.jpeg 1140w, https:\/\/atecordoba.org\/wp-content\/uploads\/2022\/05\/WhatsApp-Image-2022-05-24-at-1.05.40-PM-2.jpeg 1600w\" sizes=\"auto, (max-width: 1024px) 100vw, 1024px\" \/><\/figure>\n\n\n\n<figure class=\"wp-block-image size-large is-style-default\"><img loading=\"lazy\" decoding=\"async\" width=\"1024\" height=\"461\" data-id=\"32045\" src=\"https:\/\/atecordoba.org\/wp-content\/uploads\/2022\/05\/WhatsApp-Image-2022-05-24-at-1.05.41-PM-copia-1024x461.jpeg\" alt=\"\" class=\"wp-image-32045\" srcset=\"https:\/\/atecordoba.org\/wp-content\/uploads\/2022\/05\/WhatsApp-Image-2022-05-24-at-1.05.41-PM-copia-1024x461.jpeg 1024w, https:\/\/atecordoba.org\/wp-content\/uploads\/2022\/05\/WhatsApp-Image-2022-05-24-at-1.05.41-PM-copia-300x135.jpeg 300w, https:\/\/atecordoba.org\/wp-content\/uploads\/2022\/05\/WhatsApp-Image-2022-05-24-at-1.05.41-PM-copia-768x346.jpeg 768w, https:\/\/atecordoba.org\/wp-content\/uploads\/2022\/05\/WhatsApp-Image-2022-05-24-at-1.05.41-PM-copia-1536x691.jpeg 1536w, https:\/\/atecordoba.org\/wp-content\/uploads\/2022\/05\/WhatsApp-Image-2022-05-24-at-1.05.41-PM-copia-750x338.jpeg 750w, https:\/\/atecordoba.org\/wp-content\/uploads\/2022\/05\/WhatsApp-Image-2022-05-24-at-1.05.41-PM-copia-1140x513.jpeg 1140w, https:\/\/atecordoba.org\/wp-content\/uploads\/2022\/05\/WhatsApp-Image-2022-05-24-at-1.05.41-PM-copia.jpeg 1600w\" sizes=\"auto, (max-width: 1024px) 100vw, 1024px\" \/><\/figure>\n<\/figure>\n\n\n\n<p>En esa l\u00ednea, Giuliani pidi\u00f3 que los presentes se expresen en favor de continuar construyendo unidad. \u201cEsta asamblea popular tiene que definir un plan de acci\u00f3n en la m\u00e1xima unidad que demuestre en la calle que a pesar de los golpes no nos han vencido. Tenemos que dejar de lado las diferencias secundarias, incluso dentro de nuestras propias organizaciones, que nos desangran. Hay que estar a la altura del momento hist\u00f3rico y el dirigente que no lo est\u00e9 a la altura que d\u00e9 un paso al costado. Adelante siempre est\u00e1 la organizaci\u00f3n, la unidad el proyecto pol\u00edtico\u201d.<\/p>\n\n\n\n<p>En ese momento, se realiz\u00f3 una votaci\u00f3n general donde las y los compa\u00f1eros resolvieron convocarse este jueves 26 de mayo, a las 14 horas en ATE para organizar un gran plenario que discuta un gran paro provincial.<\/p>\n\n\n\n<p>\u201cLa \u00fanica diferencia, como dec\u00eda Agust\u00edn Tosco, es entre los que se juntan para dividir y destruir y los que nos juntamos para construir y hacer unidad\u201d, finaliz\u00f3 Giuliani.<\/p>\n\n\n\n<figure class=\"wp-block-gallery has-nested-images columns-default is-cropped wp-block-gallery-5 is-layout-flex wp-block-gallery-is-layout-flex\">\n<figure class=\"wp-block-image size-large is-style-default\"><img loading=\"lazy\" decoding=\"async\" width=\"576\" height=\"1024\" data-id=\"32051\" src=\"https:\/\/atecordoba.org\/wp-content\/uploads\/2022\/05\/20220524_103249-576x1024.jpg\" alt=\"\" class=\"wp-image-32051\" srcset=\"https:\/\/atecordoba.org\/wp-content\/uploads\/2022\/05\/20220524_103249-576x1024.jpg 576w, https:\/\/atecordoba.org\/wp-content\/uploads\/2022\/05\/20220524_103249-169x300.jpg 169w, https:\/\/atecordoba.org\/wp-content\/uploads\/2022\/05\/20220524_103249-768x1365.jpg 768w, https:\/\/atecordoba.org\/wp-content\/uploads\/2022\/05\/20220524_103249-864x1536.jpg 864w, https:\/\/atecordoba.org\/wp-content\/uploads\/2022\/05\/20220524_103249-1152x2048.jpg 1152w, https:\/\/atecordoba.org\/wp-content\/uploads\/2022\/05\/20220524_103249-750x1333.jpg 750w, https:\/\/atecordoba.org\/wp-content\/uploads\/2022\/05\/20220524_103249-1140x2027.jpg 1140w, https:\/\/atecordoba.org\/wp-content\/uploads\/2022\/05\/20220524_103249-rotated.jpg 1440w\" sizes=\"auto, (max-width: 576px) 100vw, 576px\" \/><\/figure>\n\n\n\n<figure class=\"wp-block-image size-large is-style-default\"><img loading=\"lazy\" decoding=\"async\" width=\"1024\" height=\"576\" data-id=\"32050\" src=\"https:\/\/atecordoba.org\/wp-content\/uploads\/2022\/05\/20220524_103253-1024x576.jpg\" alt=\"\" class=\"wp-image-32050\" srcset=\"https:\/\/atecordoba.org\/wp-content\/uploads\/2022\/05\/20220524_103253-1024x576.jpg 1024w, https:\/\/atecordoba.org\/wp-content\/uploads\/2022\/05\/20220524_103253-300x169.jpg 300w, https:\/\/atecordoba.org\/wp-content\/uploads\/2022\/05\/20220524_103253-768x432.jpg 768w, https:\/\/atecordoba.org\/wp-content\/uploads\/2022\/05\/20220524_103253-1536x864.jpg 1536w, https:\/\/atecordoba.org\/wp-content\/uploads\/2022\/05\/20220524_103253-2048x1152.jpg 2048w, https:\/\/atecordoba.org\/wp-content\/uploads\/2022\/05\/20220524_103253-750x422.jpg 750w, https:\/\/atecordoba.org\/wp-content\/uploads\/2022\/05\/20220524_103253-1140x641.jpg 1140w\" sizes=\"auto, (max-width: 1024px) 100vw, 1024px\" \/><\/figure>\n\n\n\n<figure class=\"wp-block-image size-large is-style-default\"><img loading=\"lazy\" decoding=\"async\" width=\"1024\" height=\"576\" data-id=\"32053\" src=\"https:\/\/atecordoba.org\/wp-content\/uploads\/2022\/05\/20220524_113111-1-1024x576.jpg\" alt=\"\" class=\"wp-image-32053\" srcset=\"https:\/\/atecordoba.org\/wp-content\/uploads\/2022\/05\/20220524_113111-1-1024x576.jpg 1024w, https:\/\/atecordoba.org\/wp-content\/uploads\/2022\/05\/20220524_113111-1-300x169.jpg 300w, https:\/\/atecordoba.org\/wp-content\/uploads\/2022\/05\/20220524_113111-1-768x432.jpg 768w, https:\/\/atecordoba.org\/wp-content\/uploads\/2022\/05\/20220524_113111-1-1536x864.jpg 1536w, https:\/\/atecordoba.org\/wp-content\/uploads\/2022\/05\/20220524_113111-1-2048x1152.jpg 2048w, https:\/\/atecordoba.org\/wp-content\/uploads\/2022\/05\/20220524_113111-1-750x422.jpg 750w, https:\/\/atecordoba.org\/wp-content\/uploads\/2022\/05\/20220524_113111-1-1140x641.jpg 1140w\" sizes=\"auto, (max-width: 1024px) 100vw, 1024px\" \/><\/figure>\n\n\n\n<figure class=\"wp-block-image size-large is-style-default\"><img loading=\"lazy\" decoding=\"async\" width=\"1024\" height=\"576\" data-id=\"32049\" src=\"https:\/\/atecordoba.org\/wp-content\/uploads\/2022\/05\/WhatsApp-Image-2022-05-24-at-1.05.40-PM-2-1-1024x576.jpeg\" alt=\"\" class=\"wp-image-32049\" srcset=\"https:\/\/atecordoba.org\/wp-content\/uploads\/2022\/05\/WhatsApp-Image-2022-05-24-at-1.05.40-PM-2-1-1024x576.jpeg 1024w, https:\/\/atecordoba.org\/wp-content\/uploads\/2022\/05\/WhatsApp-Image-2022-05-24-at-1.05.40-PM-2-1-300x169.jpeg 300w, https:\/\/atecordoba.org\/wp-content\/uploads\/2022\/05\/WhatsApp-Image-2022-05-24-at-1.05.40-PM-2-1-768x432.jpeg 768w, https:\/\/atecordoba.org\/wp-content\/uploads\/2022\/05\/WhatsApp-Image-2022-05-24-at-1.05.40-PM-2-1-1536x864.jpeg 1536w, https:\/\/atecordoba.org\/wp-content\/uploads\/2022\/05\/WhatsApp-Image-2022-05-24-at-1.05.40-PM-2-1-750x422.jpeg 750w, https:\/\/atecordoba.org\/wp-content\/uploads\/2022\/05\/WhatsApp-Image-2022-05-24-at-1.05.40-PM-2-1-1140x641.jpeg 1140w, https:\/\/atecordoba.org\/wp-content\/uploads\/2022\/05\/WhatsApp-Image-2022-05-24-at-1.05.40-PM-2-1.jpeg 1600w\" sizes=\"auto, (max-width: 1024px) 100vw, 1024px\" \/><\/figure>\n\n\n\n<figure class=\"wp-block-image size-large is-style-default\"><img loading=\"lazy\" decoding=\"async\" width=\"1024\" height=\"461\" data-id=\"32048\" src=\"https:\/\/atecordoba.org\/wp-content\/uploads\/2022\/05\/WhatsApp-Image-2022-05-24-at-1.05.41-PM-copia-1-1024x461.jpeg\" alt=\"\" class=\"wp-image-32048\" srcset=\"https:\/\/atecordoba.org\/wp-content\/uploads\/2022\/05\/WhatsApp-Image-2022-05-24-at-1.05.41-PM-copia-1-1024x461.jpeg 1024w, https:\/\/atecordoba.org\/wp-content\/uploads\/2022\/05\/WhatsApp-Image-2022-05-24-at-1.05.41-PM-copia-1-300x135.jpeg 300w, https:\/\/atecordoba.org\/wp-content\/uploads\/2022\/05\/WhatsApp-Image-2022-05-24-at-1.05.41-PM-copia-1-768x346.jpeg 768w, https:\/\/atecordoba.org\/wp-content\/uploads\/2022\/05\/WhatsApp-Image-2022-05-24-at-1.05.41-PM-copia-1-1536x691.jpeg 1536w, https:\/\/atecordoba.org\/wp-content\/uploads\/2022\/05\/WhatsApp-Image-2022-05-24-at-1.05.41-PM-copia-1-750x338.jpeg 750w, https:\/\/atecordoba.org\/wp-content\/uploads\/2022\/05\/WhatsApp-Image-2022-05-24-at-1.05.41-PM-copia-1-1140x513.jpeg 1140w, https:\/\/atecordoba.org\/wp-content\/uploads\/2022\/05\/WhatsApp-Image-2022-05-24-at-1.05.41-PM-copia-1.jpeg 1600w\" sizes=\"auto, (max-width: 1024px) 100vw, 1024px\" \/><\/figure>\n\n\n\n<figure class=\"wp-block-image size-large is-style-default\"><img loading=\"lazy\" decoding=\"async\" width=\"1024\" height=\"576\" data-id=\"32059\" src=\"https:\/\/atecordoba.org\/wp-content\/uploads\/2022\/05\/20220524_101630-1024x576.jpg\" alt=\"\" class=\"wp-image-32059\" srcset=\"https:\/\/atecordoba.org\/wp-content\/uploads\/2022\/05\/20220524_101630-1024x576.jpg 1024w, https:\/\/atecordoba.org\/wp-content\/uploads\/2022\/05\/20220524_101630-300x169.jpg 300w, https:\/\/atecordoba.org\/wp-content\/uploads\/2022\/05\/20220524_101630-768x432.jpg 768w, https:\/\/atecordoba.org\/wp-content\/uploads\/2022\/05\/20220524_101630-1536x864.jpg 1536w, https:\/\/atecordoba.org\/wp-content\/uploads\/2022\/05\/20220524_101630-2048x1152.jpg 2048w, https:\/\/atecordoba.org\/wp-content\/uploads\/2022\/05\/20220524_101630-750x422.jpg 750w, https:\/\/atecordoba.org\/wp-content\/uploads\/2022\/05\/20220524_101630-1140x641.jpg 1140w\" sizes=\"auto, (max-width: 1024px) 100vw, 1024px\" \/><\/figure>\n\n\n\n<figure class=\"wp-block-image size-large is-style-default\"><img loading=\"lazy\" decoding=\"async\" width=\"1024\" height=\"576\" data-id=\"32056\" src=\"https:\/\/atecordoba.org\/wp-content\/uploads\/2022\/05\/20220524_101649-1024x576.jpg\" alt=\"\" class=\"wp-image-32056\" srcset=\"https:\/\/atecordoba.org\/wp-content\/uploads\/2022\/05\/20220524_101649-1024x576.jpg 1024w, https:\/\/atecordoba.org\/wp-content\/uploads\/2022\/05\/20220524_101649-300x169.jpg 300w, https:\/\/atecordoba.org\/wp-content\/uploads\/2022\/05\/20220524_101649-768x432.jpg 768w, https:\/\/atecordoba.org\/wp-content\/uploads\/2022\/05\/20220524_101649-1536x864.jpg 1536w, https:\/\/atecordoba.org\/wp-content\/uploads\/2022\/05\/20220524_101649-2048x1152.jpg 2048w, https:\/\/atecordoba.org\/wp-content\/uploads\/2022\/05\/20220524_101649-750x422.jpg 750w, https:\/\/atecordoba.org\/wp-content\/uploads\/2022\/05\/20220524_101649-1140x641.jpg 1140w\" sizes=\"auto, (max-width: 1024px) 100vw, 1024px\" \/><\/figure>\n\n\n\n<figure class=\"wp-block-image size-large is-style-default\"><img loading=\"lazy\" decoding=\"async\" width=\"1024\" height=\"576\" data-id=\"32054\" src=\"https:\/\/atecordoba.org\/wp-content\/uploads\/2022\/05\/20220524_101716-1024x576.jpg\" alt=\"\" class=\"wp-image-32054\" srcset=\"https:\/\/atecordoba.org\/wp-content\/uploads\/2022\/05\/20220524_101716-1024x576.jpg 1024w, https:\/\/atecordoba.org\/wp-content\/uploads\/2022\/05\/20220524_101716-300x169.jpg 300w, https:\/\/atecordoba.org\/wp-content\/uploads\/2022\/05\/20220524_101716-768x432.jpg 768w, https:\/\/atecordoba.org\/wp-content\/uploads\/2022\/05\/20220524_101716-1536x864.jpg 1536w, https:\/\/atecordoba.org\/wp-content\/uploads\/2022\/05\/20220524_101716-2048x1152.jpg 2048w, https:\/\/atecordoba.org\/wp-content\/uploads\/2022\/05\/20220524_101716-750x422.jpg 750w, https:\/\/atecordoba.org\/wp-content\/uploads\/2022\/05\/20220524_101716-1140x641.jpg 1140w\" sizes=\"auto, (max-width: 1024px) 100vw, 1024px\" \/><\/figure>\n\n\n\n<figure class=\"wp-block-image size-large is-style-default\"><img loading=\"lazy\" decoding=\"async\" width=\"1024\" height=\"576\" data-id=\"32058\" src=\"https:\/\/atecordoba.org\/wp-content\/uploads\/2022\/05\/20220524_101748-1-1024x576.jpg\" alt=\"\" class=\"wp-image-32058\" srcset=\"https:\/\/atecordoba.org\/wp-content\/uploads\/2022\/05\/20220524_101748-1-1024x576.jpg 1024w, https:\/\/atecordoba.org\/wp-content\/uploads\/2022\/05\/20220524_101748-1-300x169.jpg 300w, https:\/\/atecordoba.org\/wp-content\/uploads\/2022\/05\/20220524_101748-1-768x432.jpg 768w, https:\/\/atecordoba.org\/wp-content\/uploads\/2022\/05\/20220524_101748-1-1536x864.jpg 1536w, https:\/\/atecordoba.org\/wp-content\/uploads\/2022\/05\/20220524_101748-1-2048x1152.jpg 2048w, https:\/\/atecordoba.org\/wp-content\/uploads\/2022\/05\/20220524_101748-1-750x422.jpg 750w, https:\/\/atecordoba.org\/wp-content\/uploads\/2022\/05\/20220524_101748-1-1140x641.jpg 1140w\" sizes=\"auto, (max-width: 1024px) 100vw, 1024px\" \/><\/figure>\n\n\n\n<figure class=\"wp-block-image size-large is-style-default\"><img loading=\"lazy\" decoding=\"async\" width=\"1024\" height=\"576\" data-id=\"32052\" src=\"https:\/\/atecordoba.org\/wp-content\/uploads\/2022\/05\/20220524_101827-1024x576.jpg\" alt=\"\" class=\"wp-image-32052\" srcset=\"https:\/\/atecordoba.org\/wp-content\/uploads\/2022\/05\/20220524_101827-1024x576.jpg 1024w, https:\/\/atecordoba.org\/wp-content\/uploads\/2022\/05\/20220524_101827-300x169.jpg 300w, https:\/\/atecordoba.org\/wp-content\/uploads\/2022\/05\/20220524_101827-768x432.jpg 768w, https:\/\/atecordoba.org\/wp-content\/uploads\/2022\/05\/20220524_101827-1536x864.jpg 1536w, https:\/\/atecordoba.org\/wp-content\/uploads\/2022\/05\/20220524_101827-2048x1152.jpg 2048w, https:\/\/atecordoba.org\/wp-content\/uploads\/2022\/05\/20220524_101827-750x422.jpg 750w, https:\/\/atecordoba.org\/wp-content\/uploads\/2022\/05\/20220524_101827-1140x641.jpg 1140w\" sizes=\"auto, (max-width: 1024px) 100vw, 1024px\" \/><\/figure>\n\n\n\n<figure class=\"wp-block-image size-large is-style-default\"><img loading=\"lazy\" decoding=\"async\" width=\"1024\" height=\"576\" data-id=\"32055\" src=\"https:\/\/atecordoba.org\/wp-content\/uploads\/2022\/05\/20220524_101921-1024x576.jpg\" alt=\"\" class=\"wp-image-32055\" srcset=\"https:\/\/atecordoba.org\/wp-content\/uploads\/2022\/05\/20220524_101921-1024x576.jpg 1024w, https:\/\/atecordoba.org\/wp-content\/uploads\/2022\/05\/20220524_101921-300x169.jpg 300w, https:\/\/atecordoba.org\/wp-content\/uploads\/2022\/05\/20220524_101921-768x432.jpg 768w, https:\/\/atecordoba.org\/wp-content\/uploads\/2022\/05\/20220524_101921-1536x864.jpg 1536w, https:\/\/atecordoba.org\/wp-content\/uploads\/2022\/05\/20220524_101921-2048x1152.jpg 2048w, https:\/\/atecordoba.org\/wp-content\/uploads\/2022\/05\/20220524_101921-750x422.jpg 750w, https:\/\/atecordoba.org\/wp-content\/uploads\/2022\/05\/20220524_101921-1140x641.jpg 1140w\" sizes=\"auto, (max-width: 1024px) 100vw, 1024px\" \/><\/figure>\n\n\n\n<figure class=\"wp-block-image size-large is-style-default\"><img loading=\"lazy\" decoding=\"async\" width=\"1024\" height=\"576\" data-id=\"32057\" src=\"https:\/\/atecordoba.org\/wp-content\/uploads\/2022\/05\/20220524_102141-1024x576.jpg\" alt=\"\" class=\"wp-image-32057\" srcset=\"https:\/\/atecordoba.org\/wp-content\/uploads\/2022\/05\/20220524_102141-1024x576.jpg 1024w, https:\/\/atecordoba.org\/wp-content\/uploads\/2022\/05\/20220524_102141-300x169.jpg 300w, https:\/\/atecordoba.org\/wp-content\/uploads\/2022\/05\/20220524_102141-768x432.jpg 768w, https:\/\/atecordoba.org\/wp-content\/uploads\/2022\/05\/20220524_102141-1536x864.jpg 1536w, https:\/\/atecordoba.org\/wp-content\/uploads\/2022\/05\/20220524_102141-2048x1152.jpg 2048w, https:\/\/atecordoba.org\/wp-content\/uploads\/2022\/05\/20220524_102141-750x422.jpg 750w, https:\/\/atecordoba.org\/wp-content\/uploads\/2022\/05\/20220524_102141-1140x641.jpg 1140w\" sizes=\"auto, (max-width: 1024px) 100vw, 1024px\" \/><\/figure>\n\n\n\n<figure class=\"wp-block-image size-large is-style-default\"><img loading=\"lazy\" decoding=\"async\" width=\"1024\" height=\"576\" data-id=\"32060\" src=\"https:\/\/atecordoba.org\/wp-content\/uploads\/2022\/05\/20220524_102311-1024x576.jpg\" alt=\"\" class=\"wp-image-32060\" srcset=\"https:\/\/atecordoba.org\/wp-content\/uploads\/2022\/05\/20220524_102311-1024x576.jpg 1024w, https:\/\/atecordoba.org\/wp-content\/uploads\/2022\/05\/20220524_102311-300x169.jpg 300w, https:\/\/atecordoba.org\/wp-content\/uploads\/2022\/05\/20220524_102311-768x432.jpg 768w, https:\/\/atecordoba.org\/wp-content\/uploads\/2022\/05\/20220524_102311-1536x864.jpg 1536w, https:\/\/atecordoba.org\/wp-content\/uploads\/2022\/05\/20220524_102311-2048x1152.jpg 2048w, https:\/\/atecordoba.org\/wp-content\/uploads\/2022\/05\/20220524_102311-750x422.jpg 750w, https:\/\/atecordoba.org\/wp-content\/uploads\/2022\/05\/20220524_102311-1140x641.jpg 1140w\" sizes=\"auto, (max-width: 1024px) 100vw, 1024px\" \/><\/figure>\n\n\n\n<figure class=\"wp-block-image size-large is-style-default\"><img loading=\"lazy\" decoding=\"async\" width=\"576\" height=\"1024\" data-id=\"32062\" src=\"https:\/\/atecordoba.org\/wp-content\/uploads\/2022\/05\/20220524_103218-576x1024.jpg\" alt=\"\" class=\"wp-image-32062\" srcset=\"https:\/\/atecordoba.org\/wp-content\/uploads\/2022\/05\/20220524_103218-576x1024.jpg 576w, https:\/\/atecordoba.org\/wp-content\/uploads\/2022\/05\/20220524_103218-169x300.jpg 169w, https:\/\/atecordoba.org\/wp-content\/uploads\/2022\/05\/20220524_103218-768x1365.jpg 768w, https:\/\/atecordoba.org\/wp-content\/uploads\/2022\/05\/20220524_103218-864x1536.jpg 864w, https:\/\/atecordoba.org\/wp-content\/uploads\/2022\/05\/20220524_103218-1152x2048.jpg 1152w, https:\/\/atecordoba.org\/wp-content\/uploads\/2022\/05\/20220524_103218-750x1333.jpg 750w, https:\/\/atecordoba.org\/wp-content\/uploads\/2022\/05\/20220524_103218-1140x2027.jpg 1140w, https:\/\/atecordoba.org\/wp-content\/uploads\/2022\/05\/20220524_103218-scaled.jpg 1440w\" sizes=\"auto, (max-width: 576px) 100vw, 576px\" \/><\/figure>\n\n\n\n<figure class=\"wp-block-image size-large is-style-default\"><img loading=\"lazy\" decoding=\"async\" width=\"576\" height=\"1024\" data-id=\"32061\" src=\"https:\/\/atecordoba.org\/wp-content\/uploads\/2022\/05\/20220524_103224-576x1024.jpg\" alt=\"\" class=\"wp-image-32061\" srcset=\"https:\/\/atecordoba.org\/wp-content\/uploads\/2022\/05\/20220524_103224-576x1024.jpg 576w, https:\/\/atecordoba.org\/wp-content\/uploads\/2022\/05\/20220524_103224-169x300.jpg 169w, https:\/\/atecordoba.org\/wp-content\/uploads\/2022\/05\/20220524_103224-768x1365.jpg 768w, https:\/\/atecordoba.org\/wp-content\/uploads\/2022\/05\/20220524_103224-864x1536.jpg 864w, https:\/\/atecordoba.org\/wp-content\/uploads\/2022\/05\/20220524_103224-1152x2048.jpg 1152w, https:\/\/atecordoba.org\/wp-content\/uploads\/2022\/05\/20220524_103224-750x1333.jpg 750w, https:\/\/atecordoba.org\/wp-content\/uploads\/2022\/05\/20220524_103224-1140x2027.jpg 1140w, https:\/\/atecordoba.org\/wp-content\/uploads\/2022\/05\/20220524_103224-scaled.jpg 1440w\" sizes=\"auto, (max-width: 576px) 100vw, 576px\" \/><\/figure>\n<\/figure>\n","protected":false},"excerpt":{"rendered":"<p>Hoy se llev\u00f3 a cabo una hist\u00f3rica movilizaci\u00f3n en la capital provincial en el marco del paro que decret\u00f3 ATE C\u00f3rdoba en todas las dependencias oficiales, conjuntamente con la movilizaci\u00f3n de organizaciones que integran la CTA Aut\u00f3noma y las organizaciones sociales Corriente Clasista y Combativa (CCC) y el Polo Obrero. Nuestra Central hab\u00eda resuelto una [&hellip;]<\/p>\n","protected":false},"author":7,"featured_media":32032,"comment_status":"open","ping_status":"open","sticky":false,"template":"","format":"standard","meta":{"_exactmetrics_skip_tracking":false,"_exactmetrics_sitenote_active":false,"_exactmetrics_sitenote_note":"","_exactmetrics_sitenote_category":0,"jnews-multi-image_gallery":[],"jnews_single_post":{"subtitle":"En el marco de la Jornada Nacional de Lucha de la CTAA, se realiz\u00f3 el Cabildo Abierto convocado por el Consejo Directivo Provincial. Una multitudinaria asamblea popular resolvi\u00f3 convocarse en un plenario en ATE el jueves pr\u00f3ximo para avanzar hac\u00eda un paro general en C\u00f3rdoba. \u201cUnidad para construir contra las mezquindades que destruyen\u201d, alent\u00f3 Federico Giuliani en el acto central.","format":"standard","video":"","gallery":"","source_name":"","source_url":"","via_name":"","via_url":"","override_template":"0","override":[{"template":"1","single_blog_custom":"","parallax":"1","fullscreen":"1","layout":"right-sidebar","sidebar":"default-sidebar","second_sidebar":"default-sidebar","sticky_sidebar":"1","share_position":"top","share_float_style":"share-monocrhome","show_share_counter":"1","show_view_counter":"1","show_featured":"1","show_post_meta":"1","show_post_author":"1","show_post_author_image":"1","show_post_date":"1","post_date_format":"default","post_date_format_custom":"Y\/m\/d","show_post_category":"1","show_post_reading_time":"0","post_reading_time_wpm":"300","show_zoom_button":"0","zoom_button_out_step":"2","zoom_button_in_step":"3","show_post_tag":"1","show_prev_next_post":"1","show_popup_post":"1","number_popup_post":"1","show_author_box":"0","show_post_related":"0","show_inline_post_related":"0"}],"override_image_size":"0","image_override":[{"single_post_thumbnail_size":"crop-500","single_post_gallery_size":"crop-500"}],"trending_post":"0","trending_post_position":"meta","trending_post_label":"Trending","sponsored_post":"0","sponsored_post_label":"Sponsored by","sponsored_post_name":"","sponsored_post_url":"","sponsored_post_logo_enable":"0","sponsored_post_logo":"","sponsored_post_desc":"","disable_ad":"0"},"jnews_primary_category":{"id":""},"jnews_social_meta":{"fb_title":"Paro de ATE C\u00f3rdoba: hist\u00f3rica movilizaci\u00f3n junto a la CTAA y organizaciones sociales  ","fb_description":"","fb_image":"","twitter_title":"","twitter_description":"","twitter_image":""},"jnews_review":[],"enable_review":"0","type":"percentage","name":"","summary":"","brand":"","sku":"","good":[{"good_text":""}],"bad":[{"bad_text":""}],"score_override":"","override_value":"","rating":[{"rating_text":"","rating_number":"10"}],"price":[{"shop":"","price":"","link":"","icon":""}],"jnews_override_counter":{"override_view_counter":"0","view_counter_number":"0","override_share_counter":"0","share_counter_number":"0","override_like_counter":"0","like_counter_number":"0","override_dislike_counter":"0","dislike_counter_number":"0"},"jnews_post_split":{"enable_post_split":"0","post_split":[{"template":"1","tag":"h2","numbering":"asc","mode":"normal","first":"0","enable_toc":"0","toc_type":"normal"}]},"footnotes":""},"categories":[341,92],"tags":[352,656],"class_list":["post-32031","post","type-post","status-publish","format-standard","has-post-thumbnail","hentry","category-cdp","category-cta","tag-jornada-de-lucha","tag-paro-provincial"],"jetpack_featured_media_url":"https:\/\/atecordoba.org\/wp-content\/uploads\/2022\/05\/20220524_104632-scaled-e1653413131179.jpg","_links":{"self":[{"href":"https:\/\/atecordoba.org\/index.php?rest_route=\/wp\/v2\/posts\/32031","targetHints":{"allow":["GET"]}}],"collection":[{"href":"https:\/\/atecordoba.org\/index.php?rest_route=\/wp\/v2\/posts"}],"about":[{"href":"https:\/\/atecordoba.org\/index.php?rest_route=\/wp\/v2\/types\/post"}],"author":[{"embeddable":true,"href":"https:\/\/atecordoba.org\/index.php?rest_route=\/wp\/v2\/users\/7"}],"replies":[{"embeddable":true,"href":"https:\/\/atecordoba.org\/index.php?rest_route=%2Fwp%2Fv2%2Fcomments&post=32031"}],"version-history":[{"count":2,"href":"https:\/\/atecordoba.org\/index.php?rest_route=\/wp\/v2\/posts\/32031\/revisions"}],"predecessor-version":[{"id":32065,"href":"https:\/\/atecordoba.org\/index.php?rest_route=\/wp\/v2\/posts\/32031\/revisions\/32065"}],"wp:featuredmedia":[{"embeddable":true,"href":"https:\/\/atecordoba.org\/index.php?rest_route=\/wp\/v2\/media\/32032"}],"wp:attachment":[{"href":"https:\/\/atecordoba.org\/index.php?rest_route=%2Fwp%2Fv2%2Fmedia&parent=32031"}],"wp:term":[{"taxonomy":"category","embeddable":true,"href":"https:\/\/atecordoba.org\/index.php?rest_route=%2Fwp%2Fv2%2Fcategories&post=32031"},{"taxonomy":"post_tag","embeddable":true,"href":"https:\/\/atecordoba.org\/index.php?rest_route=%2Fwp%2Fv2%2Ftags&post=32031"}],"curies":[{"name":"wp","href":"https:\/\/api.w.org\/{rel}","templated":true}]}}